{"id":63779,"date":"2023-10-13T10:24:42","date_gmt":"2023-10-13T08:24:42","guid":{"rendered":"https:\/\/miradordeatarfe.es\/?p=63779"},"modified":"2023-10-11T18:00:16","modified_gmt":"2023-10-11T16:00:16","slug":"el-falso-desastre-ambiental-de-las-placas-solares","status":"publish","type":"post","link":"https:\/\/miradordeatarfe.es\/?p=63779","title":{"rendered":"El falso desastre ambiental de las placas solares"},"content":{"rendered":"<div class=\"a_de\" data-dtm-region=\"articulo_sumarioenlaces-despiece\">\n<div class=\"a_de_txt\">\n<h3 style=\"text-align: justify;\">Un \u201cecodesastre en espera\u201d, \u201cuna cat\u00e1strofe ecol\u00f3gica desconocida y gigantesca\u201d, \u201cun desastre ambiental\u201d del que \u201cnadie habla\u201d.<\/h3>\n<p style=\"text-align: justify;\">En los \u00faltimos d\u00edas, han aparecido diversos art\u00edculos en medios que se\u00f1alan a las placas solares como una supuesta bomba de efecto retardado que estallar\u00e1 cuando dentro de unos a\u00f1os se conviertan en residuos todos los paneles que se est\u00e1n colocando ahora. Esta hip\u00f3tesis es falsa por exagerada. \u00bfDe d\u00f3nde sale esta repentina alarma por las placas solares como residuo? El t\u00e9rmino \u201ceco-disaster\u201d aparece primero <a href=\"https:\/\/www.bbc.com\/news\/science-environment-65602519\" data-link-track-dtm=\"\" data-mrf-link=\"https:\/\/www.bbc.com\/news\/science-environment-65602519\">en un art\u00edculo en ingl\u00e9s de la BBC<\/a> del que luego derivan diversas <a href=\"https:\/\/www.tiempo.com\/noticias\/actualidad\/los-paneles-solares-pueden-causar-una-catastrofe-ecologica-desconocida-y-gigantesca.html\" data-link-track-dtm=\"\" data-mrf-link=\"https:\/\/www.tiempo.com\/noticias\/actualidad\/los-paneles-solares-pueden-causar-una-catastrofe-ecologica-desconocida-y-gigantesca.html\">versiones en espa\u00f1ol <\/a>y en todas estas publicaciones citan como principal fuente a Rong Deng, de la Universidad de Nueva Gales del Sur, en S\u00eddney (Australia), que ha calculado que actualmente hay alrededor de 2.500 millones de paneles solares en todo el mundo. En alguno de los art\u00edculos en espa\u00f1ol se asegura tambi\u00e9n que se trata de <a href=\"https:\/\/www.eleconomista.es\/energia\/noticias\/12327031\/06\/23\/los-placas-solares-podrian-causar-un-desastre-ambiental-el-inconveniente-del-que-nadie-habla-.html\" data-link-track-dtm=\"\" data-mrf-link=\"https:\/\/www.eleconomista.es\/energia\/noticias\/12327031\/06\/23\/los-placas-solares-podrian-causar-un-desastre-ambiental-el-inconveniente-del-que-nadie-habla-.html\">un doctor experto en reciclaje de paneles solares<\/a>. Sin embargo, en realidad ella es una investigadora y no est\u00e1 de acuerdo con esta visi\u00f3n catastr\u00f3fica.<\/p>\n<p style=\"text-align: justify;\">\u201cYo nunca he usado estas palabras tan fuertes, la energ\u00eda solar no es ning\u00fan ecodesastre\u201d, se queja Deng por tel\u00e9fono desde Australia. \u201cNecesitamos nuevas soluciones para gestionar los paneles solares una vez que termine su vida \u00fatil o sean reemplazados, pero esto ni siquiera se aproxima a un desastre, es simplemente un problema que necesitamos resolver\u201d. Seg\u00fan <a href=\"https:\/\/newsroom.unsw.edu.au\/news\/science-tech\/repair-reuse-and-recycle-dealing-solar-panels-end-their-useful-life\" data-link-track-dtm=\"\" data-mrf-link=\"https:\/\/newsroom.unsw.edu.au\/news\/science-tech\/repair-reuse-and-recycle-dealing-solar-panels-end-their-useful-life\">el trabajo de esta investigadora<\/a>, m\u00e1s del 95% de los materiales utilizados para fabricar un panel solar pueden ser reciclados, siendo las partes m\u00e1s valiosas el silicio, el aluminio o la plata. Sin embargo, como recalca Deng, los sistemas utilizados en la actualidad deben ser mejorados para aumentar el aprovechamiento de estos materiales y evitar que metales valiosos acaben en el vertedero.<\/p>\n<h2 style=\"text-align: justify;\">Una gran soluci\u00f3n que se est\u00e1 gestando<\/h2>\n<p style=\"text-align: justify;\">El gran paso se espera para finales de junio 2023, fecha en la que se inaugurar\u00e1 la <strong>primera f\u00e1brica del mundo dedicada al reciclaje total de paneles solares en <a href=\"https:\/\/www.tiempo.com\/francia.htm\" data-mrf-recirculation=\"cuerpo_intext\" data-mrf-link=\"https:\/\/www.tiempo.com\/francia.htm\">Francia<\/a>.<\/strong> La empresa especializada, <a href=\"https:\/\/www.rosi-solar.com\/\" target=\"_blank\" rel=\"noopener\">ROSI<\/a>, tiene el objetivo de extraer y reutilizar hasta <strong>el 99% de los componentes de cada unidad.<\/strong><\/p>\n<div class=\"texto-destacado\" style=\"text-align: justify;\">El vidrio recuperado en el proceso se puede utilizar para crear en arenados o baldosas, pero no es recomendable usarlo en aplicaciones donde se requiera vidrio de alta calidad, como la producci\u00f3n de nuevos paneles solares.<\/div>\n<p style=\"text-align: justify;\">La nueva f\u00e1brica podr\u00eda recuperar materiales preciosos que contienen los paneles, <strong>como plata y cobre,<\/strong> que suelen ser algunos de los materiales m\u00e1s dif\u00edciles de extraer. Adem\u00e1s, podr\u00edan reciclarse y reutilizarse <strong>para fabricar paneles solares nuevos y con mayor potencia.<\/strong><\/p>\n<h2 style=\"text-align: justify;\">\u00bfQu\u00e9 pasar\u00e1 con el \u00abboom\u00bb de los paneles solares?<\/h2>\n<p style=\"text-align: justify;\">A nivel mundial, la capacidad para generar energ\u00eda solar <strong>creci\u00f3 un 22% durante el a\u00f1o 2021.<\/strong> Por ejemplo, en Reino Unido se instalan todos los meses alrededor de <strong>13000 paneles solares fotovoltaicos,<\/strong> principalmente en los techos de las casas particulares.<\/p>\n<figure style=\"text-align: justify;\"><img data-recalc-dims=\"1\" loading=\"lazy\" decoding=\"async\" class=\"\" title=\"panel solar desechado\" src=\"https:\/\/i0.wp.com\/services.meteored.com\/img\/article\/paneles-solares-podrian-provocar-desconocido-y-gigantesco-desastre-ecologico-1686168516383_1024.jpg?resize=640%2C360&#038;ssl=1\" srcset=\"https:\/\/services.meteored.com\/img\/article\/paneles-solares-podrian-provocar-desconocido-y-gigantesco-desastre-ecologico-1686168516383_1024.jpg\" alt=\"panel solar desechado\" width=\"640\" height=\"360\" data-src=\"https:\/\/services.meteored.com\/img\/article\/paneles-solares-podrian-provocar-desconocido-y-gigantesco-desastre-ecologico-1686168516383_1024.jpg\" data-srcset=\"https:\/\/services.meteored.com\/img\/article\/paneles-solares-podrian-provocar-desconocido-y-gigantesco-desastre-ecologico-1686168516383_1024.jpg\" data-image=\"o9aeuk0dzqc3\" \/><figcaption>La vida \u00fatil de los primeros paneles solares est\u00e1 llegando a su fin. \u00bfQu\u00e9 ocurrir\u00e1 con ellos?<\/figcaption><\/figure>\n<p style=\"text-align: justify;\">La principal raz\u00f3n por la que hay pocas instalaciones para el reciclaje de paneles solares es que, hasta hace poco, <strong>no hab\u00eda una cantidad considerable de desechos para procesar y reutilizar.<\/strong> Ahora, la primera generaci\u00f3n de paneles solares dom\u00e9sticos est\u00e1 llegando <strong>al final de su vida \u00fatil,<\/strong> lo que requiere de una acci\u00f3n urgente dentro de este a\u00f1o.<\/p>\n<div class=\"texto-destacado\" style=\"text-align: justify;\">\u00abPara 2030, creemos que vamos a tener cuatro millones de toneladas de desechos, que podr\u00eda ser manejable. Pero para 2050, podr\u00edamos terminar con m\u00e1s de 200 millones de toneladas a nivel mundial\u00bb, se\u00f1ala Ute Collier.<\/div>\n<p style=\"text-align: justify;\">El a\u00f1o pasado, investigadores de la <a href=\"https:\/\/le.ac.uk\/\" target=\"_blank\" rel=\"noopener\">Universidad de Leicester<\/a> dieron a conocer <strong>c\u00f3mo extraer plata de las unidades fotovoltaicas<\/strong> mediante una soluci\u00f3n salina. Por el momento, solo la empresa ROSI ha ampliado esta idea a niveles industriales. Cabe mencionar que <strong>esta tecnolog\u00eda tiene un precio elevado,<\/strong> por lo que muchos prefieren triturar los desechos, que es mucho m\u00e1s econ\u00f3mico hasta el momento.<\/p>\n<figure class=\"a_m a_de_m a_m-h \"><figcaption class=\"a_m_p a_de_m_p\"><strong>Clemente \u00c1lvarez<\/strong><\/p>\n<p>FOTO: Un operario monta unas placas en un tejado.<span class=\"a_m_m a_de_m_m\">Reuters<\/span><\/figcaption><\/figure>\n<div class=\"a_de_txt\">\n<div class=\"a_de_a\">https:\/\/elpais.com\/clima-y-medio-ambiente\/2023-06-26\/detector-de-bulos-ambientales-el-falso-desastre-ambiental-de-las-placas-solares.html<\/div>\n<\/div>\n<\/div>\n<\/div>\n","protected":false},"excerpt":{"rendered":"<p>Un \u201cecodesastre en espera\u201d, \u201cuna cat\u00e1strofe ecol\u00f3gica desconocida y gigantesca\u201d, \u201cun desastre ambiental\u201d del que&#8230;<\/p>\n","protected":false},"author":1,"featured_media":63780,"comment_status":"closed","ping_status":"closed","sticky":false,"template":"","format":"standard","meta":{"_coblocks_attr":"","_coblocks_dimensions":"","_coblocks_responsive_height":"","_coblocks_accordion_ie_support":"","jetpack_post_was_ever_published":false,"_jetpack_newsletter_access":"","_jetpack_dont_email_post_to_subs":false,"_jetpack_newsletter_tier_id":0,"_jetpack_memberships_contains_paywalled_content":false,"_jetpack_memberships_contains_paid_content":false,"footnotes":"","jetpack_publicize_message":"","jetpack_publicize_feature_enabled":true,"jetpack_social_post_already_shared":false,"jetpack_social_options":{"image_generator_settings":{"template":"highway","default_image_id":0,"enabled":false},"version":2}},"categories":[7725,1161,44,6937,6920,15],"tags":[8338,10712],"class_list":["post-63779","post","type-post","status-publish","format-standard","has-post-thumbnail","hentry","category-atarfe-sostenible","category-ciudadania","category-noticias-de-hoy","category-sociedad","category-tecnologia","category-ultimas-noticias","tag-placas-solares","tag-reutilizacion"],"jetpack_publicize_connections":[],"jetpack_featured_media_url":"https:\/\/i0.wp.com\/miradordeatarfe.es\/wp-content\/uploads\/2023\/10\/3UDPZPY7KJKNNH4YIOFEYNP654.jpg?fit=664%2C320&ssl=1","jetpack_likes_enabled":true,"jetpack_sharing_enabled":true,"_links":{"self":[{"href":"https:\/\/miradordeatarfe.es\/index.php?rest_route=\/wp\/v2\/posts\/63779","targetHints":{"allow":["GET"]}}],"collection":[{"href":"https:\/\/miradordeatarfe.es\/index.php?rest_route=\/wp\/v2\/posts"}],"about":[{"href":"https:\/\/miradordeatarfe.es\/index.php?rest_route=\/wp\/v2\/types\/post"}],"author":[{"embeddable":true,"href":"https:\/\/miradordeatarfe.es\/index.php?rest_route=\/wp\/v2\/users\/1"}],"replies":[{"embeddable":true,"href":"https:\/\/miradordeatarfe.es\/index.php?rest_route=%2Fwp%2Fv2%2Fcomments&post=63779"}],"version-history":[{"count":1,"href":"https:\/\/miradordeatarfe.es\/index.php?rest_route=\/wp\/v2\/posts\/63779\/revisions"}],"predecessor-version":[{"id":63781,"href":"https:\/\/miradordeatarfe.es\/index.php?rest_route=\/wp\/v2\/posts\/63779\/revisions\/63781"}],"wp:featuredmedia":[{"embeddable":true,"href":"https:\/\/miradordeatarfe.es\/index.php?rest_route=\/wp\/v2\/media\/63780"}],"wp:attachment":[{"href":"https:\/\/miradordeatarfe.es\/index.php?rest_route=%2Fwp%2Fv2%2Fmedia&parent=63779"}],"wp:term":[{"taxonomy":"category","embeddable":true,"href":"https:\/\/miradordeatarfe.es\/index.php?rest_route=%2Fwp%2Fv2%2Fcategories&post=63779"},{"taxonomy":"post_tag","embeddable":true,"href":"https:\/\/miradordeatarfe.es\/index.php?rest_route=%2Fwp%2Fv2%2Ftags&post=63779"}],"curies":[{"name":"wp","href":"https:\/\/api.w.org\/{rel}","templated":true}]}}