{"id":63789,"date":"2023-10-12T11:20:06","date_gmt":"2023-10-12T09:20:06","guid":{"rendered":"https:\/\/miradordeatarfe.es\/?p=63789"},"modified":"2023-10-11T23:26:20","modified_gmt":"2023-10-11T21:26:20","slug":"atarfe-la-novena-edicion-del-rallye-de-tierra-ciudad-de-granada-llega-a-atarfe","status":"publish","type":"post","link":"https:\/\/miradordeatarfe.es\/?p=63789","title":{"rendered":"ATARFE:  La NOVENA edici\u00f3n del Rallye de Tierra Ciudad de Granada, llega a Atarfe"},"content":{"rendered":"<h3 style=\"text-align: justify;\">Granada capital, Santa Fe, Atarfe, Albolote, Ventas de Huelma \u2013 \u00c1cula, Pinos Puente, Cogollos de la Vega, Deifontes y Esc\u00fazar, municipios por los que se har\u00e1 notar esta novena edici\u00f3n<\/h3>\n<p style=\"text-align: justify;\"><span class=\"x193iq5w xeuugli x13faqbe x1vvkbs x1xmvt09 x1lliihq x1s928wv xhkezso x1gmr53x x1cpjm7i x1fgarty x1943h6x xudqn12 x3x7a5m x6prxxf xvq8zen xo1l8bm xzsf02u\" dir=\"auto\">Fecha: <strong>26, 27 y 28 de octubre de 2023<\/strong><\/p>\n<p>Esta es la sexta y pen\u00faltima prueba de la Copa de Espa\u00f1a de Rallyes de Tierra &#8211; Rallycar . Esta prueba es valedera para el campeonato andaluz y murciano de Tierra.<\/p>\n<p>El coraz\u00f3n de Granada y provincia volver\u00e1n a vibrar con un espect\u00e1culo \u00daNICO e INIGUALABLE. Adem\u00e1s de pasar por Atarfe, tambi\u00e9n podr\u00e1s seguirlo en la capital, y los municipios de Santa Fe, Albolote, Ventas de Huelma &#8211; \u00c1cula, Pinos Puente, Cogollos de la Vega, Deifontes y Esc\u00fazar.<\/span><\/p>\n<p style=\"text-align: justify;\">Se present\u00f3\u00a0 el cartel OFICIAL de la NOVENA edici\u00f3n del Rallye de Tierra Ciudad de Granada, sexta y pen\u00faltima prueba de la Copa de Espa\u00f1a de Rallyes de Tierra \u2013 Rallycar que se disputar\u00e1 los d\u00edas 26, 27 y 28 de octubre de 2023 en nuestra ciudad y que ser\u00e1 valedera tambi\u00e9n para el campeonato andaluz y murciano de Tierra.<\/p>\n<p style=\"text-align: justify;\">El coraz\u00f3n de Granada y provincia volver\u00e1n a vibrar con un<em> espect\u00e1culo \u00daNICO e INIGUALABLE<\/em>. Adem\u00e1s de la capital, los municipios de Santa Fe,<strong> Atarfe,<\/strong> Albolote, Ventas de Huelma \u2013 \u00c1cula, Pinos Puente, Cogollos de la Vega, Deifontes, Esc\u00fazar y van a ser puntos muy a tener en cuenta para esta edici\u00f3n.<\/p>\n<p style=\"text-align: justify;\">\u00a1Desde la organizaci\u00f3n queremos trasladar nuestro agradecimiento p\u00fablico a nuestros colaboradores, patrocinadores, asociaciones e instituciones que nos acompa\u00f1ar\u00e1n un a\u00f1o m\u00e1s!<\/p>\n<p style=\"text-align: justify;\">Este es nuestro cartel oficial de la novena edici\u00f3n del Rallye Ciudad de Granada:<\/p>\n<div class=\"section the_content has_content\">\n<div class=\"section_wrapper\">\n<div class=\"the_content_wrapper \">\n<h2 style=\"text-align: justify;\">El piloto noruego este a\u00f1o fue segundo en WRC-2 en el Rally de Suecia<\/h2>\n<p class=\"has-medium-font-size\" style=\"text-align: justify;\">Ole Christian Veiby participar\u00e1 en el IX Rally Ciudad de Granada que se celebrar\u00e1 del 26 al 28 de octubre al volante de un Skoda Fabia R5. \u00a0El piloto noruego este a\u00f1o est\u00e1 participando en el WRC-2, segunda categor\u00eda del mundial de rallys. Esta temporada ha conseguido un segundo puesto en el Rally de Suecia, tras el piloto local Oliver Solberg. Veiby remont\u00f3 y termin\u00f3 en la segunda plaza despu\u00e9s de haber tenido algunos problemas que le impidieron luchar por el triunfo.<\/p>\n<p class=\"has-medium-font-size\" style=\"text-align: justify;\">Con 14 a\u00f1os empez\u00f3 en el karting, convirti\u00e9ndose en campe\u00f3n noruego de crosskart en 125 cent\u00edmetros c\u00fabicos. Un a\u00f1o m\u00e1s tarde en 250 cc termin\u00f3 tercero en el campeonato nacional de su pa\u00eds. En 2014 debut\u00f3 en el Campeonato Mundial en el Rally de Catalu\u00f1a, en el que tuvo que abandonar. En 2015 logr\u00f3 la victoria en el Campeonato Mundial de Rally Junior, en la prueba de Gran Breta\u00f1a, finalizando segundo en la general. Ese mismo a\u00f1o en WRC3 tambi\u00e9n acab\u00f3 segundo en la general, despu\u00e9s de ganar las pruebas de Suecia y Gran Breta\u00f1a. En el Campeonato de Europa de Rallycross gan\u00f3 en el EuroRX de Barcelona, para finalizar tercero en la temporada.<\/p>\n<p class=\"has-medium-font-size\" style=\"text-align: justify;\">\u00a0\u00a0\u00a0\u00a0\u00a0\u00a0\u00a0\u00a0\u00a0\u00a0\u00a0\u00a0\u00a0\u00a0 En 20216 en la categor\u00eda WRC-3 gan\u00f3 el Rally de Montecarlo, el Rally de Finlandia e hizo podio en Polonia, para acabar quinto en la competici\u00f3n. En el Campeonato del Mundo Junior gan\u00f3 en Finlandia para acabar tercero en la general. Un a\u00f1o m\u00e1s tarde tras firmar por Skoda Motorsport para competir en el Campeonato Asia-Pac\u00edfico, en el que logr\u00f3 dos triunfos, dos segundos puestos y un tercero, para finalizar segundo en la general final. En WRC-2 logr\u00f3 victoria en Polonia y podio en Suecia y Cerde\u00f1a.<\/p>\n<p class=\"has-medium-font-size\" style=\"text-align: justify;\">En 2019 gan\u00f3 el Rally de Suecia y fue tercero en M\u00f3naco, mientras que en 2020 logr\u00f3 la tercera plaza en M\u00e9xico, y obtuvo segundos puestos en Suecia e Italia.<\/p>\n<p class=\"has-medium-font-size\" style=\"text-align: justify;\">Sus mejores resultados en los dos \u00faltimos a\u00f1os fueron la segunda plaza en el Rally de Suecia, en el que en el Mundial absoluto finaliz\u00f3 octavo y noveno respectivamente.<\/p>\n<\/div>\n<\/div>\n<\/div>\n<p><span class=\"x193iq5w xeuugli x13faqbe x1vvkbs x1xmvt09 x1lliihq x1s928wv xhkezso x1gmr53x x1cpjm7i x1fgarty x1943h6x xudqn12 x3x7a5m x6prxxf xvq8zen xo1l8bm xzsf02u\" dir=\"auto\"><br \/>\nPuedes seguir toda la informaci\u00f3n de la prueba a trav\u00e9s de la web <\/p>\n<p><span class=\"x3nfvp2 x1j61x8r x1fcty0u xdj266r xhhsvwb xat24cr xgzva0m xxymvpz xlup9mm x1kky2od\"><img loading=\"lazy\" decoding=\"async\" src=\"https:\/\/static.xx.fbcdn.net\/images\/emoji.php\/v9\/tb3\/1\/16\/1f517.png\" alt=\"\" width=\"16\" height=\"16\" \/><\/span> <a class=\"x1i10hfl xjbqb8w x6umtig x1b1mbwd xaqea5y xav7gou x9f619 x1ypdohk xt0psk2 xe8uvvx xdj266r x11i5rnm xat24cr x1mh8g0r xexx8yu x4uap5 x18d9i69 xkhd6sd x16tdsg8 x1hl2dhg xggy1nq x1a2a7pz xt0b8zv x1fey0fg\" tabindex=\"0\" role=\"link\" href=\"https:\/\/www.rallyeciudaddegranada.es\/?fbclid=IwAR3EV6FIcgBI-JiHWQAUCB-whvgiOzpPv9sUOSJy6TDKuCvh9STMtFlxXWQ\" target=\"_blank\" rel=\"nofollow noopener noreferrer\">https:\/\/www.rallyeciudaddegranada.es\/<\/a><\/p>\n<p>y en sus perfiles de Facebook, Instagram y Twitter.<\/p>\n<p>\u00a1Ven a vivir el espect\u00e1culo! \u00a1Vive&#8230;el <a class=\"x1i10hfl xjbqb8w x6umtig x1b1mbwd xaqea5y xav7gou x9f619 x1ypdohk xt0psk2 xe8uvvx xdj266r x11i5rnm xat24cr x1mh8g0r xexx8yu x4uap5 x18d9i69 xkhd6sd x16tdsg8 x1hl2dhg xggy1nq x1a2a7pz xt0b8zv xzsf02u x1s688f\" tabindex=\"0\" role=\"link\" href=\"https:\/\/www.facebook.com\/hashtag\/ixrallyeciudaddegranada?__eep__=6&amp;__cft__[0]=AZXHzgTOkjdB-T89Hk11LX0Zk7bGm8ubIMxu28NFeejDPLDMrJB8DNnfWvaitu8qaucw8bnMWsXbMPybO8mKQD_qtxMjnlY8Qo2yvhK7-ex6zGThBxYGrF4XlJblhWGtupLeBMISV3_-gxCvVVr3s5ROd4TasVVYoltZzXbWUiGN-j79yrUIwEeS5butXNFGubs&amp;__tn__=*NK*F\">#IXRallyeCiudadDeGranada<\/a><\/span><\/p>\n<p>&nbsp;<\/p>\n<p><a href=\"https:\/\/i0.wp.com\/miradordeatarfe.es\/wp-content\/uploads\/2023\/10\/387860284_696603362517182_3834974726601073074_n.jpg?ssl=1\"><img data-recalc-dims=\"1\" loading=\"lazy\" decoding=\"async\" class=\"alignnone wp-image-63790 \" src=\"https:\/\/i0.wp.com\/miradordeatarfe.es\/wp-content\/uploads\/2023\/10\/387860284_696603362517182_3834974726601073074_n.jpg?resize=640%2C893&#038;ssl=1\" alt=\"\" width=\"640\" height=\"893\" srcset=\"https:\/\/i0.wp.com\/miradordeatarfe.es\/wp-content\/uploads\/2023\/10\/387860284_696603362517182_3834974726601073074_n.jpg?w=516&amp;ssl=1 516w, https:\/\/i0.wp.com\/miradordeatarfe.es\/wp-content\/uploads\/2023\/10\/387860284_696603362517182_3834974726601073074_n.jpg?resize=215%2C300&amp;ssl=1 215w\" sizes=\"auto, (max-width: 640px) 100vw, 640px\" \/><\/a><\/p>\n","protected":false},"excerpt":{"rendered":"<p>Granada capital, Santa Fe, Atarfe, Albolote, Ventas de Huelma \u2013 \u00c1cula, Pinos Puente, Cogollos de&#8230;<\/p>\n","protected":false},"author":1,"featured_media":63791,"comment_status":"closed","ping_status":"closed","sticky":false,"template":"","format":"standard","meta":{"_coblocks_attr":"","_coblocks_dimensions":"","_coblocks_responsive_height":"","_coblocks_accordion_ie_support":"","jetpack_post_was_ever_published":false,"_jetpack_newsletter_access":"","_jetpack_dont_email_post_to_subs":false,"_jetpack_newsletter_tier_id":0,"_jetpack_memberships_contains_paywalled_content":false,"_jetpack_memberships_contains_paid_content":false,"footnotes":"","jetpack_publicize_message":"","jetpack_publicize_feature_enabled":true,"jetpack_social_post_already_shared":false,"jetpack_social_options":{"image_generator_settings":{"template":"highway","default_image_id":0,"enabled":false},"version":2}},"categories":[2,6916,1161,182,44,15],"tags":[81,129,10714],"class_list":["post-63789","post","type-post","status-publish","format-standard","has-post-thumbnail","hentry","category-atarfe","category-ayuntamiento-de-atarfe","category-ciudadania","category-deportes","category-noticias-de-hoy","category-ultimas-noticias","tag-atarfe","tag-granada","tag-rallie"],"jetpack_publicize_connections":[],"jetpack_featured_media_url":"https:\/\/i0.wp.com\/miradordeatarfe.es\/wp-content\/uploads\/2023\/10\/375212571_280031548118588_6325884097962968604_n.jpg?fit=526%2C526&ssl=1","jetpack_likes_enabled":true,"jetpack_sharing_enabled":true,"_links":{"self":[{"href":"https:\/\/miradordeatarfe.es\/index.php?rest_route=\/wp\/v2\/posts\/63789","targetHints":{"allow":["GET"]}}],"collection":[{"href":"https:\/\/miradordeatarfe.es\/index.php?rest_route=\/wp\/v2\/posts"}],"about":[{"href":"https:\/\/miradordeatarfe.es\/index.php?rest_route=\/wp\/v2\/types\/post"}],"author":[{"embeddable":true,"href":"https:\/\/miradordeatarfe.es\/index.php?rest_route=\/wp\/v2\/users\/1"}],"replies":[{"embeddable":true,"href":"https:\/\/miradordeatarfe.es\/index.php?rest_route=%2Fwp%2Fv2%2Fcomments&post=63789"}],"version-history":[{"count":1,"href":"https:\/\/miradordeatarfe.es\/index.php?rest_route=\/wp\/v2\/posts\/63789\/revisions"}],"predecessor-version":[{"id":63792,"href":"https:\/\/miradordeatarfe.es\/index.php?rest_route=\/wp\/v2\/posts\/63789\/revisions\/63792"}],"wp:featuredmedia":[{"embeddable":true,"href":"https:\/\/miradordeatarfe.es\/index.php?rest_route=\/wp\/v2\/media\/63791"}],"wp:attachment":[{"href":"https:\/\/miradordeatarfe.es\/index.php?rest_route=%2Fwp%2Fv2%2Fmedia&parent=63789"}],"wp:term":[{"taxonomy":"category","embeddable":true,"href":"https:\/\/miradordeatarfe.es\/index.php?rest_route=%2Fwp%2Fv2%2Fcategories&post=63789"},{"taxonomy":"post_tag","embeddable":true,"href":"https:\/\/miradordeatarfe.es\/index.php?rest_route=%2Fwp%2Fv2%2Ftags&post=63789"}],"curies":[{"name":"wp","href":"https:\/\/api.w.org\/{rel}","templated":true}]}}