{"id":63812,"date":"2023-10-12T08:12:56","date_gmt":"2023-10-12T06:12:56","guid":{"rendered":"https:\/\/miradordeatarfe.es\/?p=63812"},"modified":"2023-10-11T23:22:25","modified_gmt":"2023-10-11T21:22:25","slug":"el-11-s-de-israel","status":"publish","type":"post","link":"https:\/\/miradordeatarfe.es\/?p=63812","title":{"rendered":"El 11-S de Israel"},"content":{"rendered":"<h3 style=\"text-align: justify;\">Estamos inmersos en lo que Israel ha llamado su 11-S particular. Algo que cambiar\u00e1 el mundo. Y no ser\u00e1 a mejor.<\/h3>\n<p style=\"text-align: justify;\">\u200cEl castigo colectivo a la poblaci\u00f3n civil es el arma a la que Israel nos ha acostumbrado desde hace demasiado tiempo en Gaza y esta vez, espoleado por el ataque brutal de Ham\u00e1s, se dispone a llevarlo hasta sus m\u00e1ximas consecuencias. <a href=\"http:\/\/t.newsletter.elpais.com\/r\/?id=h73d6c008,c157c8c,4bd54ed&amp;p1=elpaisdelamanana_2023.10.10_2&amp;p2=elpaisdelamanana_2023.10.10_2\" target=\"_blank\" rel=\"noopener\" data-saferedirecturl=\"https:\/\/www.google.com\/url?q=http:\/\/t.newsletter.elpais.com\/r\/?id%3Dh73d6c008,c157c8c,4bd54ed%26p1%3Delpaisdelamanana_2023.10.10_2%26p2%3Delpaisdelamanana_2023.10.10_2&amp;source=gmail&amp;ust=1697145470729000&amp;usg=AOvVaw2yoFS4hvpOyiP5ALOu7LI_\"> \u201cSin electricidad, sin comida, sin combustible\u201d, <\/a>es la orden del gobierno de Netanyahu para bloquear totalmente la franja y asfixiar a Ham\u00e1s. Seg\u00fan sus palabras, su reacci\u00f3n va a cambiar Oriente Pr\u00f3ximo.<\/p>\n<p style=\"text-align: justify;\">\u200cSus tropas bombardean Gaza y han recuperado territorios que los islamistas hab\u00edan ocupado en Israel. En respuesta, Ham\u00e1s ha amenazado con el arma m\u00e1s poderosa que hoy tiene en su mano: los rehenes. Asegura que ejecutar\u00e1 a uno en p\u00fablico por cada nuevo bombardeo.<\/p>\n<p style=\"text-align: justify;\">\u200cAlgo feo ha pasado en Europa<a href=\"http:\/\/t.newsletter.elpais.com\/r\/?id=h73d6c008,c157c8c,4bd54ee&amp;p1=elpaisdelamanana_2023.10.10_2&amp;p2=elpaisdelamanana_2023.10.10_2\" target=\"_blank\" rel=\"noopener\" data-saferedirecturl=\"https:\/\/www.google.com\/url?q=http:\/\/t.newsletter.elpais.com\/r\/?id%3Dh73d6c008,c157c8c,4bd54ee%26p1%3Delpaisdelamanana_2023.10.10_2%26p2%3Delpaisdelamanana_2023.10.10_2&amp;source=gmail&amp;ust=1697145470729000&amp;usg=AOvVaw0w_kqxM62Ak5yhJoSDclWY\">: La UE, que es la principal donante de Palestina, anunci\u00f3 ayer que suspend\u00eda las ayudas.<\/a> Pero rectific\u00f3 despu\u00e9s por el malestar de varios pa\u00edses, entre ellos Espa\u00f1a. No es cuesti\u00f3n de castigar a la poblaci\u00f3n civil. Nosotros, al menos, no.<\/p>\n<p>BERNA GONZ\u00c1LEZ HARBOUR<\/p>\n<p>FOTO: Un ni\u00f1o herido en el campo de refugiados de al-Shati, en Gaza. \/ Ali Jadallah\/Anadolu Agency via Getty Images<\/p>\n<p>&nbsp;<\/p>\n","protected":false},"excerpt":{"rendered":"<p>Estamos inmersos en lo que Israel ha llamado su 11-S particular. Algo que cambiar\u00e1 el&#8230;<\/p>\n","protected":false},"author":1,"featured_media":63813,"comment_status":"closed","ping_status":"closed","sticky":false,"template":"","format":"standard","meta":{"_coblocks_attr":"","_coblocks_dimensions":"","_coblocks_responsive_height":"","_coblocks_accordion_ie_support":"","jetpack_post_was_ever_published":false,"_jetpack_newsletter_access":"","_jetpack_dont_email_post_to_subs":false,"_jetpack_newsletter_tier_id":0,"_jetpack_memberships_contains_paywalled_content":false,"_jetpack_memberships_contains_paid_content":false,"footnotes":"","jetpack_publicize_message":"","jetpack_publicize_feature_enabled":true,"jetpack_social_post_already_shared":false,"jetpack_social_options":{"image_generator_settings":{"template":"highway","default_image_id":0,"enabled":false},"version":2}},"categories":[1161,44,7671],"tags":[254,10719,10718],"class_list":["post-63812","post","type-post","status-publish","format-standard","has-post-thumbnail","hentry","category-ciudadania","category-noticias-de-hoy","category-politica","tag-guerra","tag-iranies","tag-israel-palestinahammas"],"jetpack_publicize_connections":[],"jetpack_featured_media_url":"https:\/\/i0.wp.com\/miradordeatarfe.es\/wp-content\/uploads\/2023\/10\/unnamed.png?fit=1120%2C746&ssl=1","jetpack_likes_enabled":true,"jetpack_sharing_enabled":true,"_links":{"self":[{"href":"https:\/\/miradordeatarfe.es\/index.php?rest_route=\/wp\/v2\/posts\/63812","targetHints":{"allow":["GET"]}}],"collection":[{"href":"https:\/\/miradordeatarfe.es\/index.php?rest_route=\/wp\/v2\/posts"}],"about":[{"href":"https:\/\/miradordeatarfe.es\/index.php?rest_route=\/wp\/v2\/types\/post"}],"author":[{"embeddable":true,"href":"https:\/\/miradordeatarfe.es\/index.php?rest_route=\/wp\/v2\/users\/1"}],"replies":[{"embeddable":true,"href":"https:\/\/miradordeatarfe.es\/index.php?rest_route=%2Fwp%2Fv2%2Fcomments&post=63812"}],"version-history":[{"count":1,"href":"https:\/\/miradordeatarfe.es\/index.php?rest_route=\/wp\/v2\/posts\/63812\/revisions"}],"predecessor-version":[{"id":63814,"href":"https:\/\/miradordeatarfe.es\/index.php?rest_route=\/wp\/v2\/posts\/63812\/revisions\/63814"}],"wp:featuredmedia":[{"embeddable":true,"href":"https:\/\/miradordeatarfe.es\/index.php?rest_route=\/wp\/v2\/media\/63813"}],"wp:attachment":[{"href":"https:\/\/miradordeatarfe.es\/index.php?rest_route=%2Fwp%2Fv2%2Fmedia&parent=63812"}],"wp:term":[{"taxonomy":"category","embeddable":true,"href":"https:\/\/miradordeatarfe.es\/index.php?rest_route=%2Fwp%2Fv2%2Fcategories&post=63812"},{"taxonomy":"post_tag","embeddable":true,"href":"https:\/\/miradordeatarfe.es\/index.php?rest_route=%2Fwp%2Fv2%2Ftags&post=63812"}],"curies":[{"name":"wp","href":"https:\/\/api.w.org\/{rel}","templated":true}]}}