{"id":63816,"date":"2023-10-15T11:00:47","date_gmt":"2023-10-15T09:00:47","guid":{"rendered":"https:\/\/miradordeatarfe.es\/?p=63816"},"modified":"2023-10-19T20:33:25","modified_gmt":"2023-10-19T18:33:25","slug":"letraheridos-de-nuevo-en-atarfe","status":"publish","type":"post","link":"https:\/\/miradordeatarfe.es\/?p=63816","title":{"rendered":"LETRAHERIDOS DE NUEVO EN ATARFE"},"content":{"rendered":"<h3 class=\"western\" lang=\"en-US\" align=\"justify\"><span lang=\"es-ES-u-co-trad\"><span style=\"font-size: large;\"><i>Los libros han ganado m\u00e1s batallas que las armas\u00bb<\/i><\/span><\/span><span style=\"font-size: large;\"><span lang=\"es-ES-u-co-trad\">. Esta afirmaci\u00f3n la hizo el poeta e historiador espa\u00f1ol del Siglo del Oro <\/span><\/span><span lang=\"es-ES-u-co-trad\"><span style=\"font-size: large;\"><i>Leonardo de Argensola<\/i><\/span><\/span><span style=\"font-size: large;\"><span lang=\"es-ES-u-co-trad\"> y, a pesar del tiempo transcurrido, mantiene su vigencia desde entonces, volvi\u00e9ndose incluso m\u00e1s actual y pertinente su memoria, si tenemos en cuenta las desgraciados momentos que vive la Humanidad. <\/span><\/span><\/h3>\n<p class=\"western\" lang=\"en-US\" align=\"justify\"><span style=\"font-size: large;\"><span lang=\"es-ES-u-co-trad\">Parece que, a pesar del curso de la historia, el ser humano a\u00fan no ha aprendido a vivir prescindiendo de guerras y violencias. Es por ello que la afirmaci\u00f3n del poeta se alza hoy como una luci\u00e9rnaga en la noche de los tiempos, record\u00e1ndonos cu\u00e1n necesario y pertinente es recurrir al libro, s\u00edmbolo de cultura y conocimiento.<\/span><\/span><\/p>\n<p lang=\"es-ES-u-co-trad\" align=\"justify\"><span style=\"font-family: Helvetica Neue, serif;\"><span style=\"font-size: small;\"><span style=\"font-size: large;\"><span lang=\"es-ES-u-co-trad\">Deben elogiarse iniciativas de instituciones p\u00fablicas que promueven tales valores, como esta del Ayuntamiento de Atarfe patrocinada con motivo del Oto\u00f1o cultural. En esta ocasi\u00f3n se trata de un encuentro entre lectores y escritores, entre la palabra escrita y la palabra le\u00edda, que tendr\u00e1 lugar <strong>el pr\u00f3ximo d\u00eda 19 de octubre a las 19 horas en el Centro Medina-Elvira de la ciudad.<\/strong><\/span><\/span><\/span><\/span><\/p>\n<p lang=\"es-ES-u-co-trad\" align=\"justify\"><span style=\"font-family: Helvetica Neue, serif;\"><span style=\"font-size: small;\"><span style=\"font-size: large;\"><span lang=\"es-ES-u-co-trad\">Se cuenta que cuando alguien abre un libro y comienza a leerlo es cuando comienza en realidad a escribirse la historia de dicho libro. Se dice esto porque un libro, aunque nacido de la capacidad creativa del escritor, no est\u00e1 realmente vivo hasta que encuentra su destino en el coraz\u00f3n y mente del lector.<\/span><\/span><\/span><\/span><\/p>\n<p lang=\"es-ES-u-co-trad\" align=\"justify\"><span style=\"font-family: Helvetica Neue, serif;\"><span style=\"font-size: small;\"><span style=\"font-size: large;\"><span lang=\"es-ES-u-co-trad\">A fin de cuentas, la lectura de cualquier libro no es sino el principio de una historia. Una historia de encuentro, y quiz\u00e1 de amor, entre el escritor y el lector, entre la palabra escrita y la palabra le\u00edda. Cualquier libro del que hablemos no es sino un pu\u00f1ado de letras y palabras que salen al encuentro del lector con el deseo de que el que las lee encuentre en ellas algo que le merezca la pena, sea un rato de entretenimiento, un mensaje \u00fatil e incluso un sentimiento determinado. <\/span><\/span><\/span><\/span><\/p>\n<p lang=\"es-ES-u-co-trad\" align=\"justify\"><span style=\"font-family: Helvetica Neue, serif;\"><span style=\"font-size: small;\"><span style=\"font-size: large;\"><span lang=\"es-ES-u-co-trad\">En esta ocasi\u00f3n tendr\u00e1 lugar la actividad que, con el t\u00edtulo <\/span><\/span><span lang=\"es-ES-u-co-trad\"><span style=\"font-size: large;\"><b>Letraheridos 2023<\/b><\/span><\/span><span style=\"font-size: large;\"><span lang=\"es-ES-u-co-trad\">, se desarrollar\u00e1 el d\u00eda y hora rese\u00f1ados en el maravilloso entorno del Centro cultural Medina Elvira de Atarfe. <\/span><\/span><\/span><\/span><\/p>\n<p lang=\"es-ES-u-co-trad\" align=\"justify\"><span style=\"font-family: Helvetica Neue, serif;\"><span style=\"font-size: small;\"><span style=\"font-size: large;\"><span lang=\"es-ES-u-co-trad\">Los Letraheridos de hospital constituyen un grupo de escritores y escritoras, vinculados por su profesi\u00f3n al hospital \u00abVirgen de las Nieves\u00bb de nuestra ciudad, que lleva varios a\u00f1os enriqueciendo el horizonte cultural de Granada con sus aportaciones literarias. Entre ellos hay poetas y novelistas, articulistas y ensayistas. Toda la gama de g\u00e9neros literarios sale de sus plumas inquietas. En esta ocasi\u00f3n ser\u00e1n tres escritoras y un escritor, los cuales nos presentar\u00e1n obras muy diversas. <\/span><\/span><\/span><\/span><\/p>\n<p lang=\"es-ES-u-co-trad\" align=\"justify\"><a href=\"https:\/\/i0.wp.com\/miradordeatarfe.es\/wp-content\/uploads\/2023\/10\/IMG-20231011-WA0003.jpg?ssl=1\"><img data-recalc-dims=\"1\" loading=\"lazy\" decoding=\"async\" class=\"alignnone wp-image-63831 size-full\" src=\"https:\/\/i0.wp.com\/miradordeatarfe.es\/wp-content\/uploads\/2023\/10\/IMG-20231011-WA0003.jpg?resize=640%2C452&#038;ssl=1\" alt=\"\" width=\"640\" height=\"452\" srcset=\"https:\/\/i0.wp.com\/miradordeatarfe.es\/wp-content\/uploads\/2023\/10\/IMG-20231011-WA0003.jpg?w=1600&amp;ssl=1 1600w, https:\/\/i0.wp.com\/miradordeatarfe.es\/wp-content\/uploads\/2023\/10\/IMG-20231011-WA0003.jpg?resize=300%2C212&amp;ssl=1 300w, https:\/\/i0.wp.com\/miradordeatarfe.es\/wp-content\/uploads\/2023\/10\/IMG-20231011-WA0003.jpg?resize=1024%2C724&amp;ssl=1 1024w, https:\/\/i0.wp.com\/miradordeatarfe.es\/wp-content\/uploads\/2023\/10\/IMG-20231011-WA0003.jpg?resize=768%2C543&amp;ssl=1 768w, https:\/\/i0.wp.com\/miradordeatarfe.es\/wp-content\/uploads\/2023\/10\/IMG-20231011-WA0003.jpg?resize=1536%2C1086&amp;ssl=1 1536w, https:\/\/i0.wp.com\/miradordeatarfe.es\/wp-content\/uploads\/2023\/10\/IMG-20231011-WA0003.jpg?resize=1320%2C933&amp;ssl=1 1320w\" sizes=\"auto, (max-width: 640px) 100vw, 640px\" \/><\/a><\/p>\n<p lang=\"es-ES-u-co-trad\" align=\"justify\"><span style=\"font-family: Helvetica Neue, serif;\"><span style=\"font-size: small;\"><span style=\"font-size: large;\"><span lang=\"es-ES-u-co-trad\"><strong>Piedad Santiago<\/strong>, doctora en Medicina y especialista endocrin\u00f3loga, es autora de <\/span><\/span><span lang=\"es-ES-u-co-trad\"><span style=\"font-size: large;\"><i>\u00abEste culo me suena\u00bb. <\/i><\/span><\/span><span style=\"font-size: large;\"><span lang=\"es-ES-u-co-trad\">Ella misma afirma que la risa nos hace m\u00e1s humanos, y la verdad, a veces, se viste de cr\u00edtica \u00e1cida cuando nos desnudamos por encima de nuestras posibilidades est\u00e9ticas y ponemos en tela de juicio nuestras rutinas sociales. Se trata de un relato fresco y divertido para leer con la mente abierta. <\/span><\/span><\/span><\/span><\/p>\n<p lang=\"es-ES-u-co-trad\" align=\"justify\"><span style=\"font-family: Helvetica Neue, serif;\"><span style=\"font-size: small;\"><span style=\"font-size: large;\"><span lang=\"es-ES-u-co-trad\"><strong>Mercedes Rodr\u00edguez del Castillo<\/strong>, doctora en Filolog\u00eda y Diplomada en Biblioteconom\u00eda, ha ejercido durante varias d\u00e9cadas como responsable de la Biblioteca del hospital. En esta ocasi\u00f3n nos va a hablar de su creaci\u00f3n <\/span><\/span><span lang=\"es-ES-u-co-trad\"><span style=\"font-size: large;\"><i>\u00abLos amados robados\u00bb<\/i><\/span><\/span><span style=\"font-size: large;\"><span lang=\"es-ES-u-co-trad\">, una obra conmovedora. Dice ella que sus p\u00e1ginas esconden un espejo donde se nos ense\u00f1a a sufrir, amar e integrar la p\u00e9rdida, una regresi\u00f3n a nuestras m\u00e1s \u00edntimas vivencias y sentimientos profundos. <\/span><\/span><\/span><\/span><\/p>\n<p lang=\"es-ES-u-co-trad\" align=\"justify\"><span style=\"font-family: Helvetica Neue, serif;\"><span style=\"font-size: small;\"><span style=\"font-size: large;\"><span lang=\"es-ES-u-co-trad\"><strong>Javier Castej\u00f3n<\/strong> es doctor en Medicina y Cirug\u00eda y, en el terreno de la creaci\u00f3n literaria, novelista y articulista de prensa. Su \u00faltima novela <\/span><\/span><span lang=\"es-ES-u-co-trad\"><span style=\"font-size: large;\"><i>\u00abEl hombre sin Dios\u00bb<\/i><\/span><\/span><span style=\"font-size: large;\"><span lang=\"es-ES-u-co-trad\"> se adentra, a trav\u00e9s de una intrigante historia que podr\u00eda catalogarse como thriller cient\u00edfico y militar, en la progresiva robotizaci\u00f3n transhumanista a que ineludiblemente nos condena el progreso de la sociedad actual. Afirma que el futuro ya est\u00e1 aqu\u00ed y se muestra plet\u00f3rico de incertidumbre, por cuanto esta invasi\u00f3n del <\/span><\/span><span lang=\"es-ES-u-co-trad\"><span style=\"font-size: large;\"><i>homo sapiens<\/i><\/span><\/span><span style=\"font-size: large;\"><span lang=\"es-ES-u-co-trad\"> por la biotecnolog\u00eda, que pretende en teor\u00eda permitirnos alcanzar mayores de cotas de realizaci\u00f3n y felicidad, podr\u00eda arrastrarnos en la pr\u00e1ctica, a una perdida de la identidad humana e incluso al peligro de extinci\u00f3n como especie.<\/span><\/span><\/span><\/span><\/p>\n<p lang=\"es-ES-u-co-trad\" align=\"justify\"><span style=\"font-family: Helvetica Neue, serif;\"><span style=\"font-size: small;\"><span style=\"font-size: large;\"><span lang=\"es-ES-u-co-trad\"><strong>Celeste Carrillo<\/strong>, doctora en Psicolog\u00eda, ajena al grupo Letraheridos, pero protagonista en calidad de invitada, hablar\u00e1 de su obra <\/span><\/span><span lang=\"es-ES-u-co-trad\"><span style=\"font-size: large;\"><i>\u00abEl bienestar se cultiva desde adentro\u00bb<\/i><\/span><\/span><span style=\"font-size: large;\"><span lang=\"es-ES-u-co-trad\">, que nos ense\u00f1ar\u00e1 como cultivar m\u00e1s seguridad, presencia y equilibrio en cada aspecto de nuestras vidas, mediante la pr\u00e1ctica e ideas som\u00e1ticas y cognitivas dise\u00f1adas para ayudar a las personas a mejorar su realidad interior. En definitiva, una gu\u00eda para impulsar la creatividad y vitalidad, cultivando desde el interior. <\/span><\/span><\/span><\/span><\/p>\n<p lang=\"es-ES-u-co-trad\" align=\"justify\"><span style=\"font-family: Helvetica Neue, serif;\"><span style=\"font-size: small;\"><span style=\"font-size: large;\"><span lang=\"es-ES-u-co-trad\"><em><strong>Este acto, con un elenco tres escritoras y un escritor, es una ocasi\u00f3n \u00fanica para pasar un buen rato, al tiempo que ilustrativo. Es un lujo que cuatro autores cuenten de primera mano como son sus obras<\/strong><\/em>. <\/span><\/span><\/span><\/span><\/p>\n<p lang=\"es-ES-u-co-trad\" align=\"justify\"><span style=\"font-family: Helvetica Neue, serif;\"><span style=\"font-size: small;\"><span style=\"font-size: large;\"><span lang=\"es-ES-u-co-trad\">Ello hace muy posible que tenga \u00e9xito este encuentro entre escritor y lector, entre la palabra escrita y la palabra le\u00edda. Cada vez que dicho encuentro se hace real, los seres humanos vuelven su vista a la palabra escrita y hace m\u00e1s cercana a ellos, la afirmaci\u00f3n de <\/span><\/span><span lang=\"es-ES-u-co-trad\"><span style=\"font-size: large;\"><i>Argensola<\/i><\/span><\/span><span style=\"font-size: large;\"><span lang=\"es-ES-u-co-trad\">, que hoy se alza hoy como una luci\u00e9rnaga en la noche de los tiempos, record\u00e1ndonos cuan necesario y pertinente es recurrir al libro, s\u00edmbolo de cultura y conocimiento.<\/span><\/span><\/span><\/span><\/p>\n<p lang=\"es-ES-u-co-trad\" align=\"center\"><span style=\"font-family: Helvetica Neue, serif;\"><span style=\"font-size: small;\"><span style=\"font-size: large;\"><span lang=\"es-ES-u-co-trad\">\u00abLos libros han ganado m\u00e1s batallas que las armas\u00bb<\/span><\/span><\/span><\/span><\/p>\n<p lang=\"es-ES-u-co-trad\" align=\"right\"><span style=\"font-family: Helvetica Neue, serif;\"><span style=\"font-size: small;\"><span style=\"font-size: medium;\"><span lang=\"es-ES-u-co-trad\"><i>Javier Castej\u00f3n, m\u00e9dico y escritor<\/i><\/span><\/span><\/span><\/span><\/p>\n<p lang=\"es-ES-u-co-trad\" align=\"right\"><span style=\"font-family: Helvetica Neue, serif;\"><span style=\"font-size: small;\"><span style=\"font-size: medium;\"><span lang=\"es-ES-u-co-trad\"><i>Miembro del grupo \u00abLetraheridos de hospital\u00bb<\/i><\/span><\/span><\/span><\/span><\/p>\n<p lang=\"es-ES-u-co-trad\" align=\"justify\">\u00a0<\/p>\n","protected":false},"excerpt":{"rendered":"<p>Los libros han ganado m\u00e1s batallas que las armas\u00bb. Esta afirmaci\u00f3n la hizo el poeta&#8230;<\/p>\n","protected":false},"author":1,"featured_media":63829,"comment_status":"closed","ping_status":"closed","sticky":false,"template":"","format":"standard","meta":{"_coblocks_attr":"","_coblocks_dimensions":"","_coblocks_responsive_height":"","_coblocks_accordion_ie_support":"","jetpack_post_was_ever_published":false,"_jetpack_newsletter_access":"","_jetpack_dont_email_post_to_subs":false,"_jetpack_newsletter_tier_id":0,"_jetpack_memberships_contains_paywalled_content":false,"_jetpack_memberships_contains_paid_content":false,"footnotes":"","jetpack_publicize_message":"","jetpack_publicize_feature_enabled":true,"jetpack_social_post_already_shared":false,"jetpack_social_options":{"image_generator_settings":{"template":"highway","default_image_id":0,"enabled":false},"version":2}},"categories":[1],"tags":[10720],"class_list":["post-63816","post","type-post","status-publish","format-standard","has-post-thumbnail","hentry","category-uncategorized","tag-letraheridos"],"jetpack_publicize_connections":[],"jetpack_featured_media_url":"https:\/\/i0.wp.com\/miradordeatarfe.es\/wp-content\/uploads\/2023\/10\/IMG-20231011-WA0004.jpg?fit=1600%2C1200&ssl=1","jetpack_likes_enabled":true,"jetpack_sharing_enabled":true,"_links":{"self":[{"href":"https:\/\/miradordeatarfe.es\/index.php?rest_route=\/wp\/v2\/posts\/63816","targetHints":{"allow":["GET"]}}],"collection":[{"href":"https:\/\/miradordeatarfe.es\/index.php?rest_route=\/wp\/v2\/posts"}],"about":[{"href":"https:\/\/miradordeatarfe.es\/index.php?rest_route=\/wp\/v2\/types\/post"}],"author":[{"embeddable":true,"href":"https:\/\/miradordeatarfe.es\/index.php?rest_route=\/wp\/v2\/users\/1"}],"replies":[{"embeddable":true,"href":"https:\/\/miradordeatarfe.es\/index.php?rest_route=%2Fwp%2Fv2%2Fcomments&post=63816"}],"version-history":[{"count":3,"href":"https:\/\/miradordeatarfe.es\/index.php?rest_route=\/wp\/v2\/posts\/63816\/revisions"}],"predecessor-version":[{"id":63832,"href":"https:\/\/miradordeatarfe.es\/index.php?rest_route=\/wp\/v2\/posts\/63816\/revisions\/63832"}],"wp:featuredmedia":[{"embeddable":true,"href":"https:\/\/miradordeatarfe.es\/index.php?rest_route=\/wp\/v2\/media\/63829"}],"wp:attachment":[{"href":"https:\/\/miradordeatarfe.es\/index.php?rest_route=%2Fwp%2Fv2%2Fmedia&parent=63816"}],"wp:term":[{"taxonomy":"category","embeddable":true,"href":"https:\/\/miradordeatarfe.es\/index.php?rest_route=%2Fwp%2Fv2%2Fcategories&post=63816"},{"taxonomy":"post_tag","embeddable":true,"href":"https:\/\/miradordeatarfe.es\/index.php?rest_route=%2Fwp%2Fv2%2Ftags&post=63816"}],"curies":[{"name":"wp","href":"https:\/\/api.w.org\/{rel}","templated":true}]}}