{"id":63818,"date":"2023-10-14T10:41:07","date_gmt":"2023-10-14T08:41:07","guid":{"rendered":"https:\/\/miradordeatarfe.es\/?p=63818"},"modified":"2023-10-11T23:56:51","modified_gmt":"2023-10-11T21:56:51","slug":"bob-pop-no-existe-nada-normal-nadie-es-normal-yo-elegi-ser-feliz-en-vez-de-normal","status":"publish","type":"post","link":"https:\/\/miradordeatarfe.es\/?p=63818","title":{"rendered":"Bob Pop: \u201cNo existe nada normal. Nadie es normal. Yo eleg\u00ed ser feliz en vez de normal\u201d"},"content":{"rendered":"<h2 class=\"a_st\" style=\"text-align: justify;\">Morderse la lengua no parece la afici\u00f3n favorita de este humorista y guionista sin filtro. El autor de \u2018D\u00edas sim\u00e9tricos\u2019 no tuvo una infancia ni una adolescencia sencillas: sufri\u00f3 acoso. La esclerosis m\u00faltiple tampoco facilita las cosas en la edad madura, aunque lo lleva con especial br\u00edo.<\/h2>\n<p class=\"\" style=\"text-align: justify;\"><a href=\"https:\/\/elpais.com\/noticias\/roberto-enriquez-higueras\/\" target=\"_blank\" rel=\"noopener\" data-link-track-dtm=\"\" data-mrf-link=\"https:\/\/elpais.com\/noticias\/roberto-enriquez-higueras\/\">Bob Pop<\/a> (Madrid, 1971) es un caso a estudiar. De ni\u00f1o sufri\u00f3 el rechazo de sus compa\u00f1eros de clase por sacar demasiados dieces y mostrar pluma. Su padre tambi\u00e9n le arreaba por lo segundo y lo primero le daba m\u00e1s o menos lo mismo. Aun as\u00ed, no guarda ni pizca de rencor ni al colegio donde le acech\u00f3 el acoso ni a la familia que no aguantaba sus rarezas. Hace 30 a\u00f1os le diagnosticaron esclerosis m\u00faltiple y tampoco eso le lleva a enfurru\u00f1arse con la vida. Al contrario, cree que ha tenido suerte. Su fuerza le viene, dice, de haber sabido desde muy ni\u00f1o que quer\u00eda ser escritor y que cuantas m\u00e1s bofetadas recibiera m\u00e1s raz\u00f3n ten\u00eda. A una obra literaria que comenz\u00f3 con <i>De cuerpo presente,<\/i> sigui\u00f3 con <i>Mansos<\/i> y contin\u00faa ahora con ese testimonio que ha titulado <i>D\u00edas sim\u00e9tricos <\/i>(<a href=\"https:\/\/www.penguinlibros.com\/es\/11579-alfaguara\" target=\"_blank\" rel=\"noopener\" data-link-track-dtm=\"\" data-mrf-link=\"https:\/\/www.penguinlibros.com\/es\/11579-alfaguara\">Alfaguara<\/a>), Bob Pop une su faceta de guionista y creador de series como <i>Maric\u00f3n perdido<\/i> y apariciones en televisi\u00f3n \u2014<i>Late Motiv,<\/i> la m\u00e1s sonada, con <a href=\"https:\/\/elpais.com\/noticias\/buenafuente\/\" target=\"_blank\" rel=\"noopener\" data-link-track-dtm=\"\" data-mrf-link=\"https:\/\/elpais.com\/noticias\/buenafuente\/\">Buenafuente<\/a>\u2014 y radio todos los lunes con <a href=\"https:\/\/elpais.com\/noticias\/angels-barcelo\/\" target=\"_blank\" rel=\"noopener\" data-link-track-dtm=\"\" data-mrf-link=\"https:\/\/elpais.com\/noticias\/angels-barcelo\/\">\u00c0ngels Barcel\u00f3<\/a> en la Cadena Ser. All\u00ed hace listas y destroza c\u00e1nones de seg\u00fan qu\u00e9 gustos o costumbres.<\/p>\n<p class=\"\" style=\"text-align: justify;\"><b>\u00bfEscribimos para aprender?<\/b><\/p>\n<p class=\"\" style=\"text-align: justify;\">Yo escribo para pensar, para ordenar todo ese pensamiento l\u00edquido.<\/p>\n<p class=\"\" style=\"text-align: justify;\"><b>Y que nada quede a la mitad, confiesa usted. \u00bfLey de vida?<\/b><\/p>\n<p class=\"\" style=\"text-align: justify;\">Para m\u00ed, s\u00ed.<\/p>\n<p class=\"\" style=\"text-align: justify;\"><b>\u00bfC\u00f3mo hacerlo hoy si a cada paso lo que nos entra por el m\u00f3vil nos destroza los planes con la coartada de que todo es urgente?<\/b><\/p>\n<p class=\"\" style=\"text-align: justify;\">Ya, es mentira. Y nos enga\u00f1amos con eso decidiendo por anticipado el final de las cosas, las acabamos antes de que se terminen de verdad. Esa trampa es muy peligrosa.<\/p>\n<p class=\"\" style=\"text-align: justify;\"><b>\u00bfEs ansiedad, prisa o falta de mimo y cari\u00f1o por rematar bien lo que tenemos entre manos?<\/b><\/p>\n<p class=\"\" style=\"text-align: justify;\">Lo \u00faltimo, en gran parte. Forma parte de la din\u00e1mica loca del presente. Quienes mandan mensajes urgentes tampoco son conscientes. La sensaci\u00f3n es que todo se est\u00e1 haciendo a la vez en todas partes, pero realmente nadie cree que se est\u00e9 haciendo algo a largo plazo. Entronca tambi\u00e9n con la din\u00e1mica de las redes sociales. La de los mensajes sin elaborar. A medio cocer. Yo los lanzo a Twitter as\u00ed para ver si con las respuestas me ayudan a terminar de rematarlo. Pero cuando me refiero a lo que no quiero dejar a medias, hablo del mundo anal\u00f3gico.<\/p>\n<p class=\"\" style=\"text-align: justify;\"><b>\u00bfA usted le ense\u00f1aron eso de peque\u00f1o? \u00bfQue ten\u00eda que acabar bien lo que hab\u00eda empezado?<\/b><\/p>\n<p class=\"\" style=\"text-align: justify;\">S\u00ed. Y he ido entendiendo que uno se siente muy bien. Si no, todo se acumula y va a la vez, como un circo con varias pistas. No hay cabeza que lo aguante. Eso incide en la salud mental. La sensaci\u00f3n de tener tantos frentes abiertos es agotadora.<\/p>\n<p class=\"\" style=\"text-align: justify;\"><b>\u00bfHemos perdido as\u00ed el control sobre nuestras vidas? \u00bfNuestra libertad? \u00bfLa rienda?<\/b><\/p>\n<p class=\"\" style=\"text-align: justify;\">Exacto. Nos llevan, nos empujan, nos lanzan est\u00edmulos constantes con poqu\u00edsima informaci\u00f3n para que lo emocional nos venza. Pasa con la opini\u00f3n, nos fuerzan a ello cuando lo que me encanta es a veces dejar claro que no tengo nada que decir porque me falta informaci\u00f3n.<\/p>\n<p class=\"\" style=\"text-align: justify;\"><b>Una de las respuestas m\u00e1s sabias que se me \u00adocurren en estos tiempos es: no s\u00e9. Consiste en asumir una ignorancia para, a partir de ah\u00ed, aprender.<\/b><\/p>\n<p class=\"\" style=\"text-align: justify;\">Exacto. Incluso puedes decidir no saber sobre muchas cosas.<\/p>\n<p class=\"\" style=\"text-align: justify;\"><b>Elegir el conocimiento, no estar atado a saberlo todo, \u00bfes un s\u00edntoma de madurez?<\/b><\/p>\n<p class=\"\" style=\"text-align: justify;\">Creo que s\u00ed tiene que ver. Incluso asumir que no tienes por qu\u00e9 entender todo. Antes eso me provocaba mucha ansiedad. Ya no. Ocurre con la poes\u00eda, tambi\u00e9n.<\/p>\n<figure class=\"a_m a_m-h \" style=\"text-align: justify;\"><span class=\"_db a_m_w _pr lb_btn\"><img data-recalc-dims=\"1\" loading=\"lazy\" decoding=\"async\" class=\"_re lazyload a_m-h alignright\" src=\"https:\/\/i0.wp.com\/imagenes.elpais.com\/resizer\/oyPx-xMq4f1qAh3pe_8hUZfaYdA%3D\/414x0\/cloudfront-eu-central-1.images.arcpublishing.com\/prisa\/YFMGKF5VUZH2HCNLTO5FPFAU74.jpg?resize=414%2C276&#038;ssl=1\" sizes=\"auto, (min-width:1199px) 1155px,(min-width:1001px) calc(100vw - 44px),(min-width:768px) 767px, 100vw\" srcset=\"https:\/\/imagenes.elpais.com\/resizer\/oyPx-xMq4f1qAh3pe_8hUZfaYdA=\/414x0\/cloudfront-eu-central-1.images.arcpublishing.com\/prisa\/YFMGKF5VUZH2HCNLTO5FPFAU74.jpg 414w,https:\/\/imagenes.elpais.com\/resizer\/f1rKleT-KnZVHMFB4wy_d6A_wWE=\/828x0\/cloudfront-eu-central-1.images.arcpublishing.com\/prisa\/YFMGKF5VUZH2HCNLTO5FPFAU74.jpg 640w,https:\/\/imagenes.elpais.com\/resizer\/ngzr-UtePjuUl0mMdpBL9VsgbIM=\/980x0\/cloudfront-eu-central-1.images.arcpublishing.com\/prisa\/YFMGKF5VUZH2HCNLTO5FPFAU74.jpg 1000w,https:\/\/imagenes.elpais.com\/resizer\/dhrPj8Q7nefbguKaPIAYly_JszE=\/1960x0\/cloudfront-eu-central-1.images.arcpublishing.com\/prisa\/YFMGKF5VUZH2HCNLTO5FPFAU74.jpg 1960w\" alt=\"Bob Pop, en julio en su casa de Barcelona.\" width=\"414\" height=\"276\" \/><\/span><figcaption class=\"a_m_p\">Bob Pop, en julio en su casa de Barcelona.<span class=\"a_m_m\">Anna Huix<\/span><\/figcaption><\/figure>\n<p class=\"\" style=\"text-align: justify;\"><b>Le preguntaba si de peque\u00f1o le obligaban a hacer las cosas bien porque apenas s\u00e9 nada de su infancia. \u00bfD\u00f3nde creci\u00f3?<\/b><\/p>\n<p class=\"\" style=\"text-align: justify;\">Mis primeros a\u00f1os, hasta los siete o as\u00ed, en Alcorc\u00f3n, y luego, hasta los 18, en Villaviciosa de Od\u00f3n, adonde no he vuelto desde que me fui.<\/p>\n<p class=\"\" style=\"text-align: justify;\"><b>\u00bfPor qu\u00e9?<\/b><\/p>\n<p class=\"\" style=\"text-align: justify;\">Para m\u00ed era un infierno, un lugar mezcla entre un pueblo cerrado y un sitio que aspiraba a gran urbanizaci\u00f3n residencial. Me sent\u00eda muy muy raro y en medio entre el yonqui que me atracaba y algunos cazurros que me pegaban y me humillaban. Tuve la enorme suerte de contar con una figura muy importante: mi abuelo materno, Antonio, mi refugio, quien me ayud\u00f3 a construirme un mundo propio, me introdujo en la lectura, en el ajedrez.<\/p>\n<p class=\"\" style=\"text-align: justify;\"><b>\u00bfY sus padres?<\/b><\/p>\n<p class=\"\" style=\"text-align: justify;\">Mi padre empez\u00f3 a trabajar muy joven como aprendiz de charcutero y acab\u00f3 formando un <i>chiquiimperio<\/i> con almac\u00e9n de jamones, etc\u00e9tera. Siempre vivi\u00f3 con la ansiedad de saber que jugaba en un terreno donde \u00e9l solamente aportaba su trabajo y cierta intuici\u00f3n, pero que el poder y el control del dinero, no. Acab\u00f3 arruinado y muy deprimido. Mi madre fue ama de casa hasta que se hizo la se\u00f1ora de las cuentas con el negocio.<\/p>\n<p class=\"\" style=\"text-align: justify;\"><b>\u00bfCu\u00e1ntos a\u00f1os dur\u00f3 el chiquiimperio?<\/b><\/p>\n<p class=\"\" style=\"text-align: justify;\">Desde que tuve 15, m\u00e1s o menos, hasta los 30. Al final se vino abajo porque mi padre se dej\u00f3 aprovechar por los ricos de siempre.<\/p>\n<p class=\"\" style=\"text-align: justify;\"><b>Eso, a usted, \u00bfc\u00f3mo le marc\u00f3?<\/b><\/p>\n<p class=\"\" style=\"text-align: justify;\">Eso ha espoleado mi rencor de clase. Cuando empezaron a ir bien las cosas, cuando empez\u00f3 la abundancia, lo \u00fanico que mi padre me ofrec\u00eda era dinero. Ah\u00ed ya empec\u00e9 a sospechar. Me pareci\u00f3 bien que me pagaran buenos colegios, pero nunca acept\u00e9 un coche ni nada de eso porque sab\u00eda que ese dinero saldr\u00eda muy caro.<\/p>\n<p class=\"\" style=\"text-align: justify;\"><b>\u00bfEn qu\u00e9 sentido?<\/b><\/p>\n<p class=\"\" style=\"text-align: justify;\">Supon\u00eda un secuestro emocional, deber algo a quien manten\u00eda conmigo una relaci\u00f3n muy delicada. Nunca pude ser yo con \u00e9l.<\/p>\n<p class=\"\" style=\"text-align: justify;\"><b>\u00bfC\u00f3mo cre\u00edan o quer\u00edan sus padres que fuera usted?<\/b><\/p>\n<p class=\"\" style=\"text-align: justify;\">No lo s\u00e9. Nunca llegamos a hablar de ello. En mi casa son buen\u00edsimos en eso, en no hablar. Por eso he salido as\u00ed, por contraste. Yo empezaba a mantener una conversaci\u00f3n con mi padre y entonces se levantaba y se iba.<\/p>\n<p class=\"\" style=\"text-align: justify;\"><b>Usted, \u00bfcon qu\u00e9 se hubiera conformado?<\/b><\/p>\n<p class=\"\" style=\"text-align: justify;\">Con que me escuchara, que me demostrara afecto, que no fuera tan bruto. No s\u00e9\u2026 Cuando lleg\u00f3 la abundancia, mi madre, por ejemplo, se volvi\u00f3 loca con las figuras de Lladr\u00f3. Cada cierto tiempo llegaba una a cada cual m\u00e1s enorme. Yo les dec\u00eda que con lo que se estaban gastando podr\u00edamos comprar un peque\u00f1o <i>picasso,<\/i> un cuadro de <a href=\"https:\/\/elpais.com\/noticias\/miquel-barcelo\/\" target=\"_blank\" rel=\"noopener\" data-link-track-dtm=\"\" data-mrf-link=\"https:\/\/elpais.com\/noticias\/miquel-barcelo\/\">Barcel\u00f3.<\/a> Para m\u00ed, aquello resultaba espeluznante.<\/p>\n<p class=\"\" style=\"text-align: justify;\"><b>\u00bfC\u00f3mo acab\u00f3 aquello?<\/b><\/p>\n<p class=\"\" style=\"text-align: justify;\">Pues acab\u00f3 mal. Yo dej\u00e9 de hablarme con mi padre hasta que se muri\u00f3. No fui a su entierro, no creo que fuera un mal tipo, pero hubo algo que se rompi\u00f3. Con mi madre hablo de vez en cuando, pero hace tiempo que no nos vemos tampoco.<\/p>\n<p class=\"\" style=\"text-align: justify;\"><b>\u00bfAsumir su homosexualidad tuvo algo que ver en el deterioro de las relaciones con sus padres?<\/b><\/p>\n<p class=\"\" style=\"text-align: justify;\">Yo tuve que romper v\u00ednculos y toda influencia suya en mi vida. Cuando me cas\u00e9, conocieron a mi marido y lo llevaron m\u00e1s o menos bien, pero es que sab\u00edan que daba igual lo que dijeran. Yo hab\u00eda perdido toda necesidad de aceptaci\u00f3n y cari\u00f1o.<\/p>\n<p class=\"\" style=\"text-align: justify;\"><b>\u00bfLamenta algo en ese sentido?<\/b><\/p>\n<p class=\"\" style=\"text-align: justify;\">No hubiera podido hacerlo de otra forma. Hubo otros factores. Cuando se arruinaron, por ejemplo, yo los ayud\u00e9 a comprarse una casa. Creo que mi padre nunca se ha sentido m\u00e1s humillado ni tan mal conmigo desde aquello. De verdad que no lo hice con esa intenci\u00f3n, pero\u2026<\/p>\n<figure class=\"a_m a_m-v \" style=\"text-align: justify;\"><span class=\"_db a_m_w _pr lb_btn\"><img data-recalc-dims=\"1\" loading=\"lazy\" decoding=\"async\" class=\"_re lazyload a_m-v alignleft\" src=\"https:\/\/i0.wp.com\/imagenes.elpais.com\/resizer\/qkLozlEiV2BUktx8q1sGqjfuSSA%3D\/414x0\/cloudfront-eu-central-1.images.arcpublishing.com\/prisa\/ADKSGHGDDBE77BNWCN2DAVJV2E.jpg?resize=414%2C621&#038;ssl=1\" sizes=\"auto, (min-width:1199px) 1155px,(min-width:1001px) calc(100vw - 44px),(min-width:768px) 767px, 100vw\" srcset=\"https:\/\/imagenes.elpais.com\/resizer\/qkLozlEiV2BUktx8q1sGqjfuSSA=\/414x0\/cloudfront-eu-central-1.images.arcpublishing.com\/prisa\/ADKSGHGDDBE77BNWCN2DAVJV2E.jpg 414w,https:\/\/imagenes.elpais.com\/resizer\/1UXMAVgYm3RrGTkGND7fWAoqBGg=\/828x0\/cloudfront-eu-central-1.images.arcpublishing.com\/prisa\/ADKSGHGDDBE77BNWCN2DAVJV2E.jpg 640w,https:\/\/imagenes.elpais.com\/resizer\/_-mWMjrjOq3ISo3FtWJ75VW7xx8=\/980x0\/cloudfront-eu-central-1.images.arcpublishing.com\/prisa\/ADKSGHGDDBE77BNWCN2DAVJV2E.jpg 1000w,https:\/\/imagenes.elpais.com\/resizer\/EAEEiMZjsmjs7dlMEn9nol_buQA=\/1960x0\/cloudfront-eu-central-1.images.arcpublishing.com\/prisa\/ADKSGHGDDBE77BNWCN2DAVJV2E.jpg 1960w\" alt=\"&quot;Nos enga\u00f1amos decidiendo por anticipado el final de las cosas, las acabamos antes de que terminen de verdad&quot;. Bob Pop, en su casa de Barcelona.\" width=\"414\" height=\"621\" \/><\/span><figcaption class=\"a_m_p\">\u00abNos enga\u00f1amos decidiendo por anticipado el final de las cosas, las acabamos antes de que terminen de verdad\u00bb. Bob Pop, en su casa de Barcelona.<span class=\"a_m_m\">Anna Huix<\/span><\/figcaption><\/figure>\n<p class=\"\" style=\"text-align: justify;\"><b>\u00bfCu\u00e1ndo le diagnosticaron esclerosis m\u00faltiple?<\/b><\/p>\n<p class=\"\" style=\"text-align: justify;\">Hace unos 30 a\u00f1os, cuando nadie sab\u00eda nada de la enfermedad, pero hace cinco empez\u00f3 a manifestarse con fuerza y a convertirse en degenerativa.<\/p>\n<p class=\"\" style=\"text-align: justify;\"><b>\u00bfQu\u00e9 planes ten\u00eda entonces para su vida?<\/b><\/p>\n<p class=\"\" style=\"text-align: justify;\">No muy diferentes a los de ahora. Quer\u00eda escribir y estar contento. Eso no ha cambiado mucho. Hasta hace cinco a\u00f1os yo hac\u00eda mucho ejercicio, estaba apuntado a dos gimnasios, nadaba, jugaba al waterpolo, sal\u00eda a bailar. Lo hac\u00eda porque quer\u00eda disfrutarlo ya que sab\u00eda que, en alg\u00fan momento, cuando llegara la parte dura de la enfermedad, no podr\u00eda. Pero soy buen\u00edsimo adapt\u00e1ndome.<\/p>\n<p class=\"\" style=\"text-align: justify;\"><b>Aun as\u00ed, ten\u00eda miedo y los pies fr\u00edos, cuenta en su libro.<\/b><\/p>\n<p class=\"\" style=\"text-align: justify;\">S\u00ed, cuando me ven\u00eda un brote, llegaba la incertidumbre absoluta. Ten\u00eda miedo a quedarme solo. Pero cuando conoc\u00ed a Mauricio, mi marido, eso desapareci\u00f3.<\/p>\n<p class=\"\" style=\"text-align: justify;\"><b>Dice que como hombre gay tuvo que luchar contra la masculinidad hetero dominante y t\u00f3xica, pero ahora se plantea si va a tener que hacerlo contra cierta feminidad tambi\u00e9n t\u00f3xica. \u00bfPor qu\u00e9?<\/b><\/p>\n<p class=\"\" style=\"text-align: justify;\">Yo cre\u00eda que no, pero \u00faltimamente con ese sector del feminismo transexcluyente y tremendamente agresivo empiezo a creer que existe eso: una feminidad t\u00f3xica.<\/p>\n<p class=\"\" style=\"text-align: justify;\"><b>Nos van a poner a parir por esto. Yo ahora coloco ese titular y a cubierto.<\/b><\/p>\n<p class=\"\" style=\"text-align: justify;\">Durante mucho tiempo pens\u00e9 que el feminismo era la gran revoluci\u00f3n transversal que lo cambiar\u00eda todo, y cuando parec\u00eda imparable, lleg\u00f3 esta barrera que no entiendo. Que no acepten que las mujeres trans son compa\u00f1eras de batalla y recorrido. Encuentro una agresividad inexplicable. Hay un sector en ese mundo del feminismo intransigente muy t\u00f3xico en esa reivindicaci\u00f3n biol\u00f3gica del co\u00f1o. Si la hicieran t\u00edos hetero con su polla morena, estar\u00edamos escandalizados.<\/p>\n<p class=\"\" style=\"text-align: justify;\"><b>\u00bfEs un problema solo del feminismo o es que todo anda desmadrado en la polarizaci\u00f3n salvaje?<\/b><\/p>\n<p class=\"\" style=\"text-align: justify;\">Yo no s\u00e9 si aqu\u00ed hablamos de polarizaci\u00f3n o de nicho de mercado.<\/p>\n<p class=\"\" style=\"text-align: justify;\"><b>Expl\u00edquese, por favor\u2026<\/b><\/p>\n<p class=\"\" style=\"text-align: justify;\">Tengo la sensaci\u00f3n con el feminismo trans excluyente de que desde alg\u00fan sector pensaron que ya llamaban a cualquiera para cualquier mesa y ese sector quer\u00eda mantener sus voces y sus trocitos del pastel. Con lo que inventaron una etiqueta buena para guardar su propia personalidad. A veces tambi\u00e9n pienso que es cuota del mercado. La del feminismo fet\u00e9n, la del feminismo pata negra.<\/p>\n<p class=\"\" style=\"text-align: justify;\"><b>Usted, rencor de clase, s\u00ed, pero a la vida, ni de lejos.<\/b><\/p>\n<p class=\"\" style=\"text-align: justify;\">Ninguno, siempre digo que la vida ha sido injusta a mi favor, cuando me han venido mal dadas, siempre me ha cogido en buen lugar.<\/p>\n<p class=\"\" style=\"text-align: justify;\"><b>Confiesa usted en un momento que se preocup\u00f3 porque ve\u00eda que no ten\u00eda sentimientos. Una especie de fr\u00edo interior. \u00bfQu\u00e9 le pasaba?<\/b><\/p>\n<p class=\"\" style=\"text-align: justify;\">Estaba superbloqueado. Empec\u00e9 a ir a terapia por eso. Estaba tan dentro de tantas corazas para protegerme de un mundo que pensaba que me iba a hostigar que nada me llegaba ni yo llegaba a nada. Anduve tres a\u00f1os trat\u00e1ndome y salt\u00f3 el tap\u00f3n. El humor fue muy importante.<\/p>\n<p class=\"\" style=\"text-align: justify;\"><b>\u00bfUtiliza el humor como un encubridor?<\/b><\/p>\n<p class=\"\" style=\"text-align: justify;\">S\u00ed, como dir\u00eda <a href=\"https:\/\/elpais.com\/noticias\/alejandra-pizarnik\/\" target=\"_blank\" rel=\"noopener\" data-link-track-dtm=\"\" data-mrf-link=\"https:\/\/elpais.com\/noticias\/alejandra-pizarnik\/\">Alejandra Pizarnik.<\/a> Pero yo creo que me desnuda mucho m\u00e1s de lo que me encubre.<\/p>\n<p class=\"\" style=\"text-align: justify;\"><b>Nos apunta usted maneras de enga\u00f1ar a nuestra esclavitud, \u00bfcu\u00e1les?<\/b><\/p>\n<p class=\"\" style=\"text-align: justify;\">Una de ellas la apunta muy bien Remedios Zafra en su libro El entusiasmo. Dice precisamente que aquello a lo que dedicamos muchas horas porque nos parece creativo, divertido, que se nos pasen las horas, son estados de esclavitud disfrazados de sentidos vitales. El consumo genera esclavitud porque lo ejercemos para sentirnos parte de algo.<\/p>\n<figure class=\"a_m a_m-v \" style=\"text-align: justify;\"><span class=\"_db a_m_w _pr lb_btn\"><img data-recalc-dims=\"1\" loading=\"lazy\" decoding=\"async\" class=\"_re lazyload a_m-v alignright\" src=\"https:\/\/i0.wp.com\/imagenes.elpais.com\/resizer\/s4M6hWaDj77c2o51RNrlQzFRuZI%3D\/414x0\/cloudfront-eu-central-1.images.arcpublishing.com\/prisa\/VTAPRZZERFAK5LSSUT26BZROPA.jpg?resize=414%2C621&#038;ssl=1\" sizes=\"auto, (min-width:1199px) 1155px,(min-width:1001px) calc(100vw - 44px),(min-width:768px) 767px, 100vw\" srcset=\"https:\/\/imagenes.elpais.com\/resizer\/s4M6hWaDj77c2o51RNrlQzFRuZI=\/414x0\/cloudfront-eu-central-1.images.arcpublishing.com\/prisa\/VTAPRZZERFAK5LSSUT26BZROPA.jpg 414w,https:\/\/imagenes.elpais.com\/resizer\/pDzvkJjvwFx0asRfbmnbF7eok3A=\/828x0\/cloudfront-eu-central-1.images.arcpublishing.com\/prisa\/VTAPRZZERFAK5LSSUT26BZROPA.jpg 640w,https:\/\/imagenes.elpais.com\/resizer\/JxbLIhOfQrCDWLjXRUI35RTaV_0=\/980x0\/cloudfront-eu-central-1.images.arcpublishing.com\/prisa\/VTAPRZZERFAK5LSSUT26BZROPA.jpg 1000w,https:\/\/imagenes.elpais.com\/resizer\/UXsj_SpG34AVMs7ewjZge6s2PTM=\/1960x0\/cloudfront-eu-central-1.images.arcpublishing.com\/prisa\/VTAPRZZERFAK5LSSUT26BZROPA.jpg 1960w\" alt=\"Bob Pop: &quot;La vida ha sido injusta a mi favor. Cuando me han venido mal dadas, siempre me ha cogido en buen lugar&quot;.\" width=\"414\" height=\"621\" \/><\/span><figcaption class=\"a_m_p\">Bob Pop: \u00abLa vida ha sido injusta a mi favor. Cuando me han venido mal dadas, siempre me ha cogido en buen lugar\u00bb.<span class=\"a_m_m\">Anna Huix<\/span><\/figcaption><\/figure>\n<p class=\"\" style=\"text-align: justify;\"><b>\u00bfQu\u00e9 quiere decir cuando afirma que evita el dolor desde lo moral y eso le salva?<\/b><\/p>\n<p class=\"\" style=\"text-align: justify;\">Que no soy cuidadoso con la moralidad a la hora de luchar contra lo que duele, incluso con lo m\u00e1s reprobable: la fidelidad, la droga, el alcohol, me parecen bien si lo evitan. Creo que resulta m\u00e1s amoral soportar el dolor y traslad\u00e1rselo a los dem\u00e1s. Haces menos da\u00f1o de esa forma.<\/p>\n<p class=\"\" style=\"text-align: justify;\"><b>\u00a1Qu\u00e9 cat\u00f3lico es eso!<\/b><\/p>\n<p class=\"\" style=\"text-align: justify;\">Uff, y qu\u00e9 dif\u00edcil de quit\u00e1rselo. Un vicio tatuado.<\/p>\n<p class=\"\" style=\"text-align: justify;\"><b>Siempre gana el bien o se ama bien a quien gana, cita usted de Eduardo Haro Tecglen.<\/b><\/p>\n<p class=\"\" style=\"text-align: justify;\">\u00a1Qu\u00e9 grande fue! Siempre adopt\u00e9 tres referentes para escribir de televisi\u00f3n sin tener que centrarme en ella: Michi Panero, Haro Tecglen y Carlos Boyero. Me dieron la venia para usarla como excusa a la hora de contar lo que me d\u00e9 la gana.<\/p>\n<p class=\"\" style=\"text-align: justify;\"><b>En la lista de cosas que odia he apuntado tres: una, la superioridad moral\u2026<\/b><\/p>\n<p class=\"\" style=\"text-align: justify;\">Es que no existe. Es una excusa para imponer.<\/p>\n<p class=\"\" style=\"text-align: justify;\"><b>Segunda: lo normal.<\/b><\/p>\n<p class=\"\" style=\"text-align: justify;\">Lo que los dem\u00e1s nos imponen como normalidad. No existe nada normal. Nadie es normal. Me ofender\u00eda que si al salir de esta entrevista te preguntaran por m\u00ed dijeras que soy muy normal. El problema es que nos falta tiempo para descubrir la diferencia que nos define a cada uno de nosotros. Mis padres me dec\u00edan a menudo: \u201c\u00bfEs que no puedes ser normal?\u201d. Yo eleg\u00ed ser feliz en vez de normal. Siempre entronca con algo burgu\u00e9s, clase media aspiracional.<\/p>\n<p class=\"\" style=\"text-align: justify;\"><b>La tercera son las lentejas. Ah\u00ed no puedo estar m\u00e1s en desacuerdo con eso.<\/b><\/p>\n<p class=\"\" style=\"text-align: justify;\">No puedo con ellas, pero es que viene de un trauma infantil. Me voy a justificar: com\u00eda en el comedor del colegio. Y el d\u00eda que hab\u00eda lentejas, un profesor las ped\u00eda en un vaso Duralex y se las beb\u00eda. No he vuelto a poder probarlas.<\/p>\n<p class=\"\" style=\"text-align: justify;\"><b>\u00bfResult\u00f3 traum\u00e1tica la educaci\u00f3n para usted?<\/b><\/p>\n<p class=\"\" style=\"text-align: justify;\">Fui a dos colegios. Primero a uno del pueblo y luego al CEU de Montepr\u00edncipe, donde tuve unos profesores maravillosos que se les hab\u00edan colado en el sistema a los curas. Yo all\u00ed asum\u00ed qui\u00e9n era y que deb\u00eda ir por delante antes de que me llamaran maric\u00f3n. Llegu\u00e9 a cantar Tatuaje encima de la barra de la cafeter\u00eda. Me empoder\u00e9 mucho. En el primero fue otra cosa. Yo ya ten\u00eda claro que quer\u00eda ser escritor y quienes me humillaban me daban igual.<\/p>\n<p class=\"\" style=\"text-align: justify;\"><b>\u00bfY qui\u00e9n era?<\/b><\/p>\n<p class=\"\" style=\"text-align: justify;\">Un ni\u00f1o marica y raro, no el hombre que mi padre hubiese querido tener como primog\u00e9nito. Si yo estaba con \u00e9l en un lugar p\u00fablico y me aparec\u00eda la pluma, me cruzaba la cara. Pero yo sent\u00eda que lo hac\u00eda m\u00e1s por dolor propio que por odio. Era su miedo el que le llevaba a eso. Me plantaba una bofetada en la cara para que no me la soltara otro. Yo no pod\u00eda llegar a mi casa y decir que me hab\u00edan pegado por marica. El sistema de valores que imperaba tanto all\u00ed como en el colegio era el mismo. Ser marica era igual de malo fuera que dentro. Conservo amigos de aquella \u00e9poca\u2026<\/p>\n<p class=\"\" style=\"text-align: justify;\"><b>\u00bfY rencor?<\/b><\/p>\n<p class=\"\" style=\"text-align: justify;\">No, no. Yo adem\u00e1s ten\u00eda una actitud ante eso nada cobarde. Nunca me achant\u00e9 ante una hostia. De hecho, sent\u00eda que, cuantas m\u00e1s me pegaban, m\u00e1s me asist\u00eda la raz\u00f3n.<\/p>\n<p class=\"\"><b>\u00bfY rencor?<\/b><\/p>\n<p class=\"\">No, no. Yo adem\u00e1s ten\u00eda una actitud ante eso nada cobarde. Nunca me achant\u00e9 ante una hostia. De hecho, sent\u00eda que, cuantas m\u00e1s me pegaban, m\u00e1s me asist\u00eda la raz\u00f3n.<\/p>\n<p><strong><a class=\"a_md_a_n\" title=\"Ver todas las noticias de Jes\u00fas Ruiz Mantilla\" href=\"https:\/\/elpais.com\/autor\/jesus-ruiz-mantilla\/#?rel=author_top\" data-mrf-link=\"https:\/\/elpais.com\/autor\/jesus-ruiz-mantilla\/\">Jes\u00fas Ruiz Mantilla<\/a><\/strong><\/p>\n<header class=\"a_e _g _g-xs\">\n<div class=\"a_e_m\">\n<figure class=\"a_m a_m-v \"><figcaption class=\"a_m_p\">FOTOI: Bob Pop.<span class=\"a_m_m\">Anna Huix<\/p>\n<p>https:\/\/elpais.com\/eps\/2023-10-07\/bob-pop-no-existe-nada-normal-nadie-es-normal-yo-elegi-ser-feliz-en-vez-de-normal.html<br \/>\n<\/span><\/figcaption><\/figure>\n<\/div>\n<\/header>\n<div class=\"a_md _g _g-xs \">\n<figure class=\"a_md_i a_m-h c_m--nf\"><span class=\"a_m_w _db\">\u00a0<\/span><\/figure>\n<div class=\"a_md_txt\">\n<div class=\"a_md_a\" data-dtm-region=\"articulo_firma\">\u00a0<\/div>\n<\/div>\n<\/div>\n","protected":false},"excerpt":{"rendered":"<p>Morderse la lengua no parece la afici\u00f3n favorita de este humorista y guionista sin filtro&#8230;.<\/p>\n","protected":false},"author":1,"featured_media":0,"comment_status":"closed","ping_status":"closed","sticky":false,"template":"","format":"standard","meta":{"_coblocks_attr":"","_coblocks_dimensions":"","_coblocks_responsive_height":"","_coblocks_accordion_ie_support":"","jetpack_post_was_ever_published":false,"_jetpack_newsletter_access":"","_jetpack_dont_email_post_to_subs":false,"_jetpack_newsletter_tier_id":0,"_jetpack_memberships_contains_paywalled_content":false,"_jetpack_memberships_contains_paid_content":false,"footnotes":"","jetpack_publicize_message":"","jetpack_publicize_feature_enabled":true,"jetpack_social_post_already_shared":false,"jetpack_social_options":{"image_generator_settings":{"template":"highway","default_image_id":0,"enabled":false},"version":2}},"categories":[1161,44,7671,6937,15,10],"tags":[10721,1253,591,10722],"class_list":["post-63818","post","type-post","status-publish","format-standard","hentry","category-ciudadania","category-noticias-de-hoy","category-politica","category-sociedad","category-ultimas-noticias","category-salud","tag-bob-pop","tag-enfermedad","tag-felicidad","tag-relaciones-personales"],"jetpack_publicize_connections":[],"jetpack_featured_media_url":"","jetpack_likes_enabled":true,"jetpack_sharing_enabled":true,"_links":{"self":[{"href":"https:\/\/miradordeatarfe.es\/index.php?rest_route=\/wp\/v2\/posts\/63818","targetHints":{"allow":["GET"]}}],"collection":[{"href":"https:\/\/miradordeatarfe.es\/index.php?rest_route=\/wp\/v2\/posts"}],"about":[{"href":"https:\/\/miradordeatarfe.es\/index.php?rest_route=\/wp\/v2\/types\/post"}],"author":[{"embeddable":true,"href":"https:\/\/miradordeatarfe.es\/index.php?rest_route=\/wp\/v2\/users\/1"}],"replies":[{"embeddable":true,"href":"https:\/\/miradordeatarfe.es\/index.php?rest_route=%2Fwp%2Fv2%2Fcomments&post=63818"}],"version-history":[{"count":1,"href":"https:\/\/miradordeatarfe.es\/index.php?rest_route=\/wp\/v2\/posts\/63818\/revisions"}],"predecessor-version":[{"id":63819,"href":"https:\/\/miradordeatarfe.es\/index.php?rest_route=\/wp\/v2\/posts\/63818\/revisions\/63819"}],"wp:attachment":[{"href":"https:\/\/miradordeatarfe.es\/index.php?rest_route=%2Fwp%2Fv2%2Fmedia&parent=63818"}],"wp:term":[{"taxonomy":"category","embeddable":true,"href":"https:\/\/miradordeatarfe.es\/index.php?rest_route=%2Fwp%2Fv2%2Fcategories&post=63818"},{"taxonomy":"post_tag","embeddable":true,"href":"https:\/\/miradordeatarfe.es\/index.php?rest_route=%2Fwp%2Fv2%2Ftags&post=63818"}],"curies":[{"name":"wp","href":"https:\/\/api.w.org\/{rel}","templated":true}]}}