{"id":63820,"date":"2023-10-12T11:02:15","date_gmt":"2023-10-12T09:02:15","guid":{"rendered":"https:\/\/miradordeatarfe.es\/?p=63820"},"modified":"2023-10-12T00:07:36","modified_gmt":"2023-10-11T22:07:36","slug":"cortes-de-trafico-y-peatonales-hasta-el-domingo-por-la-procesion-magna","status":"publish","type":"post","link":"https:\/\/miradordeatarfe.es\/?p=63820","title":{"rendered":"Cortes de tr\u00e1fico y peatonales hasta el domingo por la procesi\u00f3n Magna"},"content":{"rendered":"<div id=\"main\">\n<div class=\"item\">\n<div class=\"anteti\" style=\"text-align: justify;\">34 ENCUENTRO NACIONAL DE COFRADIAS<\/div>\n<h2 style=\"text-align: justify;\">Cortes de tr\u00e1fico y peatonales hasta el domingo por la procesi\u00f3n Magna<\/h2>\n<div class=\"cuerpo\">\n<p style=\"text-align: justify;\">Un total de 22 hermandades granadinas y m\u00e1s de un millar de cofrades participar\u00e1n en la procesi\u00f3n Magna que, con motivo del 34 Encuentro Nacional de Cofrad\u00edas, se celebrar\u00e1 el pr\u00f3ximo s\u00e1bado.<\/p>\n<p class=\"sumari\" style=\"text-align: justify;\">El plan que, con vigencia desde hoy y hasta el domingo 15 de octubre, prev\u00e9 afecciones para la circulaci\u00f3n de veh\u00edculos, el funcionamiento de diversos aparcamientos disuasorios y en el desarrollo del servicio de transporte de autobuses de la ciudad<\/p>\n<p style=\"text-align: justify;\">El Ayuntamiento ha coordinado un dispositivo especial de movilidad, seguridad, mantenimiento y limpieza dise\u00f1ado en colaboraci\u00f3n con Polic\u00eda Local, Bomberos, Protecci\u00f3n Civil Inagra, Cuerpos y Fuerzas y Seguridad del Estado y la Real Federaci\u00f3n de Hermandades y Cofrad\u00edas de Granada para garantizar el normal desarrollo de la celebraci\u00f3n el s\u00e1bado 14 de octubre de la procesi\u00f3n extraordinaria 2023 por las principales calles de la ciudad.<\/p>\n<p style=\"text-align: justify;\">El plan de seguridad dise\u00f1ado ser\u00e1 coordinado desde el Centro de Coordinaci\u00f3n Operativa (CECOP) que estar\u00e1 establecido en las dependencias de la Polic\u00eda Local en la Huerta del Rasillo. Se ha dispuesto, a su vez, un plan especial de emergencias sanitarias, para lo que se contar\u00e1 con la colaboraci\u00f3n de Cruz Roja, con el emplazamiento de dos unidades de ambulancia, en plaza Bib-Rambla y Recogidas, adem\u00e1s de un punto fijo en la Fuente de las Batallas.<\/p>\n<p style=\"text-align: justify;\">Dada la afluencia de visitantes, se han habilitados tres puntos de bajada de pasajeros de autocares en Paseo de los Basilios, Calle Neptuno y Calle Rector Mar\u00edn Ocete.<\/p>\n<p style=\"text-align: justify;\">El plan que, con vigencia desde hoy y hasta el domingo 15 de octubre, prev\u00e9 afecciones para la circulaci\u00f3n de veh\u00edculos, el funcionamiento de diversos aparcamientos disuasorios y en el desarrollo del servicio de transporte de autobuses de la ciudad.<\/p>\n<div class=\"divdest\" style=\"text-align: justify;\"><strong>Recorrido oficial.<\/strong> La carrera oficial de la procesi\u00f3n extraordinaria ser\u00e1 calle Pasiegas, C\u00e1rcel Baja, Gran V\u00eda de Col\u00f3n, Reyes Cat\u00f3licos, Acera del Carro con finalizaci\u00f3n en este punto con Puente de Casta\u00f1eda, por lo que para garantizar la seguridad se han dispuesto seis pasillos situados en Gran V\u00eda con C\u00e1rcel Baja; cruce de plaza Isabel la Cat\u00f3lica, a la altura del edificio de Cortefiel; calle L\u00f3pez Rubio con calle Corral del Carb\u00f3n, calle Pr\u00edncipe hasta plaza del Carmen, Puerta Real, en el tramo de calle Alh\u00f3ndiga con Ganivet,\u00a0 y en Acera del Casino.<\/p>\n<p>Se han dispuesto 8.700 sillas a lo largo del recorrido, con dos tribunas que se instalar\u00e1n en plaza del Carmen, reservada a autoridades, mientras que la prevista en plaza de Isabel la Cat\u00f3lica, se destinar\u00e1 a los asistentes al Congreso Nacional de Hermandades.<\/p><\/div>\n<p style=\"text-align: justify;\">Procesi\u00f3n\u00a0<\/p>\n<p style=\"text-align: justify;\">La Federaci\u00f3n de Cofrad\u00edas prepara para el 14 de octubre una gran procesi\u00f3n en la que participar\u00e1n 22 pasos, conform\u00e1ndose el trig\u00e9simo cuarto Encuentro Nacional de Cofrad\u00edas. Se tratar\u00e1 de una v\u00eda crucis con los pasos de las hermandades de la Semana Santa.<\/p>\n<p style=\"text-align: justify;\"><iframe loading=\"lazy\" src=\"https:\/\/www.google.com\/maps\/d\/embed?mid=1dzPTWB1lm5a9AimHQzPf99fG3P2cLBc&amp;ehbc=2E312F\" width=\"640\" height=\"480\" data-mce-fragment=\"1\"><\/iframe><\/p>\n<p style=\"text-align: justify;\"><strong>ITINERARIO:<\/strong><\/p>\n<p style=\"text-align: justify;\">A las 17:00 horas del s\u00e1bado d\u00eda 14 de octubre partir\u00e1 de la puerta de la Encarnaci\u00f3n de la Catedral, seguir\u00e1 por Plaza de las Pasiegas en direcci\u00f3n al Pie de la Torre para subir por calle C\u00e1rcel Baja hasta Gran V\u00eda. Despu\u00e9s bajar\u00e1 por Reyes Cat\u00f3licos, Acera del Darro, para finalizar a la altura de calle Puente de Casta\u00f1eda. Una vez llegados a este punto, las hermandades realizar\u00e1n sus itinerarios de vuelta.<\/p>\n<p style=\"text-align: justify;\"><strong>TRASLADOS DE LOS TEMPLOS A LA CATEDRAL<\/strong><\/p>\n<p style=\"text-align: justify;\"><strong>AFECCIONES al tr\u00e1fico de los TRASLADOS:<\/strong><\/p>\n<p style=\"text-align: justify;\">&#8211; Mi\u00e9rcoles d\u00eda 11 entre las 19:00 horas y las 22:00 horas:<\/p>\n<p style=\"text-align: justify;\">Solo se crear\u00e1n RETENCIONES, EXCEPTO EN LA ZONA DE FIGARES (C\/ AGUSTINA DE ARAG\u00d3N, C\/ ALHAMAR Y C\/ SAN ANT\u00d3N), QUE QUEDAR\u00c1 CORTADO.<\/p>\n<p style=\"text-align: justify;\">&#8211; Jueves d\u00eda 12 entre las 07:00 horas y las 10:00 horas:<\/p>\n<p style=\"text-align: justify;\">Solo se crear\u00e1n RETENCIONES, EXCEPTO EN LA AVD. DE DILAR, TRAMO ENTRE C\/ POETA GRACI\u00c1N HASTA AVD. PABLO PICASSO DE 06:00 A 08:00 HORAS APROXIMADAMENTE, QUE QUEDAR\u00c1 CORTADO.<\/p>\n<p style=\"text-align: justify;\"><strong>AFECCIONES a aparcamientos SUBTERR\u00c1NEOS:<\/strong><\/p>\n<p style=\"text-align: justify;\">&#8211; Afectados: S\u00c1N AGUST\u00cdN y PUERTA REAL.<\/p>\n<p style=\"text-align: justify;\">&#8211; Recomendados: Todos los aparcamientos que se encuentran en el borde de la ciudad y per\u00edmetro de afecci\u00f3n del corte:<\/p>\n<p style=\"text-align: justify;\">\u00a0 \u00a0&#8211; Acceso oeste a la ciudad: M\u00e9ndez N\u00fa\u00f1ez, Alsina, Severo Ochoa, Neptuno y Arabial Genil.<\/p>\n<p style=\"text-align: justify;\">\u00a0 \u00a0&#8211; Accesos Sur: Nuevo los C\u00e1rmenes (junto parada de metro ligero) y Cruz de Lagos.<\/p>\n<p style=\"text-align: justify;\">\u00a0 \u00a0&#8211; Accesos Norte: Antiguo los C\u00e1rmenes, San L\u00e1zaro, Traumatolog\u00eda y Triunfo.<\/p>\n<p style=\"text-align: justify;\"><strong>AFECCIONES al TRANSPORTE P\u00daBLICO:<\/strong><\/p>\n<p style=\"text-align: justify;\">TREN TUR\u00cdSTICO y TAXI<\/p>\n<p style=\"text-align: justify;\">El servicio puede sufrir retenciones durante los traslados previstos para los d\u00edas 11 y 12 de octubre.<\/p>\n<p style=\"text-align: justify;\">SERVICIO ESTACIONAMIENTO LIMITADO. ORA.<\/p>\n<p style=\"text-align: justify;\">No se afecta el servicio.<\/p>\n<p style=\"text-align: justify;\">L\u00edneas de AUTOB\u00daS<\/p>\n<p style=\"text-align: justify;\">&#8211; D\u00eda 11 de Octubre: Afecci\u00f3n puntual por retenciones en las distintas l\u00edneas. No se prev\u00e9n desv\u00edos.<\/p>\n<p style=\"text-align: justify;\">&#8211; D\u00eda 12 de Octubre:<\/p>\n<p style=\"text-align: justify;\">\u00a0 \u00a0&#8211; L\u00ednea 4: Entre las 6:00 y las 8:00 horas se desviar\u00e1 la l\u00ednea por Carlos V y Andr\u00e9s Segovia, en ida, tomando su recorrido habitual.<\/p>\n<p style=\"text-align: justify;\">\u00a0 \u00a0&#8211; Resto de l\u00edneas: Afecci\u00f3n puntual por retenciones, pero no se prev\u00e9n desv\u00edos de las mismas.<\/p>\n<p style=\"text-align: justify;\"><strong>TRASLADOS:<\/strong><\/p>\n<p style=\"text-align: justify;\"><strong>El d\u00eda 11 de octubre de 2023, entre las 17:00 y las 22:00 horas, realizar\u00e1n su Traslado las siguientes Hermandades:<\/strong><\/p>\n<p style=\"text-align: justify;\">MISTERIO DE NUESTRO PADRE JES\u00daS DESPOJADO DE SUS VESTIDURAS.<\/p>\n<p style=\"text-align: justify;\">&#8211; Horario Inicio: 19:00h<\/p>\n<p style=\"text-align: justify;\">&#8211; Itinerario: M\u00fasico Jos\u00e9 Ayala Cant\u00f3, Agustina de Arag\u00f3n, Mulhac\u00e9n, San Jos\u00e9 Baja, Nueva de San Ant\u00f3n, San Ant\u00f3n, Recogidas, Alh\u00f3ndiga, Jaudenes, Marqu\u00e9s de Gerona, Plaza de las Pasiegas, Pie de la Torre, C\u00e1rcel Baja, Puerta del Perd\u00f3n de la Santa Iglesia Catedral.<\/p>\n<p style=\"text-align: justify;\">ENTRADA DE JES\u00daS EN JERUSALEN<\/p>\n<p style=\"text-align: justify;\">&#8211; Horario Inicio: 20:00h<\/p>\n<p style=\"text-align: justify;\">&#8211; Itinerario: Iglesia Parroquial de San Andr\u00e9s Ap\u00f3stol, Calle Elvira, C\u00e1rcel Baja, Gran V\u00eda, C\u00e1rcel Baja, Puerta del Perd\u00f3n de la Santa Iglesia Catedral.<\/p>\n<p style=\"text-align: justify;\">NUESTRO PADRE JES\u00daS DE LA PASI\u00d3N<\/p>\n<p style=\"text-align: justify;\">&#8211; Horario de Inicio: 18:00h<\/p>\n<p style=\"text-align: justify;\">&#8211; Itinerario: Plaza de San Crist\u00f3bal, Larga de San Crist\u00f3bal, Carretera de Murcia, Pag\u00e9s, Plaza del Salvador, Cuesta del Chap\u00edz, Paseo del Padre Manj\u00f3n, Carrera del Darro, Plaza de Santa Ana, Plaza Nueva, Reyes Cat\u00f3licos, Gran V\u00eda, C\u00e1rcel Baja,Puerta del Perd\u00f3n de la Santa Iglesia Catedral.<\/p>\n<p style=\"text-align: justify;\">NUESTRO SE\u00d1OR DE LA MEDITACI\u00d3N<\/p>\n<p style=\"text-align: justify;\">&#8211; Horario de Inicio: 20:00h<\/p>\n<p style=\"text-align: justify;\">&#8211; Itinerario: Plaza de Universidad, Calle San Jer\u00f3nimo, Calle C\u00e1rcel Baja, Puerta del Perd\u00f3n de la Santa Iglesia Catedral.<\/p>\n<p style=\"text-align: justify;\">MARIA SANT\u00cdSIMA DEL SACROMONTE<\/p>\n<p style=\"text-align: justify;\">&#8211; Horario de Inicio: 17:00h<\/p>\n<p style=\"text-align: justify;\">&#8211; Itinerario: Abad\u00eda del Sacromonte, Cuesta del Chap\u00edz ,Carrera del Darro, Plaza Nueva, Gran V\u00eda, C\u00e1rcel Baja, Catedral.<\/p>\n<p style=\"text-align: justify;\">NUESTRO PADRE JESUS DE LA SENTENCIA<\/p>\n<p style=\"text-align: justify;\">&#8211; Horario de Inicio: 20:00h<\/p>\n<p style=\"text-align: justify;\">&#8211; Itinerario: Carrera del Darro, Plaza de Santa Ana, Plaza Nueva, Reyes Cat\u00f3licos, Gran V\u00eda de Col\u00f3n, C\u00e1rcel Baja, Puerta del Perd\u00f3n de la Santa Iglesia Catedral.<\/p>\n<p style=\"text-align: justify;\"><strong>El d\u00eda 12 de octubre de 2023, entre las 06:30 y las 10:00 horas, realizar\u00e1n su Traslado las siguientes Hermandades:<\/strong><\/p>\n<p style=\"text-align: justify;\">HERMANDAD PACIENCIA Y PENAS<\/p>\n<p style=\"text-align: justify;\">&#8211; Horario de Inicio: 08:00h<\/p>\n<p style=\"text-align: justify;\">&#8211; Itinerario: San Mat\u00edas, Plaza Isabel la Cat\u00f3lica, Gran V\u00eda, C\u00e1rcel Baja, Puerta del Perd\u00f3n de la Santa Iglesia Catedral.<\/p>\n<p style=\"text-align: justify;\">HERMANDAD DE LA SANTA CENA<\/p>\n<p style=\"text-align: justify;\">&#8211; Horario de Inicio: 08:00h<\/p>\n<p style=\"text-align: justify;\">&#8211; Itinerario: Plaza Santo Domingo, Carnicer\u00eda, Santa Escol\u00e1stica, Pavaneras, Plaza Isabel La Cat\u00f3lica, Gran V\u00eda, C\u00e1rcel Baja, Puerta del Perd\u00f3n de la Santa Iglesia Catedral.<\/p>\n<p style=\"text-align: justify;\">HERMANDAD DE LA HUMILDAD<\/p>\n<p style=\"text-align: justify;\">&#8211; Horario de Inicio: 08:15h<\/p>\n<p style=\"text-align: justify;\">&#8211; Itinerario: Plaza Santo Domingo, Carnicer\u00eda, Santa Escol\u00e1stica, Pavaneras, Plaza Isabel La Cat\u00f3lica, Gran V\u00eda, C\u00e1rcel Baja, Puerta del Perd\u00f3n de la Santa Iglesia Catedral.<\/p>\n<p style=\"text-align: justify;\">HERMANDAD TRES CAIDAS<\/p>\n<p style=\"text-align: justify;\">&#8211; Horario de Inicio: 08:10h<\/p>\n<p style=\"text-align: justify;\">&#8211; Itinerario: Plaza Santo Domingo, Carnicer\u00eda, Santa Escol\u00e1stica, Pavaneras, Plaza Isabel La Cat\u00f3lica, Gran V\u00eda, C\u00e1rcel Baja, Puerta del Perd\u00f3n de la Santa Iglesia Catedral.<\/p>\n<p style=\"text-align: justify;\">SANTISIMO CRISTO DE LOS FAVORES<\/p>\n<p style=\"text-align: justify;\">&#8211; Horario de Inicio: 08:10h<\/p>\n<p style=\"text-align: justify;\">&#8211; Itinerario: Plaza Cristo de los Favores, Cuesta de San Cecilio, Campo del Pr\u00edncipe (lateral derecho), Misericordia Coronada, Molinos, Plaza Realejo, Plaza de Fortuny, Santa Escol\u00e1stica, Pavaneras, Plaza de Isabel La Cat\u00f3lica, Gran V\u00eda, C\u00e1rcel Baja, Puerta del Perd\u00f3n de la Santa Iglesia Catedral.<\/p>\n<p style=\"text-align: justify;\">ORACION DE NUESTRO SE\u00d1OR EN EL HUERTO DE LOS OLIVOS<\/p>\n<p style=\"text-align: justify;\">&#8211; Horario de Inicio: 08:00h<\/p>\n<p style=\"text-align: justify;\">&#8211; Itinerario: Calle Santiago, Plaza Realejo, Plaza de Fortuny, Santa Escol\u00e1stica, Pavaneras, Plaza de Isabel La Cat\u00f3lica, Gran V\u00eda de Col\u00f3n, C\u00e1rcel Baja, Puerta del Perd\u00f3n de la Santa Iglesia Catedral.<\/p>\n<p style=\"text-align: justify;\">HERMANDAD DE LA REDENCION<\/p>\n<p style=\"text-align: justify;\">&#8211; Horario de Inicio: 06:30h<\/p>\n<p style=\"text-align: justify;\">&#8211; Itinerario: Iglesia de Mar\u00eda Auxiliadora, C\/ Doctor Rodr\u00edguez de la Fuente, C\/ Almu\u00f1\u00e9car, Avenida de C\u00e1diz, Avenida de D\u00edlar, C\/ Profesor Tierno Galv\u00e1n, Plaza Rotary, C\/ San Ant\u00f3n, Recogidas, C\/ Alh\u00f3ndiga, Jaudenes, M\u00e1rques de Gerona, Plaza de las Pasiegas, Pie de la Torre, C\u00e1rcel Baja, Puerta del Perd\u00f3n de la Santa Iglesia Catedral.<\/p>\n<p style=\"text-align: justify;\">RESURRECCION Y MARIA SANTISIMA DEL TRIUNFO<\/p>\n<p style=\"text-align: justify;\">&#8211; Horario de Inicio: 07:15h<\/p>\n<p style=\"text-align: justify;\">&#8211; Itinerario: Calle Primavera, Bruselas, C\/ Profesor Tierno Galv\u00e1n, Plaza Rotary, C\/ San Ant\u00f3n, Recogidas, C\/ Alh\u00f3ndiga, C\/ Ja\u00fadenes, M\u00e1rques de Gerona, Plaza de las Pasiegas, Pie de la Torre, C\u00e1rcel Baja, Puerta del Perd\u00f3n de la Santa Iglesia Catedral.<\/p>\n<p style=\"text-align: justify;\">HERMANDAD DE LA LANZADA<\/p>\n<p style=\"text-align: justify;\">&#8211; Horario de Inicio: 06:30h<\/p>\n<p style=\"text-align: justify;\">&#8211; Itinerario: Avenida de Fernando de los R\u00edos, Avd. De Barcelona, Avd. de D\u00edlar, C\/ Profesor Tierno Galv\u00e1n, Plaza Rotary, calle San Ant\u00f3n, Recogidas, calle Alh\u00f3ndiga, Ja\u00fadenes, M\u00e1rques de Gerona, Plaza de las Pasiegas, Pie de la Torre, C\u00e1rcel Baja, Puerta del Perd\u00f3n de la Santa Iglesia Catedral.<\/p>\n<p style=\"text-align: justify;\">SANTISIMO CRISTO DEL TRABAJO.<\/p>\n<p style=\"text-align: justify;\">&#8211; Horario de Inicio: 06:30h<\/p>\n<p style=\"text-align: justify;\">&#8211; Itinerario: Calle Polinario, Avenida de D\u00edlar, C\/ Profesor Tierno Galv\u00e1n, Plaza Rotary, calle San Ant\u00f3n, Recogidas, calle Alh\u00f3ndiga, Ja\u00fadenes, M\u00e1rques de Gerona, Plaza de las Pasiegas, Pie de la Torre, C\u00e1rcel Baja, Puerta del Perd\u00f3n de la Santa Iglesia Catedral.<\/p>\n<p style=\"text-align: justify;\">SANTISIMO CRISTO DE LA EXPIRACION<\/p>\n<p style=\"text-align: justify;\">&#8211; Horario de Inicio: 07:30h<\/p>\n<p style=\"text-align: justify;\">&#8211; Itinerario: Paseo de los Basilios, Paseo del Viol\u00f3n, Plaza Rotary, calle San Ant\u00f3n Recogidas, calle Alh\u00f3ndiga, Ja\u00fadenes, M\u00e1rques de Gerona, Plaza de las Pasiegas, Pie de la Torre, C\u00e1rcel Baja, Puerta del Perd\u00f3n de la Santa Iglesia Catedral.<\/p>\n<p style=\"text-align: justify;\">NUESTRA SE\u00d1ORA DE LOS DOLORES<\/p>\n<p style=\"text-align: justify;\">&#8211; Horario de Inicio: 07:30h<\/p>\n<p style=\"text-align: justify;\">&#8211; Itinerario: Carrera del Darro, Plaza de Santa Ana, Plaza Nueva, Reyes Cat\u00f3licos, Gran V\u00eda, C\u00e1rcel Baja, Puerta del Perd\u00f3n de la Santa Iglesia Catedral.<\/p>\n<p style=\"text-align: justify;\">NUESTRA SE\u00d1ORA DE LA ESPERANZA<\/p>\n<p style=\"text-align: justify;\">&#8211; Horario de Inicio: 08:00h<\/p>\n<p style=\"text-align: justify;\">&#8211; Itinerario: Plaza Santa Ana, Plaza Nueva, Reyes Cat\u00f3licos, Gran V\u00eda de Colon, C\u00e1rcel Baja, Puerta del Perd\u00f3n de la Santa Iglesia Catedral.<\/p>\n<p style=\"text-align: justify;\">MARIA SANTISIMA DE LA AURORA<\/p>\n<p style=\"text-align: justify;\">&#8211; Horario de Inicio: 07:00h<\/p>\n<p style=\"text-align: justify;\">&#8211; Itinerario: Plaza San Miguel, Cauchiles, San Jos\u00e9, Cuesta de San Gregorio, C\u00e1rcel Alta, Plaza Nueva, Calle Reyes Cat\u00f3licos por el carril derecho, Plaza Isabel la Cat\u00f3lica, Gran V\u00eda de Colon, C\u00e1rcel Baja, Puerta del Perd\u00f3n de la Santa Iglesia Catedral.<\/p>\n<p style=\"text-align: justify;\">NUESTRO PADRE JESUS DEL RESCATE<\/p>\n<p style=\"text-align: justify;\">&#8211; Horario de Inicio: 08:30h<\/p>\n<p style=\"text-align: justify;\">&#8211; Itinerario: Calle Gracia, Alh\u00f3ndiga, Ja\u00fadenes, M\u00e1rques de Gerona, Plaza de las Pasiegas, Pie de la Torre, C\u00e1rcel Baja, Puerta del Perd\u00f3n de la Santa Iglesia Catedral.<\/p>\n<p style=\"text-align: justify;\">NUESTRA SE\u00d1ORA DE LA SOLEDAD DE SAN JERONIMO<\/p>\n<p style=\"text-align: justify;\">&#8211; Horario de Inicio: 07:30h<\/p>\n<p style=\"text-align: justify;\">&#8211; Itinerario: Rector L\u00f3pez Arg\u00fceta, San Juan de Dios, San Jer\u00f3nimo, C\u00e1rcel Baja, Puerta del Perd\u00f3n de la Santa Iglesia Catedral.<\/p>\n<p style=\"text-align: justify;\"><strong>RECORRIDOS HASTA SUS TEMPLOS<\/strong><\/p>\n<p style=\"text-align: justify;\"><strong>AFECCIONES al tr\u00e1fico de los RECORRIDOS hasta los TEMPLOS:<\/strong><\/p>\n<p style=\"text-align: justify;\"><strong>S\u00e1bado d\u00eda 14 entre las 17:00 horas y las 2:00 horas en distintos puntos de la ciudad:<\/strong><\/p>\n<p style=\"text-align: justify;\">&#8211; El corte del tr\u00e1fico en el centro (C\/ Gran V\u00eda, C\/ Reyes Cat\u00f3licos) se producir\u00e1 a las 07:00 horas y a las 13:00 horas (en Acera del Darro, tramo desde Puente Romano hasta Puerta Real) hasta finalizaci\u00f3n de las procesiones.<\/p>\n<p style=\"text-align: justify;\">&#8211; A partir de las 15:30h aproximadamente, corte en C\/ Recogidas, C\/ San Mat\u00edas y zona del Realejo y Albayzin.<\/p>\n<p style=\"text-align: justify;\">&#8211; En el resto de las zonas de la ciudad (Zaid\u00edn, Albayz\u00edn y Realejo), el corte del tr\u00e1fico ser\u00e1 el mismo que se produce en el periodo de Semana Santa.<\/p>\n<p style=\"text-align: justify;\"><strong>AFECCIONES a aparcamientos SUBTERR\u00c1NEOS:<\/strong><\/p>\n<p style=\"text-align: justify;\">&#8211; Afectados: S\u00c1N AGUST\u00cdN y PUERTA REAL.<\/p>\n<p style=\"text-align: justify;\">&#8211; Recomendados: Todos los aparcamientos que se encuentran en el borde de la ciudad y per\u00edmetro de afecci\u00f3n del corte:<\/p>\n<p style=\"text-align: justify;\">\u00a0 \u00a0&#8211; Acceso oeste a la ciudad: M\u00e9ndez N\u00fa\u00f1ez, Alsina, Severo Ochoa, Neptuno y Arabial Genil.<\/p>\n<p style=\"text-align: justify;\">\u00a0 \u00a0&#8211; Accesos Sur: Nuevo los C\u00e1rmenes (junto parada de metro ligero) y Cruz de Lagos.<\/p>\n<p style=\"text-align: justify;\">\u00a0 \u00a0&#8211; Accesos Norte: Antiguo los C\u00e1rmenes, San L\u00e1zaro, Traumatolog\u00eda y Triunfo.<\/p>\n<p style=\"text-align: justify;\"><strong>AFECCIONES al TRANSPORTE P\u00daBLICO:<\/strong><\/p>\n<p style=\"text-align: justify;\">TREN TUR\u00cdSTICO<\/p>\n<p style=\"text-align: justify;\">El 14 de octubre se ver\u00e1 afectado el servicio por el corte entre las 15:00 horas y hasta las 21: horas del eje Recogidas-\u00c1ngel Ganivet.<\/p>\n<p style=\"text-align: justify;\">TAXI.<\/p>\n<p style=\"text-align: justify;\"><strong>El 14 de octubre quedar\u00e1n suprimidas a partir de las 15:00 horas las paradas de Acera del Darro y Fuente de las Batallas.<\/strong><\/p>\n<p style=\"text-align: justify;\">SERVICIO ESTACIONAMIENTO LIMITADO. ORA.<\/p>\n<p style=\"text-align: justify;\">No se afecta el servicio.<\/p>\n<p style=\"text-align: justify;\">L\u00edneas de AUTOB\u00daS: D\u00eda 14 de Octubre hasta las 13:00h<\/p>\n<p style=\"text-align: justify;\">\u00a0 \u00a0 &#8211; L\u00ednea 4 y 8: Desv\u00edo por Camino de Ronda \u0096 Recogidas \u0096 Acera del Casino donde recupera su recorrido habitual (en ida y en vuelta)<\/p>\n<p style=\"text-align: justify;\">\u00a0 \u00a0 &#8211; L\u00ednea 11: Sentido hacia Villarejo, Desv\u00edo por Recogidas hacia Camino de Ronda subiendo por Fuente Nueva hasta llegar a Triunfo donde recupera su recorrido habitual.<\/p>\n<p style=\"text-align: justify;\">\u00a0 \u00a0 &#8211; L\u00ednea 21 y 33: Desv\u00edo por Camino de Ronda \u0096 Recogidas \u0096 Acera del Casino donde recupera su recorrido habitual (en ida y en vuelta)<\/p>\n<p style=\"text-align: justify;\">\u00a0 \u00a0 &#8211; L\u00ednea 31, 32 y 34: Desv\u00eda su recorrido en Gran V\u00eda por Calle Elvira<\/p>\n<p style=\"text-align: justify;\">L\u00edneas de AUTOB\u00daS: D\u00eda 14 de Octubre a partir de las 13:00h<\/p>\n<p style=\"text-align: justify;\">\u00a0 \u00a0 &#8211; L\u00ednea 4: Desv\u00edos por cortes de tr\u00e1fico en Avda. de D\u00edlar. Sentido Ida: Avd. D\u00edlar- Avd. Am\u00e9rica- Cno Ronda \u0096Avda. Fuente Nueva<\/p>\n<p style=\"text-align: justify;\">Sentido Vuelta: Severo Ochoa \u0096 Avda. de Fuente Nueva \u0096 Camino de Ronda \u0096 Rotonda de la Aviaci\u00f3n \u0096 Paseo del Viol\u00f3n \u0096 Tierno Galv\u00e1n<\/p>\n<p style=\"text-align: justify;\">A partir de cortes de tr\u00e1fico por recorridos de Procesiones en Avda. de D\u00edlar.<\/p>\n<p style=\"text-align: justify;\">Tanto en IDA como en VUELTA se aplicar\u00e1n los cortes habituales en Semana Santa desviando tanto por los recorridos de las procesiones de La Lanzada, Redenci\u00f3n y Trabajo y Luz.<\/p>\n<p style=\"text-align: justify;\">\u00a0 \u00a0 &#8211; L\u00ednea 8: Desv\u00edos por cortes de tr\u00e1fico en Avda. de D\u00edlar. Sentido Ida: Andr\u00e9s Segovia- Palencia-Avd. D\u00edlar- Avd. Am\u00e9rica- Cno Ronda\u0096 Avda. Fuente Nueva<\/p>\n<p style=\"text-align: justify;\">Sentido Vuelta: Severo Ochoa \u0096 Avda. de Fuente Nueva \u0096 Camino de Ronda \u0096 Rotonda de la Aviaci\u00f3n \u0096 Paseo del Viol\u00f3n \u0096 Tierno Galv\u00e1n A partir de cortes de tr\u00e1fico por recorridos de Procesiones en Avda. de D\u00edlar.<\/p>\n<p style=\"text-align: justify;\">Tanto en IDA como en VUELTA se aplicar\u00e1n los cortes habituales en Semana Santa desviando tanto por los recorridos de las procesiones de La Lanzada, Redenci\u00f3n y Trabajo y Luz.<\/p>\n<p style=\"text-align: justify;\">\u00a0 \u00a0 &#8211; L\u00ednea 9: Sentido Ida: Profesor Albareda &#8211; Pablo Picasso \u0096 C\/ Bruselas \u0096 C\/ Primavera \u0096 Plaza Fontiveros. Avda. Am\u00e9rica \u0096 Camino de Ronda.<\/p>\n<p style=\"text-align: justify;\">Sentido Vuelta: Cno Ronda-Avd. Am\u00e9rica- Avd. Am\u00e9rica- Andr\u00e9s Segovia \u0096 Pablo Picasso \u0096 Profesor Albareda \u0096 Callej\u00f3n del Petrorio<\/p>\n<p style=\"text-align: justify;\">\u00a0 \u00a0 &#8211; L\u00ednea 11: Sentido Ida: Avd. Cervantes- Paseo de la Bomba- Paseo del Sal\u00f3n- Acera del Darro para continuar su itinerario habitual<\/p>\n<p style=\"text-align: justify;\">\u00a0 \u00a0 &#8211; L\u00ednea 13: Ctra. De la Sierra- Plaza del Duque de San Pedro Galatino (Cabecera de l\u00ednea)- Ctra. de la Sierra para continuar su itinerario<\/p>\n<p style=\"text-align: justify;\">\u00a0 \u00a0 &#8211; L\u00ednea 21: Desv\u00edo por Severo Ochoa \u0096 Avda. de Fuente Nueva &#8211; Camino de Ronda \u0096 Rotonda de la Aviaci\u00f3n, tanto en ida como en vuelta.<\/p>\n<p style=\"text-align: justify;\">\u00a0 \u00a0 &#8211; L\u00ednea 33: Sentido Ida: Puente Verde &#8211; Profesor Albareda &#8211; Pablo Picasso \u0096 C\/ Bruselas \u0096 C\/ Primavera \u0096 Plaza Fontiveros . Avda. Am\u00e9rica \u0096 Camino de Ronda \u0096 Avda. Fuente Nueva \u0096 Severo Ochoa Sentido Vuelta: Severo Ochoa \u0096 Avda. Fuente Nueva Camino de Ronda &#8211; Avd. Am\u00e9rica- Andr\u00e9s Segovia \u0096 Pablo Picasso \u0096 Profesor Albareda \u0096 Callej\u00f3n del Petrorio \u0096 Paseo de los Basilios.<\/p>\n<p style=\"text-align: justify;\">\u00a0 \u00a0 &#8211; L\u00edneas 4,8,9,11 y 33: Pueden sufrir retenciones de acuerdo a la apertura de cruces en sus recorridos por el Zaid\u00edn.<\/p>\n<p style=\"text-align: justify;\"><strong>RECORRIDOS:<\/strong><\/p>\n<p style=\"text-align: justify;\">El d\u00eda 14 de octubre de 2023 desde las 17:00 horas, las Hermandades realizar\u00e1n, desde el Edificio Zaida (fin del RECORRIDO OFICIAL) los siguientes recorridos hasta sus Templos, estando su finalizaci\u00f3n prevista a las 01:00 horas del d\u00eda 15 de octubre de 2023, en la zona del Albayz\u00edn y Carrera del Darro.<\/p>\n<p style=\"text-align: justify;\">1. HERMANDAD ENTRADA DE JES\u00daS EN JERUSAL\u00c9N<\/p>\n<p style=\"text-align: justify;\">ITINERARIO.- Acera del Darro, Carrera de la Virgen, Plaza de Bibataub\u00edn (lateral derecho, bordeando el Palacio), Plaza del Campillo Bajo, Plaza de Mariana Pineda (lateral del Caf\u00e9 F\u00fatbol), San Mat\u00edas, Pavaneras, Colcha, Reyes Cat\u00f3licos, Plaza Nueva, Elvira, a su sede de la Iglesia Parroquial de San Andr\u00e9s.<\/p>\n<p style=\"text-align: justify;\">2. HERMANDAD DE LA SANTA CENA<\/p>\n<p style=\"text-align: justify;\">ITINERARIO.- Salida (17:05 horas aprox.) RECORRIDO OFICIAL. Edificio Zaida (18:45 horas aprox), Acera del Darro, Carrera de la Virgen (lateral derecho), Paseo del Sal\u00f3n (Fuente de las Granadas), Carrera de la Virgen (lateral izquierdo), Plaza del Campillo, Plaza de Mariana Pineda, Calle San Mat\u00edas (esquina con Calle Navas 20:00 horas) Calle Pavaneras, Calle Santa Escol\u00e1tica, Plaza de los Girones, Ancha de Santo Domingo, Plaza de Santo Domingo, a su Templo (21:30 horas).<\/p>\n<p style=\"text-align: justify;\">3. ORACI\u00d3N DE NUESTRO SE\u00d1OR EN EL HUERTO DE LOS OLIVOS<\/p>\n<p style=\"text-align: justify;\">ITINERARIO.- 20:35 Carrera de la Virgen, Plaza del Campillo, Plaza Mariana Pineda, San Mat\u00edas, Pavaneras, Santa Escol\u00e1tica, Plaza Fortuny, Santiago, Iglesia Monasterio de las Comendadores de Santiago. 22:35.<\/p>\n<p style=\"text-align: justify;\">4. NUESTRO PADRE JES\u00daS DE LA PACIENCIA<\/p>\n<p style=\"text-align: justify;\">ITINERARIO.- Acera del Darro (fin carrera oficial) (19:00 h.), Carrera de la Virgen (lateral derecho), Paseo del Sal\u00f3n, Carrera de la Virgen (lateral izquierdo), Ancha de la Virgen (19:45), Cuesta Aixa, Plaza de los Campos, Cuesta del Progreso, San Mat\u00edas, Parroquia de San Mat\u00edas (21:10).<\/p>\n<p style=\"text-align: justify;\">5. SE\u00d1ORA DE LA HUMILDAD<\/p>\n<p style=\"text-align: justify;\">ITINERARIO.- Acera del Darro, Carrera de la Virgen (Lateral Derecho), Paseo del Sal\u00f3n, Carrera de la Virgen, Maestro Alonso, San Jacinto, Plaza de Mariana Pineda (Lateral Derecho), San Mat\u00edas (San Mat\u00edas-Navas 20:30), Pavaneras, Santa Escol\u00e1stica, Plaza de los Girones, Ancha de Santo Domingo, Plaza de Santo domingo, A su templo. (21:45).<\/p>\n<p style=\"text-align: justify;\">6. NUESTRA SE\u00d1ORA DE LOS DOLORES<\/p>\n<p style=\"text-align: justify;\">ITINERARIO.- Final de recorrido oficial 19:00 horas, Plaza de Bibataubin, Plaza del Campillo, Plaza de Mariana Pineda, Cuesta del progreso, Calle Varela, Calle Jes\u00fas y Mar\u00eda, Calle San Mat\u00edas, Plaza de San Juan de la Cruz, Padre Su\u00e1rez, Colcha 20:30 horas, Reyes Cat\u00f3licos, Plaza Nueva, Plaza de Santa Ana, Carrera del Darro, Iglesia de San Pedro y San Pablo 22:00 horas.<\/p>\n<p style=\"text-align: justify;\">7. NUESTRO PADRE JES\u00daS DE LA SENTENCIA<\/p>\n<p style=\"text-align: justify;\">ITINERARIO.- Acera del Casino 19,15 , Plaza del Campillo, San Mat\u00edas, Calle Colcha, Plaza Nueva 20:35 , Carrera del Darro, San Pedro y San Pablo 21:45h.<\/p>\n<p style=\"text-align: justify;\">8. NUESTRO PADRE JES\u00daS DEL RESCATE<\/p>\n<p style=\"text-align: justify;\">ITINERARIO.- Puente Casta\u00f1eda 20h, San Ant\u00f3n, Recogidas, 20:30 Alh\u00f3ndiga, Darrillo de la Magdalena, Cruz, San Miguel Alta 21:10, Gracia, Parroquia Santa Mar\u00eda Magdalena 22:15h.<\/p>\n<p style=\"text-align: justify;\">9. NUESTRO PADRE JES\u00daS DE LA PASI\u00d3N<\/p>\n<p style=\"text-align: justify;\">ITINERARIO.- Acera del Darro (fin del recorrido oficial 19:20), Plaza Mariana Pineda, Calle San Mat\u00edas, Calle Pavaneras, Calle Colcha, Plaza Nueva, Plaza de Santa Ana, Carrera del Darro (S. Pedro 21:45 hora intermedia), Paseo del Padre Manj\u00f3n, Cuesta del Chapiz, Plaza del Salvador, Calle Pag\u00e9s, Carretera de Murcia, Larga de San Cristobal, Plaza de San Crist\u00f3bal, Iglesia de San Crist\u00f3bal (0:00).<\/p>\n<p style=\"text-align: justify;\">10. SANT\u00cdSIMO CRISTO DEL TRABAJO<\/p>\n<p style=\"text-align: justify;\">ITINERARIO.- Acera del Darro (altura C\/ Puente Casta\u00f1eda), Carrera de la Virgen (lateral derecho), Plaza del Humilladero (20:10 horas), Puente Romano, Poeta Manuel de G\u00f3ngora, Sos de Rey Cat\u00f3lico, Tierno Galv\u00e1n, Avda de D\u00edlar (Fuentes a las 22:55 horas), Polinario, a su Templo.<\/p>\n<p style=\"text-align: justify;\">11. NUESTRO PADRE JES\u00daS DE LAS TRES CA\u00cdDAS<\/p>\n<p style=\"text-align: justify;\">ITINERARIO.- Edificio Zaida (19:45), Plaza Bibataubin (Puerta de entrada al Palacio), Plaza del Campillo Bajo, Plaza Mariana Pineda (Puerta Caf\u00e9 F\u00fatbol), Plaza Mariana Pineda (continuaci\u00f3n calle Enriqueta Lozano), Cuesta del Progreso (20:45), Calle Varela, Calle San Rafael, San Mat\u00edas, Pavaneras (21:45), Santa Escol\u00e1stica, Plaza Fortuny (22:45), Carnicer\u00eda, Plaza Santo Domingo, Puerta de Santo Domingo (23:15).<\/p>\n<p style=\"text-align: justify;\">12. MAR\u00cdA SANT\u00cdMA DEL SACROMONTE<\/p>\n<p style=\"text-align: justify;\">ITINERARIO.- Cruce Carrera de la Virgen, Plaza de Mariana Pineda, San Mat\u00edas, Pavaneras 20:10, Colcha, Reyes Cat\u00f3licos, Plaza Nueva, Carrera del Darro 22:00 (S. Pedro) Paseo del Padre Manj\u00f3n, Cuesta del Chapiz, Peso de la Harina, Camino del Sacromonte, Santo Sepulcro, Abad\u00eda del Sacromonte 01:00h.<\/p>\n<p style=\"text-align: justify;\">13. NUESTRO PADRE JES\u00daS DESPOJADO DE SUS VESTIDURAS<\/p>\n<p style=\"text-align: justify;\">ITINERARIO.- Fin del recorrido oficial (19:55h \u0086 de la Virgen, Placeta del Humilladero, Acera del Darro, Nueva de la Virgen, Rejas de la Virgen, Ver\u00f3nica de la Virgen, San Ant\u00f3n (21:10h \u0086 Estaci\u00f3n en la Hermandad del Cristo de San Agust\u00edn, Alhamar, Abu Isac, Marqu\u00e9s de Mond\u00e9jar, Mulhac\u00e9n, Agustina de Arag\u00f3n y M\u00fasico Jos\u00e9 Ayala Canto (22:20h \u0086 ).<\/p>\n<p style=\"text-align: justify;\">14. NUESTRO SE\u00d1ORA DE LA MEDITACI\u00d3N<\/p>\n<p style=\"text-align: justify;\">ITINERARIO.- Salida de Carrera Oficial (20:00h) &#8211; Puente de Casta\u00f1eda &#8211; San Ant\u00f3n \u0096 Recogidas (20:40h) \u0096 Alh\u00f3ndiga \u0096 Trinidad (21:30h) &#8211; Capuchinas &#8211; Carcel Baja &#8211; San Jer\u00f3nimo &#8211; Plaza de la Universidad, Parroquia de los Santos M\u00e1rtires Justo y Pastor (22:30h).<\/p>\n<p style=\"text-align: justify;\">15. SANT\u00cdSIMO CRISTO DE LA EXPIRACI\u00d3N<\/p>\n<p style=\"text-align: justify;\">ITINERARIO.- Salida de Carrera oficial (20:10) lateral derecho de la Carrera de la Virgen, Humilladero, Puente Romano, Paseo de los Basilios y Parroquia de San Jose de Calasanz 21:15 h.<\/p>\n<p style=\"text-align: justify;\">16. NUESTRO SE\u00d1OR JESUCRISTO EN SU SAGRADA LANZADA<\/p>\n<p style=\"text-align: justify;\">ITINERARIO.- Acera del Darro (Edf. Zaida 20.10h), Carrera de la Virgen (lateral en sentido de la circulaci\u00f3n), Paseo del Sal\u00f3n, Puente Romano, Poeta Manuel de G\u00f3ngora, Sos del Rey Cat\u00f3lico, Profesor Tierno Galv\u00e1n, Avd. D\u00edlar (CEIP Parque de las Infantas 21.45h), Avd. Barcelona, Motril, Loja, Escultor L\u00f3pez Aza\u00fastre, Avd. Fernando de los R\u00edos a su templo (23.45h).<\/p>\n<p style=\"text-align: justify;\">17. MAR\u00cdA SANT\u00cdSIMA DE LA AURORA<\/p>\n<p style=\"text-align: justify;\">ITINERARIO.- -Edifico Zaida Carrera de la Virgen, Plaza Bibataub\u00ed, Plaza del Campillo, Plaza Mariana Pineda, Juan de la Cruz, Plaza de las Descalzas, Placeta Poeta Luis Rosales, Reyes Cat\u00f3licos, Plaza Nueva (22:00h), C\u00e1rcel Alta, San Juan de los Reyes, Plaza de San Gregorio (22:40h), Cuesta de San Gregorio, Grifos de San Jos\u00e9, San Jos\u00e9, Placeta de Cauchiles a su Templo (00:00h).<\/p>\n<p style=\"text-align: justify;\">18. SANT\u00cdSIMO CRISTO DE LA REDENCI\u00d3N<\/p>\n<p style=\"text-align: justify;\">ITINERARIO.- C\/ Acera del Darro, C\/ Puente Casta\u00f1eda, Carrera de la Virgen (Paseo lateral), Paseo del Sal\u00f3n, Plaza del Humilladero, Puente Romano del Genil, Paseo de los Basilios, C\/ Poeta Manuel de G\u00f3ngora, C\/ SOS del Rey Cat\u00f3lico, C\/ Profesor Tierno Galv\u00e1n, Avenida de D\u00edlar, Avenida de C\u00e1diz, C\/ Almu\u00f1\u00e9car, C\/ Doctor Rodr\u00edguez de la Fuente, a su Templo.<\/p>\n<p style=\"text-align: justify;\">19. SANT\u00cdSIMO CRISTO DE LOS FAVORES<\/p>\n<p style=\"text-align: justify;\">ITINERARIO.- Carrera de la Virgen, Plaza del Campillo, Plaza de Mariana Pineda, San Mat\u00edas, Pavaneras, Santa Escolastica, 22:00 Fortuny, Santiago, Jarrer\u00edas, Molinos, Huete, Campo del Pr\u00edncipe, Cuesta de San Cecilio, Plaza de San Cecilio, Placeta Cristo de los Favores. 23:45 h.<\/p>\n<p style=\"text-align: justify;\">20. NUESTRA SE\u00d1ORA DE LA SOLEDAD DE SAN JER\u00d3NIMO<\/p>\n<p style=\"text-align: justify;\">ITINERARIO.- Puente de Casta\u00f1eda, San Ant\u00f3n (20:30), Alhondiga (20:45), Plaza Trinidad (21:15) Duquesa (21:25) Gran Capitan (22:00) San Juan de Dios (22:10) Rector L\u00f3pez Arg\u00fceta (22:20) Monasterio de San Jer\u00f3nimo (22:45).<\/p>\n<p style=\"text-align: justify;\">&#8211; Si la obra de L\u00f3pez Arg\u00fceta no est\u00e1 terminada. \u00f3 San Juan De Dios (Bas\u00edlica 22:15) Fuente Nueva (22:30) Santa B\u00e1rbara (22:45) Plaza Sor Cristina de la Cruz de Arteaga (23:10) Plaza de la Soledad de San Jer\u00f3nimo (23:25) Monasterio de San Jer\u00f3nimo (23: 30).<\/p>\n<p style=\"text-align: justify;\">21. NUESTRO SE\u00d1OR DE LA RESURRECCI\u00d3N<\/p>\n<p style=\"text-align: justify;\">ITINERARIO.- Carrera de la Virgen, Plaza del Humilladero, Puente Romano 21,40h, Poeta Manuel de G\u00f3ngora, Andr\u00e9s Segovia, Plaza Fontiveros (lateral derecho) Fontiveros , Bruselas , Parroquia de San Miguel Arc\u00e1ngel 0:00 h.<\/p>\n<p style=\"text-align: justify;\">22.NUESTRA SE\u00d1ORA DE LA ESPERANZA<\/p>\n<p style=\"text-align: justify;\">ITINERARIO.- 21:00h Carrera de la Virgen (lateral derecho), Bas\u00edlica de Ntra. Sra. de las Angustias, Carrera de la Virgen (lateral izquierdo), Plaza de Bibataubin, Plaza del Campillo, Plaza de Mariana Pineda, Cuesta del Progreso, Varela, Jes\u00fas y Mar\u00eda, San Mat\u00edas, Plaza de San Juan de la Cruz, Placeta de las Descalzas, Plaza Poeta Lu\u00eds Rosales, Plaza de Isabel La Cat\u00f3lica, Reyes Cat\u00f3licos, Plaza Nueva, Plaza de Santa Ana, a su Templo. 00:45h.<\/p>\n<p>Transporte P\u00fablico<\/p>\n<p>Durante la celebraci\u00f3n de la Solemne Procesi\u00f3n <a href=\"http:\/\/www.movilidadgranada.com\/bus_cortecentro.php#desviopuertarealcortada\">se produce desv\u00edo de transporte p\u00fablico<\/a>.<\/p>\n<\/div>\n<div>\n<div id=\"disqus_thread\">\u00a0<\/div>\n<\/div>\n<div class=\"datos\"><span class=\"catego\"><a href=\"https:\/\/www.elindependientedegranada.es\/ciudadania\">Ciudadan\u00eda<\/a><\/span> &#8211; <span class=\"autor\"> IndeGranada\u00a0<\/span><\/p>\n<div class=\"addthis_sharing_toolbox addthis\">\u00a0<\/div>\n<\/div>\n<div class=\"tags\">\n<div class=\"field field-name-field-taxonomia-ciudadania field-type-taxonomy-term-reference field-label-hidden\">\n<div class=\"field-items\">\n<div class=\"field-item even\"><a href=\"https:\/\/www.elindependientedegranada.es\/tags\/ciudadania\/procesion-magna\">Procesi\u00f3n Magna<\/a><\/div>\n<div>https:\/\/www.elindependientedegranada.es\/ciudadania\/cortes-trafico-peatonales-domingo-procesion-magna<\/div>\n<\/div>\n<div>\u00a0<\/div>\n<\/div>\n<\/div>\n<div class=\"cols2-2\">\n<div class=\"colA\">\n<div class=\"entrad\">\u00a0<\/div>\n<\/div>\n<\/div>\n<\/div>\n<\/div>\n","protected":false},"excerpt":{"rendered":"<p>34 ENCUENTRO NACIONAL DE COFRADIAS Cortes de tr\u00e1fico y peatonales hasta el domingo por la&#8230;<\/p>\n","protected":false},"author":1,"featured_media":63821,"comment_status":"closed","ping_status":"closed","sticky":false,"template":"","format":"standard","meta":{"_coblocks_attr":"","_coblocks_dimensions":"","_coblocks_responsive_height":"","_coblocks_accordion_ie_support":"","jetpack_post_was_ever_published":false,"_jetpack_newsletter_access":"","_jetpack_dont_email_post_to_subs":false,"_jetpack_newsletter_tier_id":0,"_jetpack_memberships_contains_paywalled_content":false,"_jetpack_memberships_contains_paid_content":false,"footnotes":"","jetpack_publicize_message":"","jetpack_publicize_feature_enabled":true,"jetpack_social_post_already_shared":false,"jetpack_social_options":{"image_generator_settings":{"template":"highway","default_image_id":0,"enabled":false},"version":2}},"categories":[1161,44],"tags":[129,10723],"class_list":["post-63820","post","type-post","status-publish","format-standard","has-post-thumbnail","hentry","category-ciudadania","category-noticias-de-hoy","tag-granada","tag-procesion-magna"],"jetpack_publicize_connections":[],"jetpack_featured_media_url":"https:\/\/i0.wp.com\/miradordeatarfe.es\/wp-content\/uploads\/2023\/10\/entorno_catedral_vacio_1.jpg?fit=750%2C500&ssl=1","jetpack_likes_enabled":true,"jetpack_sharing_enabled":true,"_links":{"self":[{"href":"https:\/\/miradordeatarfe.es\/index.php?rest_route=\/wp\/v2\/posts\/63820","targetHints":{"allow":["GET"]}}],"collection":[{"href":"https:\/\/miradordeatarfe.es\/index.php?rest_route=\/wp\/v2\/posts"}],"about":[{"href":"https:\/\/miradordeatarfe.es\/index.php?rest_route=\/wp\/v2\/types\/post"}],"author":[{"embeddable":true,"href":"https:\/\/miradordeatarfe.es\/index.php?rest_route=\/wp\/v2\/users\/1"}],"replies":[{"embeddable":true,"href":"https:\/\/miradordeatarfe.es\/index.php?rest_route=%2Fwp%2Fv2%2Fcomments&post=63820"}],"version-history":[{"count":1,"href":"https:\/\/miradordeatarfe.es\/index.php?rest_route=\/wp\/v2\/posts\/63820\/revisions"}],"predecessor-version":[{"id":63822,"href":"https:\/\/miradordeatarfe.es\/index.php?rest_route=\/wp\/v2\/posts\/63820\/revisions\/63822"}],"wp:featuredmedia":[{"embeddable":true,"href":"https:\/\/miradordeatarfe.es\/index.php?rest_route=\/wp\/v2\/media\/63821"}],"wp:attachment":[{"href":"https:\/\/miradordeatarfe.es\/index.php?rest_route=%2Fwp%2Fv2%2Fmedia&parent=63820"}],"wp:term":[{"taxonomy":"category","embeddable":true,"href":"https:\/\/miradordeatarfe.es\/index.php?rest_route=%2Fwp%2Fv2%2Fcategories&post=63820"},{"taxonomy":"post_tag","embeddable":true,"href":"https:\/\/miradordeatarfe.es\/index.php?rest_route=%2Fwp%2Fv2%2Ftags&post=63820"}],"curies":[{"name":"wp","href":"https:\/\/api.w.org\/{rel}","templated":true}]}}