{"id":63823,"date":"2023-10-13T11:31:06","date_gmt":"2023-10-13T09:31:06","guid":{"rendered":"https:\/\/miradordeatarfe.es\/?p=63823"},"modified":"2023-11-01T13:28:46","modified_gmt":"2023-11-01T12:28:46","slug":"aeropuerto-de-motril-por-juan-de-dios-villanueva-roa","status":"publish","type":"post","link":"https:\/\/miradordeatarfe.es\/?p=63823","title":{"rendered":"\u00abAeropuerto de Motril\u00bb por Juan de Dios Villanueva Roa"},"content":{"rendered":"<h3 style=\"text-align: justify;\">Es imposible que el personal est\u00e9 de acuerdo en todo porque la naturaleza, afortunadamente nos hizo diferentes.<\/h3>\n<p style=\"text-align: justify;\">La cumbre de Granada ha pasado, pero hay que estar en otro planeta para no ver las repercusiones que tendr\u00e1 en la imagen de nuestros pueblos nazar\u00edes. Y hay quien sigue obstinadamente fij\u00e1ndose en lo negativo, que a la par viene a coincidir con sus intereses, por los cortes de calles o que un presidente de cualquier gobierno pase a su lado sin darle la mano.<\/p>\n<p style=\"text-align: justify;\">Decir que el gobierno central margina a Andaluc\u00eda y a Granada porque Paqui o Juanma no se han retratado junto a Zelenski, Macron o la italiana Meloni es poco menos que una bufonada. Y la gente con sentido com\u00fan y criterio, que es la inmensa mayor\u00eda, as\u00ed lo interpretar\u00e1, supongo.<\/p>\n<p style=\"text-align: justify;\">Granada, con el universitario Carmen de la Victoria como plat\u00f3, ha abierto todos los telediarios, y nuestra ciudad ha sido la ni\u00f1a bonita en un tiempo en el que la imagen lo es todo. Y esto ha causado molestias y envidias, pero es absolutamente inevitable.<\/p>\n<p style=\"text-align: justify;\">Ya quisiera la ciudad y alrededores que cada a\u00f1o hubiese una cumbre aqu\u00ed. Lo que s\u00ed ha quedado patente es la\u00a0 situaci\u00f3n de esta tierra en cuanto a comunicaciones, manifiestamente mejorables. Cerrar el aeropuerto es lo normal con el aeropuerto que tenemos, pero \u00bfdeber\u00edamos tener este aeropuerto? Ah\u00ed s\u00ed hay un motivo de queja, aunque los de Paqui sigan defendiendo que el de M\u00e1laga est\u00e1 a dos pasos. Yo comienzo ya a apostar tambi\u00e9n por un aeropuerto en Motril, fant\u00e1stico para el desarrollo de la provincia. Nos lo apuntamos para comenzar una reivindicaci\u00f3n. Ah\u00ed est\u00e1 el palo de la bandera.<\/p>\n","protected":false},"excerpt":{"rendered":"<p>Es imposible que el personal est\u00e9 de acuerdo en todo porque la naturaleza, afortunadamente nos&#8230;<\/p>\n","protected":false},"author":1,"featured_media":63824,"comment_status":"closed","ping_status":"closed","sticky":false,"template":"","format":"standard","meta":{"_coblocks_attr":"","_coblocks_dimensions":"","_coblocks_responsive_height":"","_coblocks_accordion_ie_support":"","jetpack_post_was_ever_published":false,"_jetpack_newsletter_access":"","_jetpack_dont_email_post_to_subs":false,"_jetpack_newsletter_tier_id":0,"_jetpack_memberships_contains_paywalled_content":false,"_jetpack_memberships_contains_paid_content":false,"footnotes":"","jetpack_publicize_message":"","jetpack_publicize_feature_enabled":true,"jetpack_social_post_already_shared":false,"jetpack_social_options":{"image_generator_settings":{"template":"highway","default_image_id":0,"enabled":false},"version":2}},"categories":[1161,9772,44,7671,6937,15],"tags":[10724,1053,10590],"class_list":["post-63823","post","type-post","status-publish","format-standard","has-post-thumbnail","hentry","category-ciudadania","category-opinion-de-juan-de-dios-villanueva","category-noticias-de-hoy","category-politica","category-sociedad","category-ultimas-noticias","tag-cumbre-de-granada","tag-europa","tag-motril"],"jetpack_publicize_connections":[],"jetpack_featured_media_url":"https:\/\/i0.wp.com\/miradordeatarfe.es\/wp-content\/uploads\/2023\/10\/eup_20231003_120254736.webp?fit=480%2C270&ssl=1","jetpack_likes_enabled":true,"jetpack_sharing_enabled":true,"_links":{"self":[{"href":"https:\/\/miradordeatarfe.es\/index.php?rest_route=\/wp\/v2\/posts\/63823","targetHints":{"allow":["GET"]}}],"collection":[{"href":"https:\/\/miradordeatarfe.es\/index.php?rest_route=\/wp\/v2\/posts"}],"about":[{"href":"https:\/\/miradordeatarfe.es\/index.php?rest_route=\/wp\/v2\/types\/post"}],"author":[{"embeddable":true,"href":"https:\/\/miradordeatarfe.es\/index.php?rest_route=\/wp\/v2\/users\/1"}],"replies":[{"embeddable":true,"href":"https:\/\/miradordeatarfe.es\/index.php?rest_route=%2Fwp%2Fv2%2Fcomments&post=63823"}],"version-history":[{"count":1,"href":"https:\/\/miradordeatarfe.es\/index.php?rest_route=\/wp\/v2\/posts\/63823\/revisions"}],"predecessor-version":[{"id":63825,"href":"https:\/\/miradordeatarfe.es\/index.php?rest_route=\/wp\/v2\/posts\/63823\/revisions\/63825"}],"wp:featuredmedia":[{"embeddable":true,"href":"https:\/\/miradordeatarfe.es\/index.php?rest_route=\/wp\/v2\/media\/63824"}],"wp:attachment":[{"href":"https:\/\/miradordeatarfe.es\/index.php?rest_route=%2Fwp%2Fv2%2Fmedia&parent=63823"}],"wp:term":[{"taxonomy":"category","embeddable":true,"href":"https:\/\/miradordeatarfe.es\/index.php?rest_route=%2Fwp%2Fv2%2Fcategories&post=63823"},{"taxonomy":"post_tag","embeddable":true,"href":"https:\/\/miradordeatarfe.es\/index.php?rest_route=%2Fwp%2Fv2%2Ftags&post=63823"}],"curies":[{"name":"wp","href":"https:\/\/api.w.org\/{rel}","templated":true}]}}