{"id":63826,"date":"2023-10-14T09:43:22","date_gmt":"2023-10-14T07:43:22","guid":{"rendered":"https:\/\/miradordeatarfe.es\/?p=63826"},"modified":"2023-10-12T20:48:55","modified_gmt":"2023-10-12T18:48:55","slug":"politicos-pasados-futuro-incierto","status":"publish","type":"post","link":"https:\/\/miradordeatarfe.es\/?p=63826","title":{"rendered":"Pol\u00edticos pasados, futuro incierto"},"content":{"rendered":"<h3 class=\"pb-2 mt-5 mb-4 sm:mb-12 font-sans font-light text-[18px] leading-[21px] text-dove-gray-500 text-center\" style=\"text-align: justify;\">Del arc\u00f3n de la historia regresan Gonz\u00e1lez y Guerra, los \u201cguardianes de las esencias patrias\u201d<\/h3>\n<div class=\"text-center mt-6\" style=\"text-align: justify;\">\u00a0<\/div>\n<div class=\"md:flex mt-3\">\n<article class=\"lg:max-w-[582px] xl:max-w-[632px] w-full\">\n<div id=\"annotation-post-content\" class=\"news-content\">\n<p style=\"text-align: justify;\">Del arc\u00f3n de la historia <b>regresan Felipe Gonz\u00e1lez y Guerra<\/b>, convertidos en los \u201cguardianes de las esencias patrias\u201d.\u00a0<b>Este d\u00fao, por cierto, se llevaba fatal, ahora comparte merienda con Nicol\u00e1s Redondo y Leguina<\/b>, ya expulsados del partido que los cre\u00f3. Aromas de anta\u00f1o, de puros habanos y whisky rancio.<\/p>\n<p style=\"text-align: justify;\">\u00a0<b>Vuelve Aznar, el actor del \u201ctr\u00edo de las Azores\u201d.<\/b>\u00a0<b>Regres\u00f3 Tamanes<\/b>, a quien tuvimos que soportar la \u201cchapa\u201d que nos di\u00f3 en el Congreso de los Diputados, espect\u00e1culo patrocinado por\u00a0<b>Vox<\/b>, la\u00a0<b>Espa\u00f1a \u201clow cost\u201d<\/b>\u00a0que sue\u00f1a con la autocracia de los a\u00f1os 50.<\/p>\n<p style=\"text-align: justify;\"><b>\u00a0\u201cEspa\u00f1a se rompe\u201d<\/b>\u00a0Pareciera que Espa\u00f1a hubiera abierto su propio<b>\u00a0\u201cparque jur\u00e1sico\u201d<\/b>. Todos proclaman que \u201cEspa\u00f1a se rompe\u201d, por en\u00e9sima vez.\u00a0<b>Los c\u00e1ntaros cuanto m\u00e1s vac\u00edos est\u00e1n m\u00e1s ruido hacen.<\/b><\/p>\n<p style=\"text-align: justify;\">\u00a0Y\u00a0<b>reaparece Rodr\u00edguez Zapatero<\/b>, con energ\u00eda para movilizar el voto m\u00e1s zurdo del PSOE.<\/p>\n<p style=\"text-align: justify;\">\u00a0Mientras tanto,\u00a0<b>un se\u00f1or, autoproclamado presidente \u201cin pectore\u201d, nos ha hecho perder dos meses\u00a0<\/b>para venir a decir que no gobierna porque no quiere, haciendo una llamada vergonzosa al transfuguismo, en aras de una\u00a0<b>Espa\u00f1a monol\u00edtica<\/b>\u00a0y bien atada. Se autodenomina constitucionalista, pero lleva cinco a\u00f1os cag\u00e1ndose en la\u00a0<b>Constituci\u00f3n<\/b>. (v\u00e9ase la falta de renovaci\u00f3n del CGPJ)<\/p>\n<p style=\"text-align: justify;\">\u00a0Quiz\u00e1s para esa Espa\u00f1a, las cosas puedan solucionarse repintando de rojo y gualda los bancos de las plazas que se pintaron de arco\u00edris o realizando un refer\u00e9ndum sobre si la tortilla de patata es m\u00e1s ortodoxa con cebolla o sin ella.<\/p>\n<p style=\"text-align: justify;\">\u00a0Nos encontramos con una\u00a0<b>tremenda falta de profundidad y sustancia en el discurso pol\u00edtico<\/b>, con l\u00edderes m\u00e1s preocupados por \u201csus cosas\u201d que por la racionalidad y la visi\u00f3n a largo plazo. Hay \u201cmuchas v\u00edsceras y poco cerebro\u201d.<\/p>\n<p style=\"text-align: justify;\">\u00a0<b>Futuro<\/b>\u00a0El futuro es un escenario incierto en el que\u00a0<b>se mezcla la nostalgia del pasado con la chuler\u00eda y la lucha por mantener la relevancia pol\u00edtica<\/b>. Como dijo el viejo\u00a0<b>Nietzsche:<\/b>\u00a0\u201cLa vida es demasiado breve como para aburrirse con discursos vac\u00edos\u201d.<\/p>\n<p style=\"text-align: justify;\">\u00a0Mientras tanto, nos amenaza con urgencia la\u00a0<b>crisis clim\u00e1tica<\/b>, que nos abrasar\u00e1 a todos, y los menos afortunados dependen, maldita sea, de las pol\u00edticas sociales para sobrevivir.<\/p>\n<div class=\"text-center mt-6\">\n<figure class=\"inline-block\"><figcaption class=\"mt-2 font-sans leading-[20px] text-coal-500 text-left\"><strong>Gloria Gago V\u00e1zquez<br \/>\n<\/strong><br \/>\nFOTO: Felipe Gonz\u00e1lez y Alfonso Guerra.<\/figcaption><\/figure>\n<\/div>\n<div class=\"sm:block hidden mt-4\">\n<p>https:\/\/www.lavozdealmeria.com\/noticia\/9\/opinion\/263781\/politicos-pasados-futuro-incierto<\/p>\n<\/div>\n<div class=\"md:flex mt-3\">\n<article class=\"lg:max-w-[582px] xl:max-w-[632px] w-full\">\n<div class=\"flex items-center mb-5\">\n<div>\n<div class=\"mr-4 uppercase text-monza-500 text-[15px] font-sans leading-normal font-light\"><strong>\u00a0<\/strong><\/div>\n<\/div>\n<\/div>\n<\/article>\n<\/div>\n<\/div>\n<\/article>\n<\/div>\n","protected":false},"excerpt":{"rendered":"<p>Del arc\u00f3n de la historia regresan Gonz\u00e1lez y Guerra, los \u201cguardianes de las esencias patrias\u201d&#8230;<\/p>\n","protected":false},"author":1,"featured_media":63827,"comment_status":"closed","ping_status":"closed","sticky":false,"template":"","format":"standard","meta":{"_coblocks_attr":"","_coblocks_dimensions":"","_coblocks_responsive_height":"","_coblocks_accordion_ie_support":"","jetpack_post_was_ever_published":false,"_jetpack_newsletter_access":"","_jetpack_dont_email_post_to_subs":false,"_jetpack_newsletter_tier_id":0,"_jetpack_memberships_contains_paywalled_content":false,"_jetpack_memberships_contains_paid_content":false,"footnotes":"","jetpack_publicize_message":"","jetpack_publicize_feature_enabled":true,"jetpack_social_post_already_shared":false,"jetpack_social_options":{"image_generator_settings":{"template":"highway","default_image_id":0,"enabled":false},"version":2}},"categories":[1161,44,7671,15],"tags":[10725,10726,417],"class_list":["post-63826","post","type-post","status-publish","format-standard","has-post-thumbnail","hentry","category-ciudadania","category-noticias-de-hoy","category-politica","category-ultimas-noticias","tag-defensores","tag-militantes","tag-politicos"],"jetpack_publicize_connections":[],"jetpack_featured_media_url":"https:\/\/i0.wp.com\/miradordeatarfe.es\/wp-content\/uploads\/2023\/10\/Screenshot-2023-10-12-at-20-44-28-Politicos-pasados-futuro-incierto.png?fit=652%2C444&ssl=1","jetpack_likes_enabled":true,"jetpack_sharing_enabled":true,"_links":{"self":[{"href":"https:\/\/miradordeatarfe.es\/index.php?rest_route=\/wp\/v2\/posts\/63826","targetHints":{"allow":["GET"]}}],"collection":[{"href":"https:\/\/miradordeatarfe.es\/index.php?rest_route=\/wp\/v2\/posts"}],"about":[{"href":"https:\/\/miradordeatarfe.es\/index.php?rest_route=\/wp\/v2\/types\/post"}],"author":[{"embeddable":true,"href":"https:\/\/miradordeatarfe.es\/index.php?rest_route=\/wp\/v2\/users\/1"}],"replies":[{"embeddable":true,"href":"https:\/\/miradordeatarfe.es\/index.php?rest_route=%2Fwp%2Fv2%2Fcomments&post=63826"}],"version-history":[{"count":1,"href":"https:\/\/miradordeatarfe.es\/index.php?rest_route=\/wp\/v2\/posts\/63826\/revisions"}],"predecessor-version":[{"id":63828,"href":"https:\/\/miradordeatarfe.es\/index.php?rest_route=\/wp\/v2\/posts\/63826\/revisions\/63828"}],"wp:featuredmedia":[{"embeddable":true,"href":"https:\/\/miradordeatarfe.es\/index.php?rest_route=\/wp\/v2\/media\/63827"}],"wp:attachment":[{"href":"https:\/\/miradordeatarfe.es\/index.php?rest_route=%2Fwp%2Fv2%2Fmedia&parent=63826"}],"wp:term":[{"taxonomy":"category","embeddable":true,"href":"https:\/\/miradordeatarfe.es\/index.php?rest_route=%2Fwp%2Fv2%2Fcategories&post=63826"},{"taxonomy":"post_tag","embeddable":true,"href":"https:\/\/miradordeatarfe.es\/index.php?rest_route=%2Fwp%2Fv2%2Ftags&post=63826"}],"curies":[{"name":"wp","href":"https:\/\/api.w.org\/{rel}","templated":true}]}}