{"id":63837,"date":"2023-10-16T08:16:58","date_gmt":"2023-10-16T06:16:58","guid":{"rendered":"https:\/\/miradordeatarfe.es\/?p=63837"},"modified":"2023-10-14T11:14:02","modified_gmt":"2023-10-14T09:14:02","slug":"la-oms-insta-a-actuar-contra-el-envejecimiento-europeo-en-cuestiones-como-la-alimentacion","status":"publish","type":"post","link":"https:\/\/miradordeatarfe.es\/?p=63837","title":{"rendered":"La OMS insta a actuar contra el envejecimiento europeo en cuestiones como la alimentaci\u00f3n"},"content":{"rendered":"<h3 class=\"c-article-summary\" style=\"text-align: justify;\">La OMS aboga por estilos de vida m\u00e1s saludables. Reformular alimentos, reducir sal y az\u00facar, y fomentar la actividad f\u00edsica son clave. Esto podr\u00eda ahorrar 8000 millones de euros al a\u00f1o y permitir\u00eda una mayor independencia de las personas mayores.<\/h3>\n<div class=\"c-article-content js-article-content \" style=\"text-align: justify;\">\n<p>La poblaci\u00f3n europea envejece r\u00e1pidamente; se calcula que el a\u00f1o que viene los mayores de 65 a\u00f1os superar\u00e1n en n\u00famero a los menores de 15, por lo que es necesario adecuar h\u00e1bitos y actitudes. Ese es el mensaje de un informe de la OMS, que aboga por estilos de vida m\u00e1s saludables para garantizar el bienestar en edades avanzadas.<\/p>\n<p>Seg\u00fan este informe, hay que empezar por comer mejor, y los gobiernos deber\u00edan hacer m\u00e1s.\u00a0Stephen Whiting, asesor de Deporte y Salud de la Organizaci\u00f3n Mundial de la Salud, destaca:<em>\u00abPara promover dietas sanas, se trata de reformular los alimentos, reducir su contenido en sal, eliminar las grasas trans y el consumo de az\u00facar. Tambi\u00e9n podr\u00edan ser beneficiosas las campa\u00f1as de comunicaci\u00f3n y concienciaci\u00f3n p\u00fablica espec\u00edficas para los adultos mayores, pero tambi\u00e9n el desarrollo de entornos respetuosos con los mayores a trav\u00e9s del dise\u00f1o y la planificaci\u00f3n urbana.\u00bb<\/em><\/p>\n<p>Mantenerse activo y hacer ejercicio con regularidad tambi\u00e9n es crucial. La OMS dice que no s\u00f3lo se benefician las personas a nivel individual.<\/p>\n<\/div>\n<p style=\"text-align: justify;\">Stephen Whiting a\u00f1ade:<em>\u00abA principios de este a\u00f1o publicamos un informe en colaboraci\u00f3n con la OCDE sobre el coste de la inactividad f\u00edsica para los sistemas sanitarios de la Uni\u00f3n Europea, y calculamos que podr\u00edan ahorrarse 8.000 millones de euros al a\u00f1o si m\u00e1s personas fueran f\u00edsicamente activas y cumplieran los niveles de actividad f\u00edsica recomendados por la OMS.\u00bb<\/em><\/p>\n<p style=\"text-align: justify;\">El informe insta a los gobiernos a adoptar pol\u00edticas que permitan a las personas mayores ser m\u00e1s independientes al tiempo que mantienen v\u00ednculos sociales y contribuyen a la sociedad, todo ello con sus propios beneficios para la salud.<\/p>\n<p>Por\u00a0<b>Euronews en espa\u00f1ol<\/b><\/p>\n<p>https:\/\/es.euronews.com\/2023\/10\/11\/la-oms-insta-a-actuar-contra-el-envejecimiento-europeo-en-cuestiones-como-la-alimentacion<\/p>\n","protected":false},"excerpt":{"rendered":"<p>La OMS aboga por estilos de vida m\u00e1s saludables. Reformular alimentos, reducir sal y az\u00facar,&#8230;<\/p>\n","protected":false},"author":1,"featured_media":63838,"comment_status":"closed","ping_status":"closed","sticky":false,"template":"","format":"standard","meta":{"_coblocks_attr":"","_coblocks_dimensions":"","_coblocks_responsive_height":"","_coblocks_accordion_ie_support":"","jetpack_post_was_ever_published":false,"_jetpack_newsletter_access":"","_jetpack_dont_email_post_to_subs":false,"_jetpack_newsletter_tier_id":0,"_jetpack_memberships_contains_paywalled_content":false,"_jetpack_memberships_contains_paid_content":false,"footnotes":"","jetpack_publicize_message":"","jetpack_publicize_feature_enabled":true,"jetpack_social_post_already_shared":false,"jetpack_social_options":{"image_generator_settings":{"template":"highway","default_image_id":0,"enabled":false},"version":2}},"categories":[2,1161,44,6937,15,10],"tags":[5463,1368],"class_list":["post-63837","post","type-post","status-publish","format-standard","has-post-thumbnail","hentry","category-atarfe","category-ciudadania","category-noticias-de-hoy","category-sociedad","category-ultimas-noticias","category-salud","tag-envejecimiento-activo","tag-oms"],"jetpack_publicize_connections":[],"jetpack_featured_media_url":"https:\/\/i0.wp.com\/miradordeatarfe.es\/wp-content\/uploads\/2023\/10\/Screenshot-2023-10-12-at-21-22-03-La-OMS-insta-a-actuar-contra-el-envejecimiento-de-los-europeos.png?fit=601%2C316&ssl=1","jetpack_likes_enabled":true,"jetpack_sharing_enabled":true,"_links":{"self":[{"href":"https:\/\/miradordeatarfe.es\/index.php?rest_route=\/wp\/v2\/posts\/63837","targetHints":{"allow":["GET"]}}],"collection":[{"href":"https:\/\/miradordeatarfe.es\/index.php?rest_route=\/wp\/v2\/posts"}],"about":[{"href":"https:\/\/miradordeatarfe.es\/index.php?rest_route=\/wp\/v2\/types\/post"}],"author":[{"embeddable":true,"href":"https:\/\/miradordeatarfe.es\/index.php?rest_route=\/wp\/v2\/users\/1"}],"replies":[{"embeddable":true,"href":"https:\/\/miradordeatarfe.es\/index.php?rest_route=%2Fwp%2Fv2%2Fcomments&post=63837"}],"version-history":[{"count":1,"href":"https:\/\/miradordeatarfe.es\/index.php?rest_route=\/wp\/v2\/posts\/63837\/revisions"}],"predecessor-version":[{"id":63839,"href":"https:\/\/miradordeatarfe.es\/index.php?rest_route=\/wp\/v2\/posts\/63837\/revisions\/63839"}],"wp:featuredmedia":[{"embeddable":true,"href":"https:\/\/miradordeatarfe.es\/index.php?rest_route=\/wp\/v2\/media\/63838"}],"wp:attachment":[{"href":"https:\/\/miradordeatarfe.es\/index.php?rest_route=%2Fwp%2Fv2%2Fmedia&parent=63837"}],"wp:term":[{"taxonomy":"category","embeddable":true,"href":"https:\/\/miradordeatarfe.es\/index.php?rest_route=%2Fwp%2Fv2%2Fcategories&post=63837"},{"taxonomy":"post_tag","embeddable":true,"href":"https:\/\/miradordeatarfe.es\/index.php?rest_route=%2Fwp%2Fv2%2Ftags&post=63837"}],"curies":[{"name":"wp","href":"https:\/\/api.w.org\/{rel}","templated":true}]}}