{"id":63849,"date":"2023-10-15T10:30:13","date_gmt":"2023-10-15T08:30:13","guid":{"rendered":"https:\/\/miradordeatarfe.es\/?p=63849"},"modified":"2023-10-12T22:02:53","modified_gmt":"2023-10-12T20:02:53","slug":"nos-roban-la-sanidad-nos-quitan-la-vida","status":"publish","type":"post","link":"https:\/\/miradordeatarfe.es\/?p=63849","title":{"rendered":"\u00abNos roban la sanidad, nos quitan la vida\u00bb"},"content":{"rendered":"<h3 style=\"text-align: justify;\">Tomo prestado para encabezar esta columna, el lema con el que las mareas blancas vuelven a convocar a los andaluces a una gran movilizaci\u00f3n contra la privatizaci\u00f3n sanitaria.<\/h3>\n<p style=\"text-align: justify;\">Me permitir\u00e1n que m\u00e1s que un relato de opini\u00f3n, estas l\u00edneas sean una sucesi\u00f3n de hechos que indican hasta que punto la sanidad p\u00fablica andaluza est\u00e1 en peligro.<\/p>\n<p style=\"text-align: justify;\">Esta misma semana la UGT denunciaba el \u00abfuerte recorte en personal sanitario\u00bb en Granada, subrayando como se siguen reduciendo las plantillas de todas las categor\u00edas, a pesar de que la Administraci\u00f3n sanitaria y el SAS anuncian que se han aumentado, cosa que es imposible comprobar, porque cuando se le solicita informaci\u00f3n para contrastar sus datos, impera el silencio.<\/p>\n<p style=\"text-align: justify;\">Seg\u00fan la informaci\u00f3n de UGT, en el Hospital Universitario Virgen de las Nieves, uno de los m\u00e1s importantes de Andaluc\u00eda, faltan 104 profesionales de enfermer\u00eda, hay 117 bajas sin cubrir, 45 puestos estructurales vacantes y 19 reducciones de jornada que tampoco se han compensado. Adem\u00e1s, los contratos de refuerzo COVID se han utilizado para cubrir puestos para los que no estaban contemplados, y se ha abierto una sala de radiolog\u00eda intervencionista, sin personal. No parece que las cosas vayan a mejorar, ya que, seg\u00fan las denuncias del sindicato, \u00abdesde la direcci\u00f3n del Hospital no se ha previsto a d\u00eda de hoy, ning\u00fan plan para paliar esta situaci\u00f3n, ni a corto, ni a largo plazo, lo que est\u00e1 abocando al hospital al colapso\u00bb.<\/p>\n<p style=\"text-align: justify;\">En el centro de Doctor Ol\u00f3riz -antiguo Cl\u00ednico-, se ha cerrado, seg\u00fan UGT, la Unidad Provincial de Paliativos, por falta de personal. En el servicio de urgencias se est\u00e1n cerrando circuitos no s\u00f3lo por falta de personal enfermero y auxiliar, sino tambi\u00e9n por falta de carritos y de camas. Los pacientes de urgencias reciben medicaci\u00f3n de planta porque est\u00e1n all\u00ed m\u00e1s de 48 horas, con lo que ello supone para enfermer\u00eda y farmacia. En la UCI card\u00edaca s\u00f3lo hay 4 camas, no hay operaciones ni personal. En cuanto a otras categor\u00edas profesionales, hay 26 puestos de celadores sin cubrir, y en pinches, con 15 bajas, s\u00f3lo se han sustituido dos.<\/p>\n<p style=\"text-align: justify;\">En en hospital de\u00a0 Neurotraumatolog\u00eda tambi\u00e9n se ha cerrado el circuito de urgencias y hay 15 celadores de baja, sin cubrir. El exceso de jornada de algunos profesionales est\u00e1 llegando hasta las 140 horas anuales y \u00abtodos los servicios est\u00e1n en m\u00ednimos\u00bb.<\/p>\n<p style=\"text-align: justify;\">Esta situaci\u00f3n no s\u00f3lo se limita a los centros hospitalarios, en los centros de salud del Distrito Sanitario Metropolitano la situaci\u00f3n es parecida y no se cubren las vacantes en ninguna categor\u00eda profesional, incluidos m\u00e9dicos. As\u00ed, en La Zubia y Og\u00edjares, de los 8 facultativos que tendr\u00eda que haber, s\u00f3lo hay 3, haciendo as\u00ed imposible el cumplimiento de las 35 citas por d\u00eda que impone el SAS. El personal auxiliar administrativo es tambi\u00e9n escaso, con mucha rotaci\u00f3n entre distintos centros, no existiendo estabilizaci\u00f3n, y siendo sustituidos, cuando lo son, por personal ajeno a esta actividad, no preparado para el correcto funcionamiento del servicio.<\/p>\n<p style=\"text-align: justify;\">Y lo peor es que, a pesar de esta situaci\u00f3n, seg\u00fan UGT el SAS no tiene intenci\u00f3n alguna de contratar personal, haciendo caso omiso a las brutales necesidades que los profesionales sanitarios llevan padeciendo meses. Y no, no es cierto eso que asegura la consejera de que no hay m\u00e9dicos, porque seg\u00fan UGT, hay profesionales disponibles de casi todas las categor\u00edas en las bolsas, aunque muchos de ellos est\u00e1n buscando salida laboral en otras comunidades, por la sencilla raz\u00f3n de que \u00ablos obligan a marcharse\u00bb. Con este escenario, asegura el sindicato, \u00abLa sanidad p\u00fablica de calidad, cohesi\u00f3n y universal va a colapsar en nuestra provincia\u00bb.<\/p>\n<p style=\"text-align: justify;\">El caso es que no hay nada como conseguir una mayor\u00eda absoluta en las urnas, para que a la Administraci\u00f3n competente le empiecen a surgir \u201cproblemas t\u00e9cnicos\u201d -como los ha definido Moreno Bonilla-, en asuntos fundamentales para millones de ciudadanos en \u00e1reas claves como sanidad, educaci\u00f3n o vivienda.<\/p>\n<p style=\"text-align: justify;\">El Gobierno andaluz\u00a0 acaba de sufrir su peor derrota <a href=\"https:\/\/diario16plus.com\/moreno-bonilla-sufre-su-derrota-politica-mas-sonada-con-donana\/\">\u00a0<\/a>pol\u00edtica con la marcha atr\u00e1s de su proyecto de ley de ampliaci\u00f3n de regad\u00edos junto al Parque Nacional de Do\u00f1ana, ampliamente contestado por organismos internacionales como la Unesco o la Uni\u00f3n Europea, y tambi\u00e9n por la comunidad cient\u00edfica mundial, los conservacionistas y el Gobierno de Espa\u00f1a. A este varapalo se suma una cascada incomprensible de \u201cproblemas t\u00e9cnicos\u201d que mantienen empantanadas, durante m\u00e1s de un a\u00f1o, algunas iniciativas que afectan directamente a millones de andaluces, como son el bono joven de alquiler, o el impresentable retraso en el inicio de las actividades extraescolares en los colegios de la comunidad.<\/p>\n<p style=\"text-align: justify;\">Pero el colmo de los \u201cproblemas t\u00e9cnicos\u201d aducidos por Moreno Bonilla y su gobierno ha sido el relativo a las listas de espera sanitarias. Tan graves han debido ser esos \u00abproblemas\u00bb que desde hace m\u00e1s de a\u00f1o y medio no sabemos cu\u00e1ntos andaluces est\u00e1n a la espera de una intervenci\u00f3n quir\u00fargica en los hospitales p\u00fablicos de la comunidad aut\u00f3noma.<\/p>\n<p style=\"text-align: justify;\">Pero ya ver\u00e1n ustedes como esos misteriosos \u00abproblemas t\u00e9cnicos\u00bb, no van a afectar lo m\u00e1s m\u00ednimo a las cl\u00ednicas privadas que van a recibir la fiolera de 734 millones de euros, supuestamente como \u201cplan de choque\u201d para aliviar estas inconcretas listas de espera; millones que, en lugar de destinarse a mejorar los medios humanos y t\u00e9cnicos de la sanidad p\u00fablica, ir\u00e1n a las cuentas de resultados a \u00a0cl\u00ednicas privadas dentro y fuera de Andaluc\u00eda, con el objetivo de \u201cagilizar\u201d esta demora desconocida en las intervenciones quir\u00fargicas.<\/p>\n<p style=\"text-align: justify;\">Y as\u00ed, queridos amigos, de \u00abproblema t\u00e9cnico\u00bb en \u00abproblema t\u00e9cnico\u00bb, la sanidad p\u00fablica andaluza se encamina inexorablemente a la unidad de paliativos, algo que solo podremos evitar las mujeres y hombres de esta tierra, por la sencilla raz\u00f3n de que somos nosotros los due\u00f1os de un sistema p\u00fablico de salud que hemos construido con nuestros impuestos, del que nos sentimos orgullosos y cuya privatizaci\u00f3n no estamos dispuestos a consentir\u2026 por muchos \u00abproblemas t\u00e9cnicos\u00bb que se inventen Juanma y Catalina.<\/p>\n<p><strong>AGUST\u00cdN MART\u00cdNEZ<\/strong><\/p>\n<p>https:\/\/www.lavozdegranada.info\/nos-roban-la-sanidad-nos-quitan-la-vida\/<\/p>\n","protected":false},"excerpt":{"rendered":"<p>Tomo prestado para encabezar esta columna, el lema con el que las mareas blancas vuelven&#8230;<\/p>\n","protected":false},"author":1,"featured_media":63850,"comment_status":"closed","ping_status":"closed","sticky":false,"template":"","format":"standard","meta":{"_coblocks_attr":"","_coblocks_dimensions":"","_coblocks_responsive_height":"","_coblocks_accordion_ie_support":"","jetpack_post_was_ever_published":false,"_jetpack_newsletter_access":"","_jetpack_dont_email_post_to_subs":false,"_jetpack_newsletter_tier_id":0,"_jetpack_memberships_contains_paywalled_content":false,"_jetpack_memberships_contains_paid_content":false,"footnotes":"","jetpack_publicize_message":"","jetpack_publicize_feature_enabled":true,"jetpack_social_post_already_shared":false,"jetpack_social_options":{"image_generator_settings":{"template":"highway","default_image_id":0,"enabled":false},"version":2}},"categories":[2,1161,44,7671,6937,15,10],"tags":[172,409],"class_list":["post-63849","post","type-post","status-publish","format-standard","has-post-thumbnail","hentry","category-atarfe","category-ciudadania","category-noticias-de-hoy","category-politica","category-sociedad","category-ultimas-noticias","category-salud","tag-andalucia","tag-sanidad"],"jetpack_publicize_connections":[],"jetpack_featured_media_url":"https:\/\/i0.wp.com\/miradordeatarfe.es\/wp-content\/uploads\/2023\/10\/sanidad-16.jpg?fit=1340%2C748&ssl=1","jetpack_likes_enabled":true,"jetpack_sharing_enabled":true,"_links":{"self":[{"href":"https:\/\/miradordeatarfe.es\/index.php?rest_route=\/wp\/v2\/posts\/63849","targetHints":{"allow":["GET"]}}],"collection":[{"href":"https:\/\/miradordeatarfe.es\/index.php?rest_route=\/wp\/v2\/posts"}],"about":[{"href":"https:\/\/miradordeatarfe.es\/index.php?rest_route=\/wp\/v2\/types\/post"}],"author":[{"embeddable":true,"href":"https:\/\/miradordeatarfe.es\/index.php?rest_route=\/wp\/v2\/users\/1"}],"replies":[{"embeddable":true,"href":"https:\/\/miradordeatarfe.es\/index.php?rest_route=%2Fwp%2Fv2%2Fcomments&post=63849"}],"version-history":[{"count":3,"href":"https:\/\/miradordeatarfe.es\/index.php?rest_route=\/wp\/v2\/posts\/63849\/revisions"}],"predecessor-version":[{"id":63853,"href":"https:\/\/miradordeatarfe.es\/index.php?rest_route=\/wp\/v2\/posts\/63849\/revisions\/63853"}],"wp:featuredmedia":[{"embeddable":true,"href":"https:\/\/miradordeatarfe.es\/index.php?rest_route=\/wp\/v2\/media\/63850"}],"wp:attachment":[{"href":"https:\/\/miradordeatarfe.es\/index.php?rest_route=%2Fwp%2Fv2%2Fmedia&parent=63849"}],"wp:term":[{"taxonomy":"category","embeddable":true,"href":"https:\/\/miradordeatarfe.es\/index.php?rest_route=%2Fwp%2Fv2%2Fcategories&post=63849"},{"taxonomy":"post_tag","embeddable":true,"href":"https:\/\/miradordeatarfe.es\/index.php?rest_route=%2Fwp%2Fv2%2Ftags&post=63849"}],"curies":[{"name":"wp","href":"https:\/\/api.w.org\/{rel}","templated":true}]}}