{"id":63854,"date":"2023-10-24T10:30:57","date_gmt":"2023-10-24T08:30:57","guid":{"rendered":"https:\/\/miradordeatarfe.es\/?p=63854"},"modified":"2023-10-23T14:11:21","modified_gmt":"2023-10-23T12:11:21","slug":"el-atarfeno-pedro-ruiz-cabello-recrea-en-fulgor-de-palabra-y-vida-la-huella-que-le-han-dejado-una-decena-de-escritores-espanoles","status":"publish","type":"post","link":"https:\/\/miradordeatarfe.es\/?p=63854","title":{"rendered":"El Atarfe\u00f1o Pedro Ruiz-Cabello recrea en \u2018FULGOR DE PALABRA Y VIDA\u00bb la huella que le han dejado una decena de escritores espa\u00f1oles"},"content":{"rendered":"<div class=\"entry-content clearfix\">\n<h3 align=\"JUSTIFY\"><i>Fulgor de palabra y vida <\/i>(Verbum-Mecenas, abril de 2023) es un conjunto de relatos en los que se recrean episodios de la vida de algunos de los escritores espa\u00f1oles que m\u00e1s honda huella han dejado al autor.<span id=\"more-72394\"><\/span><\/h3>\n<p align=\"JUSTIFY\">En la obra se presentan los relatos seg\u00fan un <strong>orden cronol\u00f3gico<\/strong>, acompa\u00f1ados de una <strong>breve nota biobibliogr\u00e1fica<\/strong>, en la cual se resaltan los aspectos fundamentales de la vida y de la producci\u00f3n literaria de los escritores seleccionados. Como destaca el editor, <strong>Evelio Trapa<\/strong>, en la contraportada:<em> \u00abEl acad\u00e9mico experto hallar\u00e1 el dato inusual y contrastable, el estudiante entusiasta, una serie de revelaciones que sobrepasan los esquemas de los libros de texto, y ambos efectos se deber\u00e1n siempre al hecho de que su autor ha alcanzado en estos relatos biogr\u00e1ficos un don de pocos: comunicar con rigor investigativo y sutil\u00edsima belleza la esencia de unos destinos extraordinarios cuyo fulgor de palabra sigue irradiando sobre nuestras vidas\u00bb.<\/em><\/p>\n<p align=\"JUSTIFY\">Lo que se procura, por tanto, es <strong>profundizar en el alma de los personajes del libro,<\/strong> bucear en sus sentimientos m\u00e1s \u00edntimos, en las dificultades que encontraron en su vivir diario. A lo largo de las <strong>152 p\u00e1ginas<\/strong> que componen esta obra se puede seguir a <strong>Miguel de Cervantes<\/strong> en dos momentos importantes de su creaci\u00f3n: en los d\u00edas que pasa en Valladolid tras la conclusi\u00f3n de la primera parte de su inmortal novela y en los a\u00f1os en que, ya instalado en Madrid, compone con ardor la segunda parte tras la aparici\u00f3n de un <i>Quijote <\/i>ap\u00f3crifo.<\/p>\n<p align=\"JUSTIFY\">Se puede ver a <strong>Gustavo Adolfo B\u00e9cquer<\/strong> tambi\u00e9n en Madrid, movido por el deseo de convertirse en escritor a pesar de las vicisitudes de diversa \u00edndole a las que tiene que enfrentarse, as\u00ed como se lo ve luego en el monasterio de Veruela, donde reside por un periodo para recuperarse de su maltrecha salud y donde escribir\u00e1 una de sus mejores composiciones, <i>Cartas desde mi celda<\/i>.<\/p>\n<h6 id=\"attachment_72397\" class=\"wp-caption alignleft\" aria-describedby=\"caption-attachment-72397\"><img data-recalc-dims=\"1\" loading=\"lazy\" decoding=\"async\" class=\"size-full wp-image-72397\" src=\"https:\/\/i0.wp.com\/static-ms.ideal.es\/wp-content\/uploads\/sites\/17\/2023\/08\/portada-fulgor-en-la-palabra-de-P-Ruiz-Cabello.jpg?resize=282%2C425&#038;ssl=1\" sizes=\"auto, (max-width: 282px) 100vw, 282px\" srcset=\"\/\/static-ms.ideal.es\/wp-content\/uploads\/sites\/17\/2023\/08\/portada-fulgor-en-la-palabra-de-P-Ruiz-Cabello.jpg 282w, \/\/static-ms.ideal.es\/wp-content\/uploads\/sites\/17\/2023\/08\/portada-fulgor-en-la-palabra-de-P-Ruiz-Cabello-199x300.jpg 199w\" alt=\"\" width=\"282\" height=\"425\" \/><em><strong>Portada \u2018Fulgor en la palabra y vida\u2019 de P Ruiz-Cabello, Ed. Verbum-Mecenas<\/strong><\/em><\/h6>\n<p align=\"JUSTIFY\">Aparece asimismo <strong>Benito P\u00e9rez Gald\u00f3s<\/strong> tomando nota de la realidad del Madrid de su \u00e9poca, en la cual se inspira para escribir algunas de sus m\u00e1s c\u00e9lebres novelas. Se recrean instantes de la vida de do\u00f1a <strong>Emilia Pardo Baz\u00e1n<\/strong>, una de las mujeres m\u00e1s activas y comprometidas de su tiempo. Se asiste a los pensamientos y a las inquietudes de uno de los m\u00e1s grandes escritores de nuestra lengua, don Miguel de Unamuno, deseoso de hallar la paz que anhela su esp\u00edritu en medio de los avatares del mundo. Se penetra en el pensamiento y en las emociones que gu\u00edan a <strong>Gabriel Mir\u00f3<\/strong>, sin duda el mejor paisajista de nuestra literatura, a quien se le ve morir unos d\u00edas despu\u00e9s de haber asistido a un homenaje que se le rindi\u00f3 precisamente a <strong>Miguel de Unamuno<\/strong> tras su vuelta del exilio. Se reproducen los paseos que da <strong>Juan Ram\u00f3n Jim\u00e9nez<\/strong> por los alrededores de Moguer en compa\u00f1\u00eda de un burro, al que llama casualmente <strong>Platero<\/strong>.<\/p>\n<p align=\"JUSTIFY\">Se contempla a <strong>Lorca<\/strong> paseando por las hazas de la vega de su pueblo, en donde pasaba los veranos con su familia. Se vislumbra la figura de <strong>Elena Mart\u00edn Vivaldi<\/strong> caminando solitaria por las calles y plazas de Granada, rodeada de tilos aromosos y de amarillos de oto\u00f1o. Se acompa\u00f1a a <strong>Carmen Mart\u00edn Gaite<\/strong>, una joven escritora que se re\u00fane en los a\u00f1os de la posguerra con otros j\u00f3venes de su edad en bares y cafeter\u00edas de Madrid para compartir con ellos sus veleidades literarias.<\/p>\n<p align=\"JUSTIFY\">La obra termina con un <strong>cuento ficticio de car\u00e1cter autobiogr\u00e1fico<\/strong>, en el cual se refieren los inicios de un joven autor, la gran ilusi\u00f3n que ilumina sus primeras narraciones. Aunque no fue concebido con tal fin, este libro tiene <strong>un indudable inter\u00e9s did\u00e1ctico<\/strong>.<\/p>\n<p align=\"JUSTIFY\">Se puede adquirir en la propia librer\u00eda de la <strong>editorial, <a href=\"https:\/\/mecenas.editorialverbum.es\/producto\/fulgor-de-palabra-y-vida\" target=\"_blank\" rel=\"noopener\">Verbum-Mecenas<\/a>, o a trav\u00e9s de Amazon, tanto en papel como en versi\u00f3n digital<\/strong>. Como indica la cita de Borges que encabeza este ramillete de relatos: \u00abLa literatura no es un espejo del mundo, es algo m\u00e1s, agregado al mundo\u00bb.<\/p>\n<blockquote class=\"wp-embedded-content\" data-secret=\"2XqPBXqqtr\"><p><a href=\"https:\/\/en-clase.ideal.es\/2023\/08\/27\/pedro-ruiz-cabello-recrea-en-fulgor-de-palabra-y-vida-la-huella-que-le-han-dejado-una-decena-de-escritores-espanoles\/\">Pedro Ruiz-Cabello recrea en &#8216;Fulgor de palabra y vida&#8217; la huella que le han dejado una decena de escritores espa\u00f1oles<\/a><\/p><\/blockquote>\n<p><iframe loading=\"lazy\" class=\"wp-embedded-content\" sandbox=\"allow-scripts\" security=\"restricted\" style=\"position: absolute; visibility: hidden;\" title=\"\u00abPedro Ruiz-Cabello recrea en &#8216;Fulgor de palabra y vida&#8217; la huella que le han dejado una decena de escritores espa\u00f1oles\u00bb \u2014 IDEAL En Clase\" src=\"https:\/\/en-clase.ideal.es\/2023\/08\/27\/pedro-ruiz-cabello-recrea-en-fulgor-de-palabra-y-vida-la-huella-que-le-han-dejado-una-decena-de-escritores-espanoles\/embed\/#?secret=ysB6UrOJw6#?secret=2XqPBXqqtr\" data-secret=\"2XqPBXqqtr\" width=\"600\" height=\"338\" frameborder=\"0\" marginwidth=\"0\" marginheight=\"0\" scrolling=\"no\"><\/iframe><\/p>\n<\/div>\n","protected":false},"excerpt":{"rendered":"<p>Fulgor de palabra y vida (Verbum-Mecenas, abril de 2023) es un conjunto de relatos en&#8230;<\/p>\n","protected":false},"author":1,"featured_media":63855,"comment_status":"closed","ping_status":"closed","sticky":false,"template":"","format":"standard","meta":{"_coblocks_attr":"","_coblocks_dimensions":"","_coblocks_responsive_height":"","_coblocks_accordion_ie_support":"","jetpack_post_was_ever_published":false,"_jetpack_newsletter_access":"","_jetpack_dont_email_post_to_subs":false,"_jetpack_newsletter_tier_id":0,"_jetpack_memberships_contains_paywalled_content":false,"_jetpack_memberships_contains_paid_content":false,"footnotes":"","jetpack_publicize_message":"","jetpack_publicize_feature_enabled":true,"jetpack_social_post_already_shared":true,"jetpack_social_options":{"image_generator_settings":{"template":"highway","default_image_id":0,"enabled":false},"version":2}},"categories":[12,44],"tags":[2076,492,10273],"class_list":["post-63854","post","type-post","status-publish","format-standard","has-post-thumbnail","hentry","category-cultura","category-noticias-de-hoy","tag-autores","tag-libro","tag-pedro-ruiz-cabello"],"jetpack_publicize_connections":[],"jetpack_featured_media_url":"https:\/\/i0.wp.com\/miradordeatarfe.es\/wp-content\/uploads\/2023\/10\/AAM_pedro-ruiz-cabello_fulgor-en-la-palabra.jpg?fit=624%2C416&ssl=1","jetpack_likes_enabled":true,"jetpack_sharing_enabled":true,"_links":{"self":[{"href":"https:\/\/miradordeatarfe.es\/index.php?rest_route=\/wp\/v2\/posts\/63854","targetHints":{"allow":["GET"]}}],"collection":[{"href":"https:\/\/miradordeatarfe.es\/index.php?rest_route=\/wp\/v2\/posts"}],"about":[{"href":"https:\/\/miradordeatarfe.es\/index.php?rest_route=\/wp\/v2\/types\/post"}],"author":[{"embeddable":true,"href":"https:\/\/miradordeatarfe.es\/index.php?rest_route=\/wp\/v2\/users\/1"}],"replies":[{"embeddable":true,"href":"https:\/\/miradordeatarfe.es\/index.php?rest_route=%2Fwp%2Fv2%2Fcomments&post=63854"}],"version-history":[{"count":3,"href":"https:\/\/miradordeatarfe.es\/index.php?rest_route=\/wp\/v2\/posts\/63854\/revisions"}],"predecessor-version":[{"id":63858,"href":"https:\/\/miradordeatarfe.es\/index.php?rest_route=\/wp\/v2\/posts\/63854\/revisions\/63858"}],"wp:featuredmedia":[{"embeddable":true,"href":"https:\/\/miradordeatarfe.es\/index.php?rest_route=\/wp\/v2\/media\/63855"}],"wp:attachment":[{"href":"https:\/\/miradordeatarfe.es\/index.php?rest_route=%2Fwp%2Fv2%2Fmedia&parent=63854"}],"wp:term":[{"taxonomy":"category","embeddable":true,"href":"https:\/\/miradordeatarfe.es\/index.php?rest_route=%2Fwp%2Fv2%2Fcategories&post=63854"},{"taxonomy":"post_tag","embeddable":true,"href":"https:\/\/miradordeatarfe.es\/index.php?rest_route=%2Fwp%2Fv2%2Ftags&post=63854"}],"curies":[{"name":"wp","href":"https:\/\/api.w.org\/{rel}","templated":true}]}}