{"id":63862,"date":"2023-10-18T08:55:34","date_gmt":"2023-10-18T06:55:34","guid":{"rendered":"https:\/\/miradordeatarfe.es\/?p=63862"},"modified":"2023-10-16T16:30:49","modified_gmt":"2023-10-16T14:30:49","slug":"silencio-administrativo","status":"publish","type":"post","link":"https:\/\/miradordeatarfe.es\/?p=63862","title":{"rendered":"Silencio administrativo"},"content":{"rendered":"<h3 style=\"text-align: justify;\">Los poderes p\u00fablicos siguen sin dar las explicaciones que exigen los ciudadanos a pesar de la Ley de Transparencia<\/h3>\n<p style=\"text-align: justify;\">La Ley de Transparencia no termina de funcionar. Los datos obligan a preguntarse en qu\u00e9 punto lo que pretend\u00eda ser un mecanismo para que las autoridades p\u00fablicas respondieran sobre sus procedimientos ante las inquietudes de los ciudadanos se ha convertido en una v\u00eda sin aparente salida. Cualquier persona puede hoy solicitar informaci\u00f3n a la Administraci\u00f3n y esta dispone de un mes para contestar; si no lo hace, puede dirigirse al Consejo de Transparencia y Buen Gobierno. Y este organismo, cuya misi\u00f3n es garantizar el acceso a la informaci\u00f3n p\u00fablica, est\u00e1 tardando hasta siete meses en dar respuesta a las reclamaciones que recibe cuando, por ley, no debe tardar m\u00e1s de tres.<\/p>\n<p style=\"text-align: justify;\">\nDespu\u00e9s de aprobarse en 2013, la norma entr\u00f3 en vigor en diciembre de 2014 y ven\u00eda a dar respuestas al en\u00e9rgico rechazo que la sociedad hab\u00eda manifestado al abrumador goteo de casos de corrupci\u00f3n. Pretend\u00eda dotar a los ciudadanos instrumentos que les permitieran realizar un necesario y permanente escrutinio de la acci\u00f3n p\u00fablica. La ley llegaba tarde, no solo a la hora de cumplir una exigencia constitucional sino respecto a la mayor\u00eda de pa\u00edses europeos, pero mostraba la voluntad de que las instituciones al fin respondieran, como destacaba el pre\u00e1mbulo, \u201ca una sociedad que es cr\u00edtica, exigente y que demanda participaci\u00f3n\u201d.<\/p>\n<p style=\"text-align: justify;\">\nLas buenas intenciones de la iniciativa han chocado, sin embargo, con el silencio de la Administraci\u00f3n. Los distintos poderes p\u00fablicos simplemente callan cuando se les piden explicaciones, con lo que despu\u00e9s de un mes los ciudadanos que las han solicitado se dirigen al Consejo, que recibe hoy cuatro veces m\u00e1s reclamaciones que en 2015, cuando empez\u00f3 a aplicarse la nueva legislaci\u00f3n. Ha crecido el trabajo, pero los recursos son escasos: en 2018, el Tribunal de Cuentas recomend\u00f3 que emplearan a 33 trabajadores \u2014eran 22\u2014 para atender las peticiones de entonces, y m\u00e1s tarde lo increment\u00f3 a 55. Hoy la plantilla es de 28 personas cuando, no solo se han disparado las consultas, sino que se ha ampliado el n\u00famero de asuntos sobre los que debe pronunciarse y estos tienen una complejidad mayor.<br \/>\nLa ley abri\u00f3 las puertas para que los ciudadanos pudieran pedir explicaciones y las administraciones no han estado a la altura. Tras la pandemia, el Consejo de Transparencia y Buen Gobierno denunci\u00f3 la opacidad del Ministerio de Sanidad por negarse a dar la informaci\u00f3n que le ped\u00edan a prop\u00f3sito de su gesti\u00f3n durante la crisis. Fue un caso m\u00e1s de ese 30% de reclamaciones que topan con el silencio administrativo de los organismos estatales. Cuando se trata de ayuntamientos y comunidades aut\u00f3nomas la cifra se dispara hasta un 75%. Es imprescindible rectificar: no solo se trata de celebrar las bondades de la transparencia, es obligado ejercerla.<\/p>\n<p>EDITORIAL EL PAIS<\/p>\n<p>&nbsp;<\/p>\n","protected":false},"excerpt":{"rendered":"<p>Los poderes p\u00fablicos siguen sin dar las explicaciones que exigen los ciudadanos a pesar de&#8230;<\/p>\n","protected":false},"author":1,"featured_media":63863,"comment_status":"closed","ping_status":"closed","sticky":false,"template":"","format":"standard","meta":{"_coblocks_attr":"","_coblocks_dimensions":"","_coblocks_responsive_height":"","_coblocks_accordion_ie_support":"","jetpack_post_was_ever_published":false,"_jetpack_newsletter_access":"","_jetpack_dont_email_post_to_subs":false,"_jetpack_newsletter_tier_id":0,"_jetpack_memberships_contains_paywalled_content":false,"_jetpack_memberships_contains_paid_content":false,"footnotes":"","jetpack_publicize_message":"","jetpack_publicize_feature_enabled":true,"jetpack_social_post_already_shared":false,"jetpack_social_options":{"image_generator_settings":{"template":"highway","default_image_id":0,"enabled":false},"version":2}},"categories":[1161,44,7671,15],"tags":[10730],"class_list":["post-63862","post","type-post","status-publish","format-standard","has-post-thumbnail","hentry","category-ciudadania","category-noticias-de-hoy","category-politica","category-ultimas-noticias","tag-silencio-administrativo"],"jetpack_publicize_connections":[],"jetpack_featured_media_url":"https:\/\/i0.wp.com\/miradordeatarfe.es\/wp-content\/uploads\/2023\/10\/Sin-titulo-1.jpeg?fit=295%2C171&ssl=1","jetpack_likes_enabled":true,"jetpack_sharing_enabled":true,"_links":{"self":[{"href":"https:\/\/miradordeatarfe.es\/index.php?rest_route=\/wp\/v2\/posts\/63862","targetHints":{"allow":["GET"]}}],"collection":[{"href":"https:\/\/miradordeatarfe.es\/index.php?rest_route=\/wp\/v2\/posts"}],"about":[{"href":"https:\/\/miradordeatarfe.es\/index.php?rest_route=\/wp\/v2\/types\/post"}],"author":[{"embeddable":true,"href":"https:\/\/miradordeatarfe.es\/index.php?rest_route=\/wp\/v2\/users\/1"}],"replies":[{"embeddable":true,"href":"https:\/\/miradordeatarfe.es\/index.php?rest_route=%2Fwp%2Fv2%2Fcomments&post=63862"}],"version-history":[{"count":1,"href":"https:\/\/miradordeatarfe.es\/index.php?rest_route=\/wp\/v2\/posts\/63862\/revisions"}],"predecessor-version":[{"id":63864,"href":"https:\/\/miradordeatarfe.es\/index.php?rest_route=\/wp\/v2\/posts\/63862\/revisions\/63864"}],"wp:featuredmedia":[{"embeddable":true,"href":"https:\/\/miradordeatarfe.es\/index.php?rest_route=\/wp\/v2\/media\/63863"}],"wp:attachment":[{"href":"https:\/\/miradordeatarfe.es\/index.php?rest_route=%2Fwp%2Fv2%2Fmedia&parent=63862"}],"wp:term":[{"taxonomy":"category","embeddable":true,"href":"https:\/\/miradordeatarfe.es\/index.php?rest_route=%2Fwp%2Fv2%2Fcategories&post=63862"},{"taxonomy":"post_tag","embeddable":true,"href":"https:\/\/miradordeatarfe.es\/index.php?rest_route=%2Fwp%2Fv2%2Ftags&post=63862"}],"curies":[{"name":"wp","href":"https:\/\/api.w.org\/{rel}","templated":true}]}}