{"id":63865,"date":"2023-10-16T11:01:29","date_gmt":"2023-10-16T09:01:29","guid":{"rendered":"https:\/\/miradordeatarfe.es\/?p=63865"},"modified":"2023-12-08T23:25:56","modified_gmt":"2023-12-08T22:25:56","slug":"tristes-guerras-por-remedios-sanchez","status":"publish","type":"post","link":"https:\/\/miradordeatarfe.es\/?p=63865","title":{"rendered":"\u00abTRISTES GUERRAS\u00bb por  Remedios S\u00e1nchez"},"content":{"rendered":"<h3 style=\"text-align: justify;\">Ellos ponen las armas para los cr\u00edmenes y el pueblo pone los cad\u00e1veres, como ha sucedido siempre, a lo largo de la Historia<\/h3>\n<p style=\"text-align: justify;\">Mientras\u00a0la vida se va convirtiendo cada d\u00eda un poco en un cancionero y romancero de ausencias -como aquel que escribiera Miguel Hern\u00e1ndez- y el calendario se acerca irremisiblemente a noviembre que es el mes de los muertos, va reactiv\u00e1ndose otra guerra; esta vez entre palestinos e israel\u00edes que ha estado asomando su rostro de espanto y negrura desde hace un siglo, literalmente desde la Primera Guerra Mundial.<\/p>\n<p style=\"text-align: justify;\">Cualquier persona de buena voluntad coincidir\u00e1 en la rotunda condena al terrorismo que implica el grupo de homicidas de Ham\u00e1s, esos fan\u00e1ticos que disfrutan sinti\u00e9ndose paladines del sufrimiento; y, tambi\u00e9n, en la reprobaci\u00f3n clara de la insistencia del gobierno israel\u00ed para controlar m\u00e1s y m\u00e1s territorios, especialmente desde la Guerra de los Seis D\u00edas de 1967 con el apoyo de Jordania, Siria e Irak. Unos y otros, guerrilleros y radicales (ahora liderados por Netanyahu) se han confabulado para que las hostilidades no cesen y sean las bombas, las calles desiertas, los llantos o la sangre derramada, las protagonistas imperecederas de la cotidianeidad de dos pueblos condenados a la convivencia desde que as\u00ed lo decidi\u00f3 la ONU en 1948.<\/p>\n<p style=\"text-align: justify;\">No nos llevemos a enga\u00f1o, es la t\u00e1ctica cuando entre las propias filas hay disidencias: atacar al enemigo com\u00fan para olvidar los conflictos internos, un modelo tan perverso como v\u00e1lido, a tenor de los resultados que vemos. Y los resultados son 1500 v\u00edctimas en una semana escasa. Poca cosa, si se compara con Ucrania, que ha pasado a un segundo plano de un plumazo. No es personal, s\u00f3lo geoestrategia de quienes deciden el destino del mundo atendiendo a sus intereses. Ellos ponen las armas para los cr\u00edmenes y el pueblo pone los cad\u00e1veres, como ha sucedido siempre, a lo largo de la Historia que sale en los manuales y con la que nos han ense\u00f1ado desde peque\u00f1os que hay pa\u00edses que son poco m\u00e1s que peones de un tablero de ajedrez gigante. Y esas naciones se pueden llamar Israel, Palestina, Ucrania,\u00a0Azerbaiy\u00e1n, Siria, Afganist\u00e1n o incluso Nicaragua, tan olvidada all\u00ed, en Centroam\u00e9rica, a mayor gloria de un s\u00e1trapa que ha exterminado, encarcelado o expulsado cualquier oposici\u00f3n ante el silencio internacional, clara evidencia de que el da\u00f1o se valora acorde al precio del petr\u00f3leo u otros beneficios que explotar\u00e1 un tercero. Porque en las luchas fratricidas los \u00fanicos que pierden son los ciudadanos normales de manos limpias: los panaderos, las m\u00e9dicos, los alba\u00f1iles, las maestras\u2026 \u00a0En este caso concreto, los nadies gazat\u00edes del norte que empiezan su di\u00e1spora.<\/p>\n<p style=\"text-align: justify;\">En Espa\u00f1a sabemos mucho de guerras, aunque a veces a algunos se les olvide: nuestros abuelos vivieron una que, luego, padecieron nuestros padres y que, de alguna forma, ha acabado por tocarnos el coraz\u00f3n a nosotros, herederos del dolor de quienes hicieron un nudo con su tragedia para que el rencor habitara exclusivamente entre los asesinos, porque en ellos nunca cupo. Por eso, en este tiempo que abarca la nostalgia de los seres queridos que ya no est\u00e1n salvo en la memoria perdurable, habr\u00eda que poner encima de la mesa una ambici\u00f3n de paz aut\u00e9ntica. Que sea verdad, porque casi nunca lo es. Por eso seguimos anclados en la maldad irrefrenable sin recordar aquellos versos hernandianos: \u201cTristes guerras\/ si no es amor la empresa\u201d. Tristes, s\u00ed, angustiosas e irracionales demostraciones de nuestra condici\u00f3n miserable, para infinita desolaci\u00f3n de quienes \u00fanicamente usan como arma la palabra. \u00a0<\/p>\n","protected":false},"excerpt":{"rendered":"<p>Ellos ponen las armas para los cr\u00edmenes y el pueblo pone los cad\u00e1veres, como ha&#8230;<\/p>\n","protected":false},"author":1,"featured_media":63866,"comment_status":"closed","ping_status":"closed","sticky":false,"template":"","format":"standard","meta":{"_coblocks_attr":"","_coblocks_dimensions":"","_coblocks_responsive_height":"","_coblocks_accordion_ie_support":"","jetpack_post_was_ever_published":false,"_jetpack_newsletter_access":"","_jetpack_dont_email_post_to_subs":false,"_jetpack_newsletter_tier_id":0,"_jetpack_memberships_contains_paywalled_content":false,"_jetpack_memberships_contains_paid_content":false,"footnotes":"","jetpack_publicize_message":"","jetpack_publicize_feature_enabled":true,"jetpack_social_post_already_shared":false,"jetpack_social_options":{"image_generator_settings":{"template":"highway","default_image_id":0,"enabled":false},"version":2}},"categories":[1161,44,6914,6937],"tags":[1128,2334,8321],"class_list":["post-63865","post","type-post","status-publish","format-standard","has-post-thumbnail","hentry","category-ciudadania","category-noticias-de-hoy","category-opinion-de-reme-sanchez","category-sociedad","tag-guerras","tag-israel","tag-palestina"],"jetpack_publicize_connections":[],"jetpack_featured_media_url":"https:\/\/i0.wp.com\/miradordeatarfe.es\/wp-content\/uploads\/2023\/10\/images.jpeg?fit=291%2C173&ssl=1","jetpack_likes_enabled":true,"jetpack_sharing_enabled":true,"_links":{"self":[{"href":"https:\/\/miradordeatarfe.es\/index.php?rest_route=\/wp\/v2\/posts\/63865","targetHints":{"allow":["GET"]}}],"collection":[{"href":"https:\/\/miradordeatarfe.es\/index.php?rest_route=\/wp\/v2\/posts"}],"about":[{"href":"https:\/\/miradordeatarfe.es\/index.php?rest_route=\/wp\/v2\/types\/post"}],"author":[{"embeddable":true,"href":"https:\/\/miradordeatarfe.es\/index.php?rest_route=\/wp\/v2\/users\/1"}],"replies":[{"embeddable":true,"href":"https:\/\/miradordeatarfe.es\/index.php?rest_route=%2Fwp%2Fv2%2Fcomments&post=63865"}],"version-history":[{"count":1,"href":"https:\/\/miradordeatarfe.es\/index.php?rest_route=\/wp\/v2\/posts\/63865\/revisions"}],"predecessor-version":[{"id":63867,"href":"https:\/\/miradordeatarfe.es\/index.php?rest_route=\/wp\/v2\/posts\/63865\/revisions\/63867"}],"wp:featuredmedia":[{"embeddable":true,"href":"https:\/\/miradordeatarfe.es\/index.php?rest_route=\/wp\/v2\/media\/63866"}],"wp:attachment":[{"href":"https:\/\/miradordeatarfe.es\/index.php?rest_route=%2Fwp%2Fv2%2Fmedia&parent=63865"}],"wp:term":[{"taxonomy":"category","embeddable":true,"href":"https:\/\/miradordeatarfe.es\/index.php?rest_route=%2Fwp%2Fv2%2Fcategories&post=63865"},{"taxonomy":"post_tag","embeddable":true,"href":"https:\/\/miradordeatarfe.es\/index.php?rest_route=%2Fwp%2Fv2%2Ftags&post=63865"}],"curies":[{"name":"wp","href":"https:\/\/api.w.org\/{rel}","templated":true}]}}