{"id":63870,"date":"2023-10-16T09:18:37","date_gmt":"2023-10-16T07:18:37","guid":{"rendered":"https:\/\/miradordeatarfe.es\/?p=63870"},"modified":"2023-10-15T11:22:26","modified_gmt":"2023-10-15T09:22:26","slug":"lideres-contentos-con-los-de-arriba-de-fuera-y-con-mala-cara-con-los-de-dentro","status":"publish","type":"post","link":"https:\/\/miradordeatarfe.es\/?p=63870","title":{"rendered":"L\u00edderes contentos con los de arriba, de fuera y con mala cara con los de dentro"},"content":{"rendered":"<h3 class=\"single-subtitle\" style=\"text-align: justify;\">Cuando no actuamos de acuerdo con lo que pensamos de la importancia de ser buen profesional y buena persona, en realidad, fracasamos.<\/h3>\n<p style=\"text-align: justify;\">En las organizaciones hay muchos jefes y algunas jefas que prefieren estar a bien con los de arriba, de fuera de la organizaci\u00f3n, frente a los de dentro, los de la casa. Y as\u00ed nos va.<ins id=\"revive-0-2\" data-revive-zoneid=\"48\" data-revive-id=\"3675e576db6d1cc6cb6554b6e5954dc7\" data-revive-seq=\"2\" data-revive-loaded=\"1\"><\/ins><\/p>\n<p style=\"text-align: justify;\">Para ser buen\/a jefe\/a creo que es importante tener la mentalidad de querer ayudar a la gente, al equipo. Y ayudar significa, facilitar ser mejores personas y mejores profesionales, ya que para ser buen profesional hay que ser buena persona. Y la verdad es que hay muy pocos jefes\/as que tengan esa mentalidad. En nuestro entorno no vemos a los\/as jefes con esa cabeza.<ins id=\"revive-0-3\" data-revive-zoneid=\"106\" data-revive-id=\"3675e576db6d1cc6cb6554b6e5954dc7\" data-revive-seq=\"3\" data-revive-loaded=\"1\"><\/ins><\/p>\n<p style=\"text-align: justify;\">Cuando dejamos de luchar ante esa idea de buen profesional y persona, en realidad, fracasamos. Cuando no actuamos de acuerdo con lo que pensamos de la importancia de ser buen profesional y buena persona, en realidad, fracasamos. En cambio, cuando fracasamos luchando por lo que pensamos, por esa idea, en realidad, aprendemos.<\/p>\n<p style=\"text-align: justify;\">Es verdad que hay mucha gente en mi entorno que no va a trabajar contenta, va a trabajar dir\u00eda un tanto fracasada porque tiene algunos de sus jefes\/as, que act\u00faan de formas y maneras muy discutibles.<\/p>\n<p style=\"text-align: justify;\">Estos jefes\/as act\u00faan como personas sin criterio, que prefieren el fracaso al \u00e9xito, que buscan las pegas, que ponen trabas, que est\u00e1n con mala cara, que dicen A y hacen B, que se ponen las medallas de otros, que no valoran ni reconocen el trabajo bien hecho, que creen siempre tener raz\u00f3n, que rega\u00f1an, que acusan, que incluso amenazan, que exigen lo que no dan, que se apropian de lo que no es suyo, que menosprecian a quienes aportan valor, que juzgan sin valorar los hechos, que ironizan, que etiquetan negativamente, que generalizan a partir de un hecho, que no comunican, que se contradicen entre ellos, que se hacen quedar mal quit\u00e1ndose la raz\u00f3n en p\u00fablico y que contagian demasiadas emociones negativas, aunque algunos peloteen sin saber por qu\u00e9 o mejor dicho en busca de su beneficio propio.<\/p>\n<p style=\"text-align: justify;\">Y la realidad es que todos y todas tenemos cosas importantes que aportar, todos y todas queremos sentirnos bien tratados y la clave est\u00e1 en que los jefes\/as sepan cuidarnos, mimarnos. Y cuidar y mimar no son los verbos que mejor utilicen algunos de nuestros jefes\/as.<\/p>\n<p style=\"text-align: justify;\">Probablemente eso nos pasa porque nuestros jefes\/as viven en bucle y solamente ven lo negativo, lo que no les gusta, y a veces necesitan parar y comprobar que todo lo que tienen alrededor, los profesionales no funcionan mal, sino todo lo contrario; a pesar de la falta de estrategia, siguen haciendo su trabajo, a pesar de ellos y ellas. Todos los que trabajamos en las organizaciones tenemos nuestro talento, todos tenemos cosas buenas, pero no les dan valor ni las reconocen. Los expertos dicen que hay que valorar lo positivo, disfrutar de lo que uno tiene y no centrarse en lo que no tiene. Y esa es una lecci\u00f3n que nuestros jefes\/as tienen muy lejos.<\/p>\n<p><strong><span class=\"single-new-author\"><a title=\"Entradas de Joan Carles March\" href=\"https:\/\/www.granadadigital.es\/columnista\/joan-carles-march-salud-con-h-alma\/\" rel=\"author\">Joan Carles March <\/a><\/span><\/strong><\/p>\n<div class=\"single-new-img\">\n<figure><figcaption class=\"caption wp-caption-text\">FOTO: Para ser buen profesional hay que ser buena persona | Foto: Remitida<\/figcaption><\/figure>\n<\/div>\n<div class=\"row single-new-content\">\n<div class=\"col-md-8 content-left\">\n<div class=\"single-new-header-meta text-muted\">\n<div class=\"single-new-date-author\">https:\/\/www.granadadigital.es\/lideres-contentos-arriba-fuera-mala-cara-dentro\/<\/div>\n<p><i class=\"far fa-comment\"><\/i><\/div>\n<\/div>\n<\/div>\n","protected":false},"excerpt":{"rendered":"<p>Cuando no actuamos de acuerdo con lo que pensamos de la importancia de ser buen&#8230;<\/p>\n","protected":false},"author":1,"featured_media":63871,"comment_status":"closed","ping_status":"closed","sticky":false,"template":"","format":"standard","meta":{"_coblocks_attr":"","_coblocks_dimensions":"","_coblocks_responsive_height":"","_coblocks_accordion_ie_support":"","jetpack_post_was_ever_published":false,"_jetpack_newsletter_access":"","_jetpack_dont_email_post_to_subs":false,"_jetpack_newsletter_tier_id":0,"_jetpack_memberships_contains_paywalled_content":false,"_jetpack_memberships_contains_paid_content":false,"footnotes":"","jetpack_publicize_message":"","jetpack_publicize_feature_enabled":true,"jetpack_social_post_already_shared":false,"jetpack_social_options":{"image_generator_settings":{"template":"highway","default_image_id":0,"enabled":false},"version":2}},"categories":[1161,44,7671,6937,15],"tags":[10732,10731,606,10733],"class_list":["post-63870","post","type-post","status-publish","format-standard","has-post-thumbnail","hentry","category-ciudadania","category-noticias-de-hoy","category-politica","category-sociedad","category-ultimas-noticias","tag-jefas","tag-jefes","tag-lideres","tag-organizacion"],"jetpack_publicize_connections":[],"jetpack_featured_media_url":"https:\/\/i0.wp.com\/miradordeatarfe.es\/wp-content\/uploads\/2023\/10\/Collage-Maker-08-Oct-2023-07-48-PM-6270-1010x674-1.jpg?fit=1010%2C674&ssl=1","jetpack_likes_enabled":true,"jetpack_sharing_enabled":true,"_links":{"self":[{"href":"https:\/\/miradordeatarfe.es\/index.php?rest_route=\/wp\/v2\/posts\/63870","targetHints":{"allow":["GET"]}}],"collection":[{"href":"https:\/\/miradordeatarfe.es\/index.php?rest_route=\/wp\/v2\/posts"}],"about":[{"href":"https:\/\/miradordeatarfe.es\/index.php?rest_route=\/wp\/v2\/types\/post"}],"author":[{"embeddable":true,"href":"https:\/\/miradordeatarfe.es\/index.php?rest_route=\/wp\/v2\/users\/1"}],"replies":[{"embeddable":true,"href":"https:\/\/miradordeatarfe.es\/index.php?rest_route=%2Fwp%2Fv2%2Fcomments&post=63870"}],"version-history":[{"count":2,"href":"https:\/\/miradordeatarfe.es\/index.php?rest_route=\/wp\/v2\/posts\/63870\/revisions"}],"predecessor-version":[{"id":63873,"href":"https:\/\/miradordeatarfe.es\/index.php?rest_route=\/wp\/v2\/posts\/63870\/revisions\/63873"}],"wp:featuredmedia":[{"embeddable":true,"href":"https:\/\/miradordeatarfe.es\/index.php?rest_route=\/wp\/v2\/media\/63871"}],"wp:attachment":[{"href":"https:\/\/miradordeatarfe.es\/index.php?rest_route=%2Fwp%2Fv2%2Fmedia&parent=63870"}],"wp:term":[{"taxonomy":"category","embeddable":true,"href":"https:\/\/miradordeatarfe.es\/index.php?rest_route=%2Fwp%2Fv2%2Fcategories&post=63870"},{"taxonomy":"post_tag","embeddable":true,"href":"https:\/\/miradordeatarfe.es\/index.php?rest_route=%2Fwp%2Fv2%2Ftags&post=63870"}],"curies":[{"name":"wp","href":"https:\/\/api.w.org\/{rel}","templated":true}]}}