{"id":63874,"date":"2023-10-16T10:15:31","date_gmt":"2023-10-16T08:15:31","guid":{"rendered":"https:\/\/miradordeatarfe.es\/?p=63874"},"modified":"2023-10-15T11:33:50","modified_gmt":"2023-10-15T09:33:50","slug":"no-hay-que-asumir-que-al-envejecer-se-duerme-mal","status":"publish","type":"post","link":"https:\/\/miradordeatarfe.es\/?p=63874","title":{"rendered":"No hay que asumir que al envejecer se duerme mal"},"content":{"rendered":"<section class=\"blk blk-a blk-detail\">\n<div>\n<h3 class=\"subtitle\" style=\"text-align: justify;\">Conforme van cumpliendo a\u00f1os, algunas personas cuentan que tienen un sue\u00f1o m\u00e1s ligero y se despiertan un mayor n\u00famero de veces.<\/h3>\n<p class=\"subtitle\" style=\"text-align: justify;\">\u201c<strong>No hay que banalizar estos comentarios del paciente, respondi\u00e9ndole que esos problemas de sue\u00f1o son propios del envejecimiento<\/strong>\u201d, afirm\u00f3 Exuperio D\u00edez Tejedor, presidente de la <a href=\"http:\/\/www.sen.es\/\" target=\"_blank\" rel=\"nofollow noopener\"><strong>Sociedad Espa\u00f1ola de Neurolog\u00eda (SEN)<\/strong><\/a>, con motivo de la celebraci\u00f3n, el pr\u00f3ximo 15 de marzo, del D\u00eda Mundial del Sue\u00f1o. La iniciativa de la Sociedad Mundial del Sue\u00f1o -cuyo lema este a\u00f1o es <em>Sue\u00f1o saludable, envejecimiento saludable<\/em>&#8211; est\u00e1 organizada en nuestro pa\u00eds por la <a href=\"http:\/\/ses.org.es\/\" target=\"_blank\" rel=\"nofollow noopener\"><strong>Sociedad Espa\u00f1ola del Sue\u00f1o (SES)<\/strong><\/a>.<\/p>\n<p style=\"text-align: justify;\">\u201cEst\u00e1 claro que una persona de 80 a\u00f1os no va a dormir el mismo n\u00famero de horas que un adolescente, pero <strong>el sue\u00f1o tiene que ser reparador<\/strong>. De lo contrario, requiere un abordaje precoz para poder ofrecerle soluciones terap\u00e9uticas. Los f\u00e1rmacos ansiol\u00edticos sirven para tratar la <strong><a href=\"https:\/\/cuidateplus.marca.com\/enfermedades\/psiquiatricas\/ansiedad.html\" target=\"_self\" rel=\"noopener\">ansiedad<\/a>,<\/strong> pero pueden generar dependencia. Por ello, solo hay que usarlos cuando realmente sea necesario\u201d, dijo D\u00edez.<\/p>\n<p style=\"text-align: justify;\">Existe el derecho a dormir bien, \u201cpor eso, el m\u00e9dico de atenci\u00f3n primaria debe derivar al paciente a un experto en sue\u00f1o llegado el caso\u201d, defendi\u00f3 Milagros Merino, miembro del comit\u00e9 cient\u00edfico de la SES y neurofisi\u00f3loga de la Unidad de Trastornos Neurol\u00f3gicos del Sue\u00f1o del Hospital Universitario La Paz (Madrid).<\/p>\n<h2 style=\"text-align: justify;\">\u00bfQu\u00e9 enfermedades previene dormir bien?<\/h2>\n<p style=\"text-align: justify;\">\u201cDormir bien tiene un doble efecto: genera felicidad y previene enfermedades\u201d, afirm\u00f3 Diez. A lo que Merino a\u00f1adi\u00f3: \u201cConocemos las consecuencias de un sue\u00f1o insuficiente en calidad y cantidad. La falta de sue\u00f1o repercute negativamente en el estado de bienestar, pero tambi\u00e9n tiene consecuencias f\u00edsicas importantes, a nivel vascular y cardiaco (aumentando el riesgo de <a href=\"https:\/\/cuidateplus.marca.com\/enfermedades\/enfermedades-vasculares-y-del-corazon\/arritmias.html\" target=\"_self\" rel=\"noopener\"><strong>arritmias<\/strong><\/a> e <a href=\"https:\/\/cuidateplus.marca.com\/enfermedades\/enfermedades-vasculares-y-del-corazon\/infarto-miocardio.html\" target=\"_self\" rel=\"noopener\"><strong>infartos<\/strong><\/a>) y cerebral (<a href=\"https:\/\/cuidateplus.marca.com\/enfermedades\/neurologicas\/ictus.html\" target=\"_self\" rel=\"noopener\"><strong>ictus<\/strong><\/a>). Adem\u00e1s, interviene en el metabolismo del az\u00facar, de tal manera que predispone a la <a href=\"https:\/\/cuidateplus.marca.com\/enfermedades\/digestivas\/diabetes.html\" target=\"_self\" rel=\"noopener\"><strong>diabetes<\/strong><\/a>; y eleva el riesgo de sobrepeso y <strong><a href=\"https:\/\/cuidateplus.marca.com\/enfermedades\/digestivas\/obesidad.html\" target=\"_self\" rel=\"noopener\">obesidad<\/a> <\/strong>porque produce una desregulaci\u00f3n en las hormonas del apetito y la saciedad (la leptina y la grelina)\u201d.<\/p>\n<p style=\"text-align: justify;\">A nivel psicol\u00f3gico, cuando el sue\u00f1o es de mala calidad aparece la irritabilidad durante el d\u00eda y aumentan los problemas psiqui\u00e1tricos, con una mayor tendencia a la ansiedad y la <a href=\"https:\/\/cuidateplus.marca.com\/enfermedades\/psiquiatricas\/depresion.html\" target=\"_self\" rel=\"noopener\"><strong>depresi\u00f3n<\/strong><\/a>. En el caso de los m\u00e1s j\u00f3venes puede haber <a href=\"https:\/\/cuidateplus.marca.com\/enfermedades\/neurologicas\/trastorno-deficit-atencion-hiperactividad.html\" target=\"_self\" rel=\"noopener\"><strong>trastorno por d\u00e9ficit de atenci\u00f3n e hiperactividad (TDAH)<\/strong><\/a>.<\/p>\n<p style=\"text-align: justify;\">La experta de la SES se\u00f1al\u00f3 que algunos estudios indican que la deficiencia de sue\u00f1o \u201cprovoca un menor rendimiento cognitivo, que hasta en un 15 por ciento de los casos ha sido identificado err\u00f3neamente como una enfermedad de <a href=\"https:\/\/cuidateplus.marca.com\/enfermedades\/neurologicas\/alzheimer.html\" target=\"_self\" rel=\"noopener\"><strong>Alzheimer<\/strong><\/a>\u201d. Dormir mal reduce la concentraci\u00f3n y la memoria y puede producir, incluso, desorientaci\u00f3n, se\u00f1al\u00f3 D\u00edez.<\/p>\n<p style=\"text-align: justify;\">En este sentido, el neur\u00f3logo mencion\u00f3 tambi\u00e9n la relaci\u00f3n entre los trastornos del sue\u00f1o y <strong>el Alzheimer<\/strong>, que <strong>provoca alteraci\u00f3n del sue\u00f1o<\/strong>, pero no quiere decir que la enfermedad se produzca por dormir mal.<\/p>\n<p style=\"text-align: justify;\">Asimismo, se ha visto que los trabajadores a turnos tienen m\u00e1s problemas inmunitarios, lo que conlleva una mayor tendencia a las <strong>infecciones<\/strong>.<\/p>\n<h2 style=\"text-align: justify;\">Los trastornos del sue\u00f1o m\u00e1s frecuentes<\/h2>\n<p style=\"text-align: justify;\">\u201cLos trastornos del sue\u00f1o afectan a un tercio de la poblaci\u00f3n mundial. El m\u00e1s frecuente es el <a href=\"https:\/\/cuidateplus.marca.com\/enfermedades\/neurologicas\/insomnio.html\" target=\"_self\" rel=\"noopener\"><strong>insomnio<\/strong><\/a>, que a su vez consta de varios tipos, seguido de los <a href=\"https:\/\/cuidateplus.marca.com\/enfermedades\/respiratorias\/apnea.html\" target=\"_self\" rel=\"noopener\"><strong>s\u00edndromes de apnea obstructiva del sue\u00f1o<\/strong><\/a> (cuya prevalencia ha aumentado porque cada vez se investiga m\u00e1s); el <strong>ronquido<\/strong> afecta a un 30 o 35 por ciento de la poblaci\u00f3n; y, por \u00faltimo, el <strong>s\u00edndrome de piernas inquietas<\/strong>, que lo sufre un 7 por ciento\u201d, enumer\u00f3 Merino.<\/p>\n<p style=\"text-align: justify;\">\u201cSabemos que hay un problema de sue\u00f1o porque, por ejemplo, la persona que padece insomnio por el d\u00eda se encuentra fatal\u201d, concret\u00f3 la neurofisi\u00f3loga.<\/p>\n<h2 style=\"text-align: justify;\">\u00bfHace falta sacar el m\u00f3vil de la habitaci\u00f3n?<\/h2>\n<p style=\"text-align: justify;\">Sobre la exposici\u00f3n nocturna a las pantallas iluminadas, Merino explic\u00f3 que <strong>no es necesario sacar el tel\u00e9fono m\u00f3vil de la habitaci\u00f3n, sino que lo importante es no mirarlo antes de dormir<\/strong>, porque la luz azul que emiten estos dispositivos electr\u00f3nicos inhibe la producci\u00f3n de <a href=\"https:\/\/cuidateplus.marca.com\/enfermedades\/neurologicas\/trastornos-ritmo-circadiano\/2015\/09\/18\/que-melatonina-88937.html\" target=\"_self\" rel=\"noopener\"><strong>melatonina<\/strong><\/a>, que es la hormona que induce al sue\u00f1o al cerebro. Este <strong>consejo<\/strong> es <strong>especialmente necesario en problemas de insomnio de conciliaci\u00f3n<\/strong>.<\/p>\n<h2 style=\"text-align: justify;\">Dec\u00e1logo para una buena higiene del sue\u00f1o<\/h2>\n<p style=\"text-align: justify;\">La Sociedad Mundial del Sue\u00f1o propone los siguientes consejos para lograr un sue\u00f1o de buena calidad en adultos:<\/p>\n<ol>\n<li style=\"text-align: justify;\">Establecer un horario regular de sue\u00f1o.<br \/>\n\u00a0<\/li>\n<li style=\"text-align: justify;\">Si existe el h\u00e1bito de dormir siesta, evitar que exceda los 45 minutos.<br \/>\n\u00a0<\/li>\n<li style=\"text-align: justify;\">No ingerir una excesiva cantidad de alcohol al menos cuatro horas antes de acostarse y no fumar. \u201cLas bebidas alcoh\u00f3licas dan somnolencia pero no inducen un sue\u00f1o reparador\u201d, a\u00f1ade el presidente de la SEN.<br \/>\n\u00a0<\/li>\n<li style=\"text-align: justify;\">Evitar el consumo de cafe\u00edna, t\u00e9, chocolate o bebidas energ\u00e9ticas al menos seis horas antes de dormir.<br \/>\n\u00a0<\/li>\n<li style=\"text-align: justify;\">No tomar comidas pesadas o picantes al menos cuatro horas antes de dormir. Es recomendable hacer una comida ligera antes de acostarse.<br \/>\n\u00a0<\/li>\n<li style=\"text-align: justify;\">Hacer ejercicio de manera regular, pero no inmediatamente antes de acostarse.<br \/>\n\u00a0<\/li>\n<li style=\"text-align: justify;\">Usar ropa de cama c\u00f3moda y agradable.<br \/>\n\u00a0<\/li>\n<li>Encontrar un nivel de temperatura agradable y mantener la habitaci\u00f3n bien ventilada.<br \/>\n\u00a0<\/li>\n<li>Eliminar todo el ruido que pueda causar distracci\u00f3n y tambi\u00e9n toda la luminosidad de la habitaci\u00f3n durante la noche.<br \/>\n\u00a0<\/li>\n<li>Reservar el dormitorio para dormir. No usarlo para trabajar ni para actividades l\u00fadicas en general, como ver la televisi\u00f3n.<\/li>\n<\/ol>\n<figure id=\"imagen_not\" class=\"node-main-image\"><span class=\"subtitle\">Si el sue\u00f1o es de mala calidad aparece la irritabilidad durante el d\u00eda. <\/span><\/figure>\n<div class=\"post-meta\">\n<div class=\"author-news\">\n<div class=\"box_editor\">\n<ol>\n<li>\n<p><a href=\"https:\/\/cuidateplus.marca.com\/curriculum\/ana-callejo-mora.html\">Ana Callejo Mora<\/a><\/p>\n<\/li>\n<\/ol>\n<\/div>\n<\/div>\n<\/div>\n<div class=\"post-meta\">\n<div class=\"post-social\">\n<div class=\"social-bar\">\u00a0<\/div>\n<\/div>\n<\/div>\n<section class=\"blk blk-a blk-detail\">\n<div>\n<p>FOTO: <span class=\"subtitle\">Si el sue\u00f1o es de mala calidad aparece la irritabilidad durante el d\u00eda. <\/span><\/p>\n<p>https:\/\/cuidateplus.marca.com\/familia\/mayores\/2019\/03\/13\/hay-asumir-envejecer-duerme-mal-169836.html<\/p>\n<\/div>\n<\/section>\n<\/div>\n<\/section>\n","protected":false},"excerpt":{"rendered":"<p>Conforme van cumpliendo a\u00f1os, algunas personas cuentan que tienen un sue\u00f1o m\u00e1s ligero y se&#8230;<\/p>\n","protected":false},"author":1,"featured_media":63875,"comment_status":"closed","ping_status":"closed","sticky":false,"template":"","format":"standard","meta":{"_coblocks_attr":"","_coblocks_dimensions":"","_coblocks_responsive_height":"","_coblocks_accordion_ie_support":"","jetpack_post_was_ever_published":false,"_jetpack_newsletter_access":"","_jetpack_dont_email_post_to_subs":false,"_jetpack_newsletter_tier_id":0,"_jetpack_memberships_contains_paywalled_content":false,"_jetpack_memberships_contains_paid_content":false,"footnotes":"","jetpack_publicize_message":"","jetpack_publicize_feature_enabled":true,"jetpack_social_post_already_shared":false,"jetpack_social_options":{"image_generator_settings":{"template":"highway","default_image_id":0,"enabled":false},"version":2}},"categories":[1161,44,6937,15,10],"tags":[10735,10734],"class_list":["post-63874","post","type-post","status-publish","format-standard","has-post-thumbnail","hentry","category-ciudadania","category-noticias-de-hoy","category-sociedad","category-ultimas-noticias","category-salud","tag-irritabilidad","tag-sueno-ligero"],"jetpack_publicize_connections":[],"jetpack_featured_media_url":"https:\/\/i0.wp.com\/miradordeatarfe.es\/wp-content\/uploads\/2023\/10\/envejecer-sueno.jpg.webp?fit=1200%2C675&ssl=1","jetpack_likes_enabled":true,"jetpack_sharing_enabled":true,"_links":{"self":[{"href":"https:\/\/miradordeatarfe.es\/index.php?rest_route=\/wp\/v2\/posts\/63874","targetHints":{"allow":["GET"]}}],"collection":[{"href":"https:\/\/miradordeatarfe.es\/index.php?rest_route=\/wp\/v2\/posts"}],"about":[{"href":"https:\/\/miradordeatarfe.es\/index.php?rest_route=\/wp\/v2\/types\/post"}],"author":[{"embeddable":true,"href":"https:\/\/miradordeatarfe.es\/index.php?rest_route=\/wp\/v2\/users\/1"}],"replies":[{"embeddable":true,"href":"https:\/\/miradordeatarfe.es\/index.php?rest_route=%2Fwp%2Fv2%2Fcomments&post=63874"}],"version-history":[{"count":1,"href":"https:\/\/miradordeatarfe.es\/index.php?rest_route=\/wp\/v2\/posts\/63874\/revisions"}],"predecessor-version":[{"id":63876,"href":"https:\/\/miradordeatarfe.es\/index.php?rest_route=\/wp\/v2\/posts\/63874\/revisions\/63876"}],"wp:featuredmedia":[{"embeddable":true,"href":"https:\/\/miradordeatarfe.es\/index.php?rest_route=\/wp\/v2\/media\/63875"}],"wp:attachment":[{"href":"https:\/\/miradordeatarfe.es\/index.php?rest_route=%2Fwp%2Fv2%2Fmedia&parent=63874"}],"wp:term":[{"taxonomy":"category","embeddable":true,"href":"https:\/\/miradordeatarfe.es\/index.php?rest_route=%2Fwp%2Fv2%2Fcategories&post=63874"},{"taxonomy":"post_tag","embeddable":true,"href":"https:\/\/miradordeatarfe.es\/index.php?rest_route=%2Fwp%2Fv2%2Ftags&post=63874"}],"curies":[{"name":"wp","href":"https:\/\/api.w.org\/{rel}","templated":true}]}}