{"id":63877,"date":"2023-10-17T09:30:37","date_gmt":"2023-10-17T07:30:37","guid":{"rendered":"https:\/\/miradordeatarfe.es\/?p=63877"},"modified":"2023-10-16T16:13:33","modified_gmt":"2023-10-16T14:13:33","slug":"la-periodista-sonsoles-onega-gana-el-premio-planeta-2023-con-las-hijas-de-la-criada","status":"publish","type":"post","link":"https:\/\/miradordeatarfe.es\/?p=63877","title":{"rendered":"La periodista Sonsoles \u00d3nega gana el Premio Planeta 2023 con &#8216;Las hijas de la criada&#8217;"},"content":{"rendered":"<h2>El joven escritor Alfonso Goizueta, se queda finalista con una novela hist\u00f3rica sobre Alejandro Magno<\/h2>\n<div class=\"cnt-txt\">\n<p style=\"text-align: justify;\">El Planeta, el premio con m\u00e1s dotaci\u00f3n econ\u00f3mica, un mill\u00f3n de euros, y m\u00e1s foco medi\u00e1tico, pues lo otorga un grupo que posee varios medios de comunicaci\u00f3n, que se entrega en Espa\u00f1a. En este 2023 ha ido a parar, precisamente, a uno de los rostros m\u00e1s conocidos de la televisi\u00f3n, a la periodista y presentadora Antena3, <a href=\"https:\/\/cadenaser.com\/nacional\/2023\/07\/13\/bertin-osborne-interrumpe-y-ahora-sonsoles-para-mostrar-su-enfado-por-lo-que-han-hecho-tras-confirmar-que-sera-padre-es-de-cona-cadena-ser\/\" target=\"_blank\" rel=\"noopener\">Sonsoles \u00d3nega<\/a>. Su nombre se escond\u00eda tras un pseud\u00f3nimo, pr\u00e1ctica habitual del juego del premio, y el t\u00edtulo ganador es <i>Las hijas de la criada<\/i>, una novela hist\u00f3rica ambientada entre Cuba y Galicia. \u00abMe he presentado a todos los concursos literarios habidos y por haber\u00bb, dec\u00eda.<\/p>\n<p style=\"text-align: justify;\">\u00ab\u00bfQu\u00e9 se dice cu\u00e1ndo recoges un premio? Mi padre me dijo que hab\u00eda una versi\u00f3n corta y una larga\u00bb, comenzaba la conocida periodista. \u00abEs una novela que arranca en la Galicia del mar, vicepresidenta, en 1900, la Galicia que construy\u00f3 los episodios m\u00e1s notables de su historia. La cuento a trav\u00e9s de una familia de empresarios que construyeron un imperio y que hicieron de Galicia un sitio merecedor\u00bb, explicaba \u00d3nega que ha forjado una historia sobre el destino, uno de los temas, dec\u00eda, que acompa\u00f1an su obra. \u00abEsta es una novela de mujeres valientes que pelearon en el mar durante cien a\u00f1os y lo siguen haciendo sin reconocimiento ninguno\u00bb. Para acabar terminando con una dedicatoria a las escritoras con hijos y a los hijos de las escritoras.<\/p>\n<p style=\"text-align: justify;\">Hija del periodista Fernando \u00d3nega, comenz\u00f3 trabajando en informativos CNN+, Cuatro, Telecinco, donde ha sido periodista parlamentaria hasta su salto a presentar programas de la cadena de Mediaset. De 2018 hasta 2022, present\u00f3 el programa de sucesos Ya es mediod\u00eda, hasta que fich\u00f3 por la competencia, Atresmedia Televisi\u00f3n -del mismo grupo que Planeta- para presentar un nuevo proyecto, Y ahora Sonsoles, que compite directamente con Ana Rosa Quintana por el liderazgo de la tarde. En cuanto a su faceta literaria, en 2004 public\u00f3 su primera novela <i>Calle Habana, esquina Obispo<\/i>. Una historia corta sobre Cuba. Despu\u00e9s volvi\u00f3 a publicar una novela sobre el 11M titulada <i>Donde Dios no estuvo.<\/i> No obstante, su mayor \u00e9xito fue la novela <i>Despu\u00e9s del amor<\/i> (2017), ambientada en la Espa\u00f1a de la Segunda Rep\u00fablica, con la que recibi\u00f3 el Premio de novela Fernando Lara 2017.<\/p>\n<p style=\"text-align: justify;\">Alfonso Goizueta, finalista con <i>La sangre del padre, <\/i>otra novela hist\u00f3rica, en este caso sobre Alejandro Magno, un principiante que con 24 a\u00f1os inicia una carrera literaria por todo lo alto. \u00abEs mi novela de pandemia y me dio por escribir sobre Alejandro Magno. Se lo dije a mi abuelo y me dijo que no ser\u00eda un cuento, como yo quer\u00eda, sino una novela\u00bb. El libro cuenta desde su infancia en Macedonia a toda su gesta. \u00abLa novela tiene intriga palaciega e historia pol\u00edtica, lo que me interesaba es la historia de un chico de mi edad que abandon\u00f3 su casa, a su familia y se enfrent\u00f3 al vac\u00edo. Los momentos que me interesaban eran los de duda, los que se enamoraba. La novela es un viaje inici\u00e1tico en la que vemos c\u00f3mo cambia su mirada\u00bb, dec\u00eda el autor. \u00abTodo podemos vernos reflejados en Alejandro, porque detr\u00e1s del mito, esta novela busca al hombre<\/p>\n<p style=\"text-align: justify;\">Licenciado en Historia y Relaciones Internacionales por King\u2019s College London. En 2017 public\u00f3 su primer libro, <i>Limitando el poder 1871-1939<\/i>, con Planeta, al que le sigui\u00f3, en 2018, <i>Los \u00faltimos gobernantes de Castilla<\/i>, un ensayo sobre los or\u00edgenes hist\u00f3ricos de la unidad espa\u00f1ola en los siglos XV y XVI. Contribuye regularmente en diversas publicaciones universitarias con art\u00edculos sobre la situaci\u00f3n pol\u00edtica espa\u00f1ola e internacional y ha publicado varias tribunas sobre dichos temas en el diario <i>ABC<\/i>.<\/p>\n<p style=\"text-align: justify;\">El premio se ha entregado en la tradicional gala celebrada, como viene siendo habitual, cada 15 de octubre, festividad de Santa Teresa, onom\u00e1stica de la esposa del fundador, Mar\u00eda Teresa Bosch, fallecida en 2003. Una cena en el Museu Nacional d&#8217;Art de Catalunya (MNAC), en Barcelona, donde personalidades de la cultura y la pol\u00edtica se re\u00fanen y donde se habla m\u00e1s de pol\u00edtica y de televisi\u00f3n que de literatura.<\/p>\n<p style=\"text-align: justify;\">El Planeta suele buscar rostros conocidos, el a\u00f1o pasado lo gan\u00f3 la escritora superventas Luz Gab\u00e1s con la novela <i>Lejos de Luisiana.<\/i> El a\u00f1o anterior fue el controvertido premio para Carmen Mola, momento en el que se descubri\u00f3 que tras el pseud\u00f3nimo hab\u00eda tres escritores. Tambi\u00e9n ha sido sonado el premio a Javier Cercas y Manuel Vilas, porque supuso su salto de un grupo editorial a otro. En esta 72 edici\u00f3n la criba ha sido, como m\u00ednimo, m\u00e1s voluminosa, ya que la participaci\u00f3n ha batido \u00abun r\u00e9cord absoluto\u00bb <b>con 1.129 novelas presentadas<\/b>, 461 m\u00e1s que el a\u00f1o anterior, espoleada por una novedad digital: la editorial ha dado luz verde a que se env\u00eden los originales por correo electr\u00f3nico en vez de solo en papel. Los n\u00fameros se han disparado <b>con 482 obras espa\u00f1olas enviadas<\/b> a las que siguen 309 de Latinoam\u00e9rica. El resto de los originales proviene de Am\u00e9rica del Norte (96), Am\u00e9rica Central (33), el resto de Europa (20) y \u00c1frica (1).Unos datos que, seg\u00fan la editorial, son un reflejo del m\u00fasculo del sector que ha resistido con creces el embate de la pandemia.<\/p>\n<p><a class=\"au-wb\" title=\"Pepa Blanes\" href=\"https:\/\/cadenaser.com\/autor\/maria_jose_blanes_martinez\/a\/\"><strong>Pepa Blanes<\/strong><\/a><\/p>\n<p>FOTO: Sonsoles \u00d3nega recibe el Premio Planeta 2023 \/ CEDIDA<\/p>\n<p>https:\/\/cadenaser.com\/nacional\/2023\/10\/15\/la-periodista-de-television-sonsoles-onega-gana-el-premio-planeta-2023-cadena-ser\/?sma=newsEditorialSER_generico20231016<\/p>\n<\/div>\n","protected":false},"excerpt":{"rendered":"<p>El joven escritor Alfonso Goizueta, se queda finalista con una novela hist\u00f3rica sobre Alejandro Magno&#8230;<\/p>\n","protected":false},"author":1,"featured_media":63878,"comment_status":"closed","ping_status":"closed","sticky":false,"template":"","format":"standard","meta":{"_coblocks_attr":"","_coblocks_dimensions":"","_coblocks_responsive_height":"","_coblocks_accordion_ie_support":"","jetpack_post_was_ever_published":false,"_jetpack_newsletter_access":"","_jetpack_dont_email_post_to_subs":false,"_jetpack_newsletter_tier_id":0,"_jetpack_memberships_contains_paywalled_content":false,"_jetpack_memberships_contains_paid_content":false,"footnotes":"","jetpack_publicize_message":"","jetpack_publicize_feature_enabled":true,"jetpack_social_post_already_shared":false,"jetpack_social_options":{"image_generator_settings":{"template":"highway","default_image_id":0,"enabled":false},"version":2}},"categories":[1161,44,6937,15,10],"tags":[459,198,8647],"class_list":["post-63877","post","type-post","status-publish","format-standard","has-post-thumbnail","hentry","category-ciudadania","category-noticias-de-hoy","category-sociedad","category-ultimas-noticias","category-salud","tag-libros","tag-literatura","tag-premio-planeta"],"jetpack_publicize_connections":[],"jetpack_featured_media_url":"https:\/\/i0.wp.com\/miradordeatarfe.es\/wp-content\/uploads\/2023\/10\/Screenshot-2023-10-16-at-16-01-16-La-periodista-Sonsoles-Onega-gana-el-Premio-Planeta-2023-con-Las-hijas-de-la-criada.png?fit=443%2C321&ssl=1","jetpack_likes_enabled":true,"jetpack_sharing_enabled":true,"_links":{"self":[{"href":"https:\/\/miradordeatarfe.es\/index.php?rest_route=\/wp\/v2\/posts\/63877","targetHints":{"allow":["GET"]}}],"collection":[{"href":"https:\/\/miradordeatarfe.es\/index.php?rest_route=\/wp\/v2\/posts"}],"about":[{"href":"https:\/\/miradordeatarfe.es\/index.php?rest_route=\/wp\/v2\/types\/post"}],"author":[{"embeddable":true,"href":"https:\/\/miradordeatarfe.es\/index.php?rest_route=\/wp\/v2\/users\/1"}],"replies":[{"embeddable":true,"href":"https:\/\/miradordeatarfe.es\/index.php?rest_route=%2Fwp%2Fv2%2Fcomments&post=63877"}],"version-history":[{"count":1,"href":"https:\/\/miradordeatarfe.es\/index.php?rest_route=\/wp\/v2\/posts\/63877\/revisions"}],"predecessor-version":[{"id":63879,"href":"https:\/\/miradordeatarfe.es\/index.php?rest_route=\/wp\/v2\/posts\/63877\/revisions\/63879"}],"wp:featuredmedia":[{"embeddable":true,"href":"https:\/\/miradordeatarfe.es\/index.php?rest_route=\/wp\/v2\/media\/63878"}],"wp:attachment":[{"href":"https:\/\/miradordeatarfe.es\/index.php?rest_route=%2Fwp%2Fv2%2Fmedia&parent=63877"}],"wp:term":[{"taxonomy":"category","embeddable":true,"href":"https:\/\/miradordeatarfe.es\/index.php?rest_route=%2Fwp%2Fv2%2Fcategories&post=63877"},{"taxonomy":"post_tag","embeddable":true,"href":"https:\/\/miradordeatarfe.es\/index.php?rest_route=%2Fwp%2Fv2%2Ftags&post=63877"}],"curies":[{"name":"wp","href":"https:\/\/api.w.org\/{rel}","templated":true}]}}