{"id":63880,"date":"2023-10-18T08:09:35","date_gmt":"2023-10-18T06:09:35","guid":{"rendered":"https:\/\/miradordeatarfe.es\/?p=63880"},"modified":"2023-10-18T14:16:28","modified_gmt":"2023-10-18T12:16:28","slug":"lucia-galan-el-problema-de-muchos-padres-es-que-quieren-que-sus-hijos-se-comporten-como-adultos","status":"publish","type":"post","link":"https:\/\/miradordeatarfe.es\/?p=63880","title":{"rendered":"Luc\u00eda Gal\u00e1n: \u201cEl problema de muchos padres es que quieren que sus hijos se comporten como adultos\u201d"},"content":{"rendered":"<h3 style=\"text-align: justify;\">Luc\u00eda Gal\u00e1n, m\u00e1s conocida como Luc\u00eda mi pediatra, explica en sus nueva colecci\u00f3n de libros, todo lo que es normal en la maternidad y la paternidad. Que un beb\u00e9 se despierte cada dos horas por la noche \u00abes normal\u00bb, explica.<\/h3>\n<section class=\"blk blk-a blk-detail\">\n<div>\n<p style=\"text-align: justify;\">Ser padre o madre hoy en d\u00eda no es una tarea f\u00e1cil y menos a\u00fan si son primerizos. Hace unos a\u00f1os no hab\u00eda informaci\u00f3n sobre el cuidado de los ni\u00f1os por lo que las madres y los padres hac\u00edan lo que les dec\u00eda su pediatra y poco m\u00e1s. Hoy en d\u00eda es todo lo contrario. En la actualidad, <strong>la informaci\u00f3n a trav\u00e9s de las redes sociales es tan grande que, en ocasiones, puede llegar a confundir<\/strong> y a crear falsas expectativas de lo que es la maternidad y de lo que esperamos que hagan nuestros hijos.\u00a0<\/p>\n<p style=\"text-align: justify;\">Como alerta a Cu\u00eddatePlus <a href=\"https:\/\/www.luciamipediatra.com\/sobre-mi\/\">Luc\u00eda Gal\u00e1n<\/a>, pediatra y fundadora de Centro Creciendo, m\u00e1s conocida como <strong>Luc\u00eda mi pediatra<\/strong>, el problema de muchos padres es que \u201cquieren que sus hijos act\u00faen como adultos y no al rev\u00e9s\u201d. En su opini\u00f3n, lo primero que <strong>\u201ctenemos que entender es que un ni\u00f1o no es un adulto en peque\u00f1o, que gestiona los conflictos y las frustraciones de manera diferente y que no podemos pedir cosas que ellos no pueden hacer\u201d<\/strong>. Precisamente para despejar dudas sobre el comportamiento de los ni\u00f1os y para explicar lo que es normal y lo que no en un ni\u00f1o y en la maternidad, ha lanzado una nueva colecci\u00f3n de libros <em>Luc\u00eda, mi pediatra recomienda<\/em>.<\/p>\n<p style=\"text-align: justify;\">Los dos primeros libros <em>El sue\u00f1o es vida<\/em>, de <a href=\"https:\/\/www.linkedin.com\/in\/gonzalo-pin-arboledas-9bb46432\/?originalSubdomain=es\">Gonzalo Pin<\/a> (m\u00e9dico pediatra y especialista en Medicina del Sue\u00f1o, jefe de equipo de la Unidad de Sue\u00f1o del Servicio de Pediatr\u00eda en el Hospital Quir\u00f3n de Valencia); y <em>Lactancia Materna<\/em>, de<a href=\"https:\/\/www.planetadelibros.com\/autor\/dra-raquel-velasco\/000058955\"> Raquel Velasco<\/a>, (licenciada en Medicina y Cirug\u00eda por la Universidad Miguel Hern\u00e1ndez), <strong>pretender dar luz a los problemas que surgen desde la infancia con el sue\u00f1o y con la lactancia materna,<\/strong> explicando los problemas con los que una madre o un padre pueden encontrarse en estas etapas de la vida.\u00a0<\/p>\n<p style=\"text-align: justify;\">En cuanto al sue\u00f1o, Luc\u00eda mi pediatra explica que<strong> \u201cmuchos padres acuden a la consulta preocupados porque sus beb\u00e9s se despiertan cada dos horas\u201d. <\/strong>Esto, se\u00f1ala, \u201ces lo normal\u201d.\u00a0 En su opini\u00f3n, es clave \u201crebajar las expectativas y saber qu\u00e9 es el sue\u00f1o normal de los beb\u00e9s\u201d.\u00a0<\/p>\n<p style=\"text-align: justify;\">Seg\u00fan Pin, <strong>\u201cel tiempo despierto y la duraci\u00f3n de los periodos de vigilia se doblan entre el nacimiento y el final del segundo mes de vida, pero el beb\u00e9 seguir\u00e1 reclamando cada dos a cuatro horas d\u00eda y noche<\/strong> y, por norma general, su noche no ser\u00e1 a\u00fan de ocho horas, ni mucho menos\u201d. Con 3 meses, \u201caun necesitan alimentarse cada dos o cuatro horas de d\u00eda y de noche y lo normal es que a\u00fan muestren sue\u00f1o intranquilo\u201d.\u00a0<\/p>\n<p style=\"text-align: justify;\">Lo que s\u00ed tiene claro Pin es que l<strong>os buenos h\u00e1bitos del sue\u00f1o empiezan en la gestaci\u00f3n<\/strong>. \u201cLa madre, con sus h\u00e1bitos, puede mejorar el sue\u00f1o del beb\u00e9 despu\u00e9s del nacimiento\u201d, se\u00f1ala. \u201cLa placenta transmite informaci\u00f3n al beb\u00e9 ya que es el \u00f3rgano m\u00e1s rico en melatonina (hormona del sue\u00f1o) y permite el paso a la placenta en funci\u00f3n de la melanina de la madre igual que el cortisol (hormona del estr\u00e9s)\u201d.<\/p>\n<p style=\"text-align: justify;\">Desde la semana 32, \u00abel sistema de control de respuesta del feto est\u00e1 disponible, por lo que<strong> los cambios que realice la madre para mejorar el sue\u00f1o, los transmitir\u00e1 al feto<\/strong>\u201d. As\u00ed, explica, <strong>\u201csi la madre tiene paseos por el d\u00eda y horarios de sue\u00f1o regulares, esa informaci\u00f3n llegar\u00e1 al feto\u201d<\/strong>. Las madres que lo hacen \u201ctienen beb\u00e9s que se adaptan mejor y esto es as\u00ed porque el feto duerme en funci\u00f3n de c\u00f3mo lo hace la madre\u201d. Por eso es clave que antes de parir la madre est\u00e9 de baja para poder establecer estas rutinas.\u00a0<\/p>\n<p style=\"text-align: justify;\">Si, por el contrario,<strong> \u201ctengo horarios irregulares de sue\u00f1o, es posible que el beb\u00e9 nazca menos adaptado e, incluso, que sea la causa de problemas como el mal llamado c\u00f3lico de lactantes\u201d.<\/strong> Esto no es m\u00e1s que \u201cun problema del ritmo circadiano en el que el cortisol y la melatonina est\u00e1n descompensados\u201d.\u00a0<\/p>\n<p style=\"text-align: justify;\">En el libro, el autor tambi\u00e9n explica cu\u00e1les son las se\u00f1ales de alerta de que un ni\u00f1o tiene problemas de sue\u00f1o o un trastorno del sue\u00f1o (enfermedad). Como explica a Cu\u00eddatePlus, <strong>\u201clos signos de que algo no va bien se perciben durante el d\u00eda. Si el ni\u00f1o durante el d\u00eda est\u00e1 alegre no es se\u00f1al de alerta<\/strong>. Por el contrario, si el ni\u00f1o tiene mal car\u00e1cter o est\u00e1 m\u00e1s delgado o m\u00e1s gordo, puede que sea un trastorno del sue\u00f1o y que deba consultar a un especialista\u201d.\u00a0<\/p>\n<h2 style=\"text-align: justify;\">Lactancia materna<\/h2>\n<p style=\"text-align: justify;\">En cuanto a la lactancia materna, Velasco explica en los libros todo aquello que no cuentan con el fin de acompa\u00f1ar a la madre durante esta etapa \u201ctan complicada\u201d. Como explica, durante mucho tiempo<strong> \u201cse ha hablado de los beneficios de la lactancia materna para el beb\u00e9 y para la madre pero no se explica c\u00f3mo es el proceso\u201d<\/strong>. En el libro, la autora da respuesta a los falsos mitos relacionados con la lactancia como \u201ctu leche no alimenta, a partir del a\u00f1o es solo agua, tener dolor es normal\u2026\u201d.<\/p>\n<\/div>\n<\/section>\n<p><a href=\"https:\/\/cuidateplus.marca.com\/curriculum\/joanna-guillen-valera.html\"><strong>Joanna Guill\u00e9n Valera<\/strong><\/a><\/p>\n<figure id=\"imagen_not\" class=\"node-main-image\"><span class=\"subtitle\">FOTO: Luc\u00eda Gal\u00e1n, conocida como Luc\u00eda mi pediatra, aborda la maternidad desde la realidad. <\/span><\/figure>\n<div class=\"post-meta\">\n<div class=\"author-news\">\n<div class=\"box_editor\">\n<p>https:\/\/cuidateplus.marca.com\/familia\/bebe\/2023\/10\/05\/lucia-galan-problema-padres-quieren-hijos-comporten-adultos-180821.html<\/p>\n<\/div>\n<\/div>\n<\/div>\n","protected":false},"excerpt":{"rendered":"<p>Luc\u00eda Gal\u00e1n, m\u00e1s conocida como Luc\u00eda mi pediatra, explica en sus nueva colecci\u00f3n de libros,&#8230;<\/p>\n","protected":false},"author":1,"featured_media":63966,"comment_status":"closed","ping_status":"closed","sticky":false,"template":"","format":"standard","meta":{"_coblocks_attr":"","_coblocks_dimensions":"","_coblocks_responsive_height":"","_coblocks_accordion_ie_support":"","jetpack_post_was_ever_published":false,"_jetpack_newsletter_access":"","_jetpack_dont_email_post_to_subs":false,"_jetpack_newsletter_tier_id":0,"_jetpack_memberships_contains_paywalled_content":false,"_jetpack_memberships_contains_paid_content":false,"footnotes":"","jetpack_publicize_message":"","jetpack_publicize_feature_enabled":true,"jetpack_social_post_already_shared":false,"jetpack_social_options":{"image_generator_settings":{"template":"highway","default_image_id":0,"enabled":false},"version":2}},"categories":[1161,44,6937,15,10],"tags":[520,459,3935],"class_list":["post-63880","post","type-post","status-publish","format-standard","has-post-thumbnail","hentry","category-ciudadania","category-noticias-de-hoy","category-sociedad","category-ultimas-noticias","category-salud","tag-bebes","tag-libros","tag-pediatra"],"jetpack_publicize_connections":[],"jetpack_featured_media_url":"https:\/\/i0.wp.com\/miradordeatarfe.es\/wp-content\/uploads\/2023\/10\/Screenshot-2023-10-18-at-14-15-24-Lucia-Galan-El-problema-de-muchos-padres-es-que-quieren-que-sus-hijos-se-comporten-como-adultos.png?fit=341%2C271&ssl=1","jetpack_likes_enabled":true,"jetpack_sharing_enabled":true,"_links":{"self":[{"href":"https:\/\/miradordeatarfe.es\/index.php?rest_route=\/wp\/v2\/posts\/63880","targetHints":{"allow":["GET"]}}],"collection":[{"href":"https:\/\/miradordeatarfe.es\/index.php?rest_route=\/wp\/v2\/posts"}],"about":[{"href":"https:\/\/miradordeatarfe.es\/index.php?rest_route=\/wp\/v2\/types\/post"}],"author":[{"embeddable":true,"href":"https:\/\/miradordeatarfe.es\/index.php?rest_route=\/wp\/v2\/users\/1"}],"replies":[{"embeddable":true,"href":"https:\/\/miradordeatarfe.es\/index.php?rest_route=%2Fwp%2Fv2%2Fcomments&post=63880"}],"version-history":[{"count":2,"href":"https:\/\/miradordeatarfe.es\/index.php?rest_route=\/wp\/v2\/posts\/63880\/revisions"}],"predecessor-version":[{"id":63883,"href":"https:\/\/miradordeatarfe.es\/index.php?rest_route=\/wp\/v2\/posts\/63880\/revisions\/63883"}],"wp:featuredmedia":[{"embeddable":true,"href":"https:\/\/miradordeatarfe.es\/index.php?rest_route=\/wp\/v2\/media\/63966"}],"wp:attachment":[{"href":"https:\/\/miradordeatarfe.es\/index.php?rest_route=%2Fwp%2Fv2%2Fmedia&parent=63880"}],"wp:term":[{"taxonomy":"category","embeddable":true,"href":"https:\/\/miradordeatarfe.es\/index.php?rest_route=%2Fwp%2Fv2%2Fcategories&post=63880"},{"taxonomy":"post_tag","embeddable":true,"href":"https:\/\/miradordeatarfe.es\/index.php?rest_route=%2Fwp%2Fv2%2Ftags&post=63880"}],"curies":[{"name":"wp","href":"https:\/\/api.w.org\/{rel}","templated":true}]}}