{"id":63884,"date":"2023-10-17T10:14:14","date_gmt":"2023-10-17T08:14:14","guid":{"rendered":"https:\/\/miradordeatarfe.es\/?p=63884"},"modified":"2023-10-16T16:17:41","modified_gmt":"2023-10-16T14:17:41","slug":"demasiado-castigo-para-el-atarfe-ante-un-efectivo-san-pedro-0-1","status":"publish","type":"post","link":"https:\/\/miradordeatarfe.es\/?p=63884","title":{"rendered":"ATARFE: Demasiado castigo para el Atarfe ante un efectivo San Pedro, 0-1"},"content":{"rendered":"<div id=\"layout\" class=\"NO-boxed\">\n<div class=\"page-content\">\n<div class=\"row clearfix\">\n<div class=\"single_post mbf clearfix\">\n<div class=\"grid_9 alpha posts noticiabig\">\n<h2 style=\"text-align: justify;\">\u00a0Los atarfe\u00f1os plantaron cara a uno de los favoritos al ascenso, pero no aprovecharon sus ocasiones<\/h2>\n<p style=\"text-align: justify;\">El San Pedro, firme candidato al ascenso, se ha convertido en el primer equipo que se ha llevado los tres puntos del Municipal de Atarfe. Con este partido se cierra este complicado primer tramo de competici\u00f3n donde los, de Johny Prieto han sumado cuatro puntos. Ahora le llegar\u00e1 una serie de compromisos algo m\u00e1s equilibrados para ir calibrando las opciones de este nuevo proyecto del Atarfe Industrial.\u00a0<\/p>\n<p style=\"text-align: justify;\">El partido comenz\u00f3 con un susto a los dos minutos en la porter\u00eda de V\u00edctor, cuando un saque de esquina casi se convierte en gol ol\u00edmpico, lo impidi\u00f3 el travesa\u00f1o. El Atarfe respondi\u00f3 en el minuto 18 con un pase en profundidad de Sanna para la carrera de Dennis que super\u00f3 en velocidad a su defensor y se present\u00f3 ante Reina, que envi\u00f3 a c\u00f3rner el disparo del jugador verdiblanco, quiz\u00e1s la \u00fanica pero muy clara ocasi\u00f3n de los locales en toda la primera parte. Esta primera mitad estuvo igualada pero controlada por un San Pedro con mucho empaque pero romo en ataque, por la gran labor de los locales. Con el 0-0 inicial se lleg\u00f3 al descanso.\u00a0<\/p>\n<p style=\"text-align: justify;\">Todo hac\u00eda indicar que la, segunda mitad pod\u00eda ir por los mismos derroteros, pero fue el Atarfe el que irrumpi\u00f3 con fuerza y ganas de romper el 0-0. El primer cuarto de hora del Atarfe roza la perfecci\u00f3n, tuvo una gran oportunidad a los 8 minutos por mediaci\u00f3n de Toni, que mand\u00f3 un pase de Dennis al lateral de la red. Posteriormente dos lanzamientos lejanos de Casares y Sierra que se marcharon desviados confirmaron los mejores momentos de los atarfe\u00f1os. El San Pedro se repone y coge aire con la entrada de jugadores de banquillo para volver a hacerse con la manija y asestar un duro golpe que result\u00f3 definitivo . En el minuto 64 en una de sus escasas llegadas al \u00e1rea consigue el 0-1, Pablo da el pase de la muerte que aprovecha en el segundo palo, Jes\u00fas D\u00edaz incorpor\u00e1ndose desde atr\u00e1s para empujar a la red el \u00fanico tanto del partido. La reacci\u00f3n local no se hizo esperar con el reci\u00e9n entrado Osuna, que tras una pared en la frontal del \u00e1rea con Toni, a punto est\u00e1 de conseguir el empate. Fue un espejismo, cel San Pedro tir\u00f3 de oficio y veteran\u00eda para anular las ideas y las ganas de los atarfe\u00f1os y conseguir llevarse una importante victoria.\u00a0<\/p>\n<div class=\"limpia\" style=\"text-align: justify;\">\u00a0<\/div>\n<div class=\"foto\" style=\"text-align: justify;\">\n<p><a id=\"single_image\" title=\"Sanna avanza con el bal\ufffdn (CRISTIAN FERN\ufffdNDEZ) \" href=\"https:\/\/i0.wp.com\/www.granadaenjuego.com\/ficheros\/202310\/imagen53845_1_original.jpg?ssl=1\"> <img data-recalc-dims=\"1\" decoding=\"async\" class=\"alignleft\" title=\"Sanna avanza con el bal\ufffdn (CRISTIAN FERN\ufffdNDEZ) \" src=\"https:\/\/i0.wp.com\/www.granadaenjuego.com\/ficheros\/202310\/imagen53845_1_original.jpg?w=640&#038;ssl=1\" alt=\"Sanna avanza con el bal\ufffdn (CRISTIAN FERN\ufffdNDEZ) \" \/> <\/a><\/p>\n<div class=\"piefotobig\"><i>Sanna avanza con el bal\u00f3n (CRISTIAN FERN\u00c1NDEZ) <\/i><\/div>\n<\/div>\n<p style=\"text-align: justify;\"><strong>ATARFE INDUSTRIAL: <\/strong>V\u00edctor Jim\u00e9nez, Jean Pierre (Rub\u00e9n 85&#8242;), Marcos Toro, Marfil, \u00d3scar, Sierra, Casares (Rub\u00e9n Osuna 60&#8242;), Sanna (Juanma 71&#8242;), Toni (Desting 71&#8242;), Cristian y Dennis Christopher Jr (Zarcos 85&#8242;)<\/p>\n<p style=\"text-align: justify;\"><strong>U.D. SAN PEDRO: <\/strong>Reina, Dani Lavela, Manu Morilla, Nacho Linares (Pablo 15&#8242;), Pepe, Adri Ruiz (Manu 71&#8242;), Chino, Jes\u00fas D\u00edaz (Charly 85&#8242;), El\u00edas (Alvarito 46&#8242;), V\u00edctor (Finlay 46&#8242;) y Cristian (\u00d3scar Asencio 52&#8242;)<\/p>\n<p style=\"text-align: justify;\"><strong>GOLES<\/strong>: 0-1, Jes\u00fas D\u00edaz (64&#8242;);<\/p>\n<p style=\"text-align: justify;\"><strong>\u00c1RBITRO<\/strong>: Sanchez Rubio, Jose Javier (Almer\u00eda). Amonest\u00f3 por los locales a A\u00f1ico, Sierra, Marfil, Sanna y por los visitantes a Alvarito, \u00d3scar Asencio.<\/p>\n<p style=\"text-align: justify;\"><strong>INCIDENCIAS<\/strong>: Encuentro disputado en el Municipal de Atarfe ante unos 150 espectadores.\u00a0<\/p>\n<p style=\"text-align: justify;\"><img data-recalc-dims=\"1\" decoding=\"async\" src=\"https:\/\/i0.wp.com\/i.ibb.co\/thh0fwh\/image-46.jpg?w=640&#038;ssl=1\" alt=\"\" \/><\/p>\n<div class=\"meta mb autor\"><strong>Jes\u00fas Rosillo \/ ATARFE \u00a0|<\/strong>\u00a0\u00a0<\/div>\n<div>\u00a0<\/div>\n<div class=\"foto\">\n<div class=\"piefotobig\"><i>FOTO: Marcos Toro pelea por el bal\u00f3n (CRISTIAN FERN\u00c1NDEZ)<\/i><\/div>\n<div>https:\/\/www.granadaenjuego.com\/atarfe-industrial-\/demasiado-castigo-para-el-atarfe-ante-un-efectivo-san-pedro&#8211;0-1<\/div>\n<\/div>\n<\/div>\n<\/div>\n<\/div>\n<\/div>\n<\/div>\n<div class=\"google-revocation-link-placeholder\">\n<div>\u00a0<\/div>\n<\/div>\n","protected":false},"excerpt":{"rendered":"<p>\u00a0Los atarfe\u00f1os plantaron cara a uno de los favoritos al ascenso, pero no aprovecharon sus&#8230;<\/p>\n","protected":false},"author":1,"featured_media":0,"comment_status":"closed","ping_status":"closed","sticky":false,"template":"","format":"standard","meta":{"_coblocks_attr":"","_coblocks_dimensions":"","_coblocks_responsive_height":"","_coblocks_accordion_ie_support":"","jetpack_post_was_ever_published":false,"_jetpack_newsletter_access":"","_jetpack_dont_email_post_to_subs":false,"_jetpack_newsletter_tier_id":0,"_jetpack_memberships_contains_paywalled_content":false,"_jetpack_memberships_contains_paid_content":false,"footnotes":"","jetpack_publicize_message":"","jetpack_publicize_feature_enabled":true,"jetpack_social_post_already_shared":false,"jetpack_social_options":{"image_generator_settings":{"template":"highway","default_image_id":0,"enabled":false},"version":2}},"categories":[2,1161,182,44,15],"tags":[81,4389,666],"class_list":["post-63884","post","type-post","status-publish","format-standard","hentry","category-atarfe","category-ciudadania","category-deportes","category-noticias-de-hoy","category-ultimas-noticias","tag-atarfe","tag-atarfe-industrial-c-f","tag-futbol"],"jetpack_publicize_connections":[],"jetpack_featured_media_url":"","jetpack_likes_enabled":true,"jetpack_sharing_enabled":true,"_links":{"self":[{"href":"https:\/\/miradordeatarfe.es\/index.php?rest_route=\/wp\/v2\/posts\/63884","targetHints":{"allow":["GET"]}}],"collection":[{"href":"https:\/\/miradordeatarfe.es\/index.php?rest_route=\/wp\/v2\/posts"}],"about":[{"href":"https:\/\/miradordeatarfe.es\/index.php?rest_route=\/wp\/v2\/types\/post"}],"author":[{"embeddable":true,"href":"https:\/\/miradordeatarfe.es\/index.php?rest_route=\/wp\/v2\/users\/1"}],"replies":[{"embeddable":true,"href":"https:\/\/miradordeatarfe.es\/index.php?rest_route=%2Fwp%2Fv2%2Fcomments&post=63884"}],"version-history":[{"count":2,"href":"https:\/\/miradordeatarfe.es\/index.php?rest_route=\/wp\/v2\/posts\/63884\/revisions"}],"predecessor-version":[{"id":63886,"href":"https:\/\/miradordeatarfe.es\/index.php?rest_route=\/wp\/v2\/posts\/63884\/revisions\/63886"}],"wp:attachment":[{"href":"https:\/\/miradordeatarfe.es\/index.php?rest_route=%2Fwp%2Fv2%2Fmedia&parent=63884"}],"wp:term":[{"taxonomy":"category","embeddable":true,"href":"https:\/\/miradordeatarfe.es\/index.php?rest_route=%2Fwp%2Fv2%2Fcategories&post=63884"},{"taxonomy":"post_tag","embeddable":true,"href":"https:\/\/miradordeatarfe.es\/index.php?rest_route=%2Fwp%2Fv2%2Ftags&post=63884"}],"curies":[{"name":"wp","href":"https:\/\/api.w.org\/{rel}","templated":true}]}}