{"id":63887,"date":"2023-10-17T08:19:29","date_gmt":"2023-10-17T06:19:29","guid":{"rendered":"https:\/\/miradordeatarfe.es\/?p=63887"},"modified":"2023-10-16T16:23:18","modified_gmt":"2023-10-16T14:23:18","slug":"ya-paso-el-12-de-octubre-por-angels-barcelo","status":"publish","type":"post","link":"https:\/\/miradordeatarfe.es\/?p=63887","title":{"rendered":"\u00abYa pas\u00f3 el 12 de octubre\u00bb por \u00c1NGELS BARCEL\u00d3"},"content":{"rendered":"<h3>\u00a0Y pas\u00f3 lo de siempre, desfile y <a href=\"http:\/\/t.newsletter.cadenaser.com\/r\/?id=h7430123a,c177ce4,4bdc67c\" target=\"_blank\" rel=\"noopener\" data-saferedirecturl=\"https:\/\/www.google.com\/url?q=http:\/\/t.newsletter.cadenaser.com\/r\/?id%3Dh7430123a,c177ce4,4bdc67c&amp;source=gmail&amp;ust=1697551170078000&amp;usg=AOvVaw3LCv1XvlzrI1ows4QiprAv\">abucheos<\/a> por aquello de que cuando la derecha no gobierna, el presidente de turno se merece ser recibido con gritos y abucheos, a los que desde hace poco se suma una lamentable frase que provoca el asco incluso de algunas de las v\u00edctimas del terrorismo.<\/h3>\n<p>Es ya como una especie de tradici\u00f3n, da igual donde se coloque la tribuna de invitados, la derecha se apropia, como hace con alguna que otra instituci\u00f3n, de una fiesta que deber\u00eda ser de todos.<\/p>\n<p>No debemos acostumbrarnos al insulto ni a los partidos que los justifican, a ellos, precisamente, hay que pedirles un plus de responsabilidad por el cargo que ostentan. El 23 de julio hubo unas elecciones, y el resultado fue el que fue\u00a0y si Pedro S\u00e1nchez consigue formar gobierno, habr\u00e1 que esperar una legislatura, corta o larga, para volver a votar, y mientras tanto lo que habr\u00e1 que hacer es cargarnos de argumentos para decidir a quien le damos nuestro voto. En esto tan obvio consiste la democracia, afortunadamente no hay otro camino.<\/p>\n<p>Hay novedades en la guerra de Oriente Pr\u00f3ximo: <a href=\"http:\/\/t.newsletter.cadenaser.com\/r\/?id=h7430123a,c177ce4,4bdc67d\" target=\"_blank\" rel=\"noopener\" data-saferedirecturl=\"https:\/\/www.google.com\/url?q=http:\/\/t.newsletter.cadenaser.com\/r\/?id%3Dh7430123a,c177ce4,4bdc67d&amp;source=gmail&amp;ust=1697551170078000&amp;usg=AOvVaw2VSZO1MOR8lgWYZn9WU8Vb\">Israel da 24 horas<\/a> a la poblaci\u00f3n de Gaza para que evac\u00fae el norte de la franja y vaya hacia el sur. Es la se\u00f1al de que prepara la incursi\u00f3n terrestre para ma\u00f1ana mismo\u00a0y la ONU ha advertido de que eso obliga a que, en unas pocas horas, tenga que\u00a0desplazarse m\u00e1s de un mill\u00f3n de personas que ahora mismo no tienen a d\u00f3nde ir, que est\u00e1n sin luz y sin agua corriente, sin apenas comida, sobre la que han seguido bombardeando esta madrugada y que se exponen, en palabras de Naciones Unidas, a una crisis devastadora. Israel, sin embargo, tiene tomada la decisi\u00f3n.<\/p>\n<p><strong>\u00c0ngels Barcel\u00f3<\/strong><\/p>\n<p>FOTO: La reina Letizia y la infanta Sof\u00eda acuden al desfile de las Fuerzas Armadas 2022<span id=\"m79026-79025-79027\" class=\"author \">GTRES<\/span><\/p>\n","protected":false},"excerpt":{"rendered":"<p>\u00a0Y pas\u00f3 lo de siempre, desfile y abucheos por aquello de que cuando la derecha&#8230;<\/p>\n","protected":false},"author":1,"featured_media":63888,"comment_status":"closed","ping_status":"closed","sticky":false,"template":"","format":"standard","meta":{"_coblocks_attr":"","_coblocks_dimensions":"","_coblocks_responsive_height":"","_coblocks_accordion_ie_support":"","jetpack_post_was_ever_published":false,"_jetpack_newsletter_access":"","_jetpack_dont_email_post_to_subs":false,"_jetpack_newsletter_tier_id":0,"_jetpack_memberships_contains_paywalled_content":false,"_jetpack_memberships_contains_paid_content":false,"footnotes":"","jetpack_publicize_message":"","jetpack_publicize_feature_enabled":true,"jetpack_social_post_already_shared":false,"jetpack_social_options":{"image_generator_settings":{"template":"highway","default_image_id":0,"enabled":false},"version":2}},"categories":[1161,44,7671,15],"tags":[10736,42],"class_list":["post-63887","post","type-post","status-publish","format-standard","has-post-thumbnail","hentry","category-ciudadania","category-noticias-de-hoy","category-politica","category-ultimas-noticias","tag-abucheos","tag-politica"],"jetpack_publicize_connections":[],"jetpack_featured_media_url":"https:\/\/i0.wp.com\/miradordeatarfe.es\/wp-content\/uploads\/2023\/10\/la-reina-letizia-y-la-infanta-sofia-acuden-al-desfile-de-las-fuerzas-armadas-2022.webp?fit=640%2C360&ssl=1","jetpack_likes_enabled":true,"jetpack_sharing_enabled":true,"_links":{"self":[{"href":"https:\/\/miradordeatarfe.es\/index.php?rest_route=\/wp\/v2\/posts\/63887","targetHints":{"allow":["GET"]}}],"collection":[{"href":"https:\/\/miradordeatarfe.es\/index.php?rest_route=\/wp\/v2\/posts"}],"about":[{"href":"https:\/\/miradordeatarfe.es\/index.php?rest_route=\/wp\/v2\/types\/post"}],"author":[{"embeddable":true,"href":"https:\/\/miradordeatarfe.es\/index.php?rest_route=\/wp\/v2\/users\/1"}],"replies":[{"embeddable":true,"href":"https:\/\/miradordeatarfe.es\/index.php?rest_route=%2Fwp%2Fv2%2Fcomments&post=63887"}],"version-history":[{"count":1,"href":"https:\/\/miradordeatarfe.es\/index.php?rest_route=\/wp\/v2\/posts\/63887\/revisions"}],"predecessor-version":[{"id":63889,"href":"https:\/\/miradordeatarfe.es\/index.php?rest_route=\/wp\/v2\/posts\/63887\/revisions\/63889"}],"wp:featuredmedia":[{"embeddable":true,"href":"https:\/\/miradordeatarfe.es\/index.php?rest_route=\/wp\/v2\/media\/63888"}],"wp:attachment":[{"href":"https:\/\/miradordeatarfe.es\/index.php?rest_route=%2Fwp%2Fv2%2Fmedia&parent=63887"}],"wp:term":[{"taxonomy":"category","embeddable":true,"href":"https:\/\/miradordeatarfe.es\/index.php?rest_route=%2Fwp%2Fv2%2Fcategories&post=63887"},{"taxonomy":"post_tag","embeddable":true,"href":"https:\/\/miradordeatarfe.es\/index.php?rest_route=%2Fwp%2Fv2%2Ftags&post=63887"}],"curies":[{"name":"wp","href":"https:\/\/api.w.org\/{rel}","templated":true}]}}