{"id":63900,"date":"2023-10-17T11:00:47","date_gmt":"2023-10-17T09:00:47","guid":{"rendered":"https:\/\/miradordeatarfe.es\/?p=63900"},"modified":"2023-10-20T11:23:46","modified_gmt":"2023-10-20T09:23:46","slug":"atarfe-jueves-19-de-octubre-a-las-12h-cadena-humana-solidaria-contra-el-cancer-de-mama-en-la-plaza-del-ayuntamiento","status":"publish","type":"post","link":"https:\/\/miradordeatarfe.es\/?p=63900","title":{"rendered":"ATARFE: Jueves 19 de Octubre a las 12h.: Cadena Humana Solidaria Contra el C\u00e1ncer de Mama, EN LA PLAZA DEL AYUNTAMIENTO"},"content":{"rendered":"<div class=\"xdj266r x11i5rnm xat24cr x1mh8g0r x1vvkbs x126k92a\">\n<h3 dir=\"auto\" style=\"text-align: justify;\">\u00a0En el marco del D\u00eda Mundial Contra el C\u00e1ncer de Mama, la Asociaci\u00f3n Contra el C\u00e1ncer en Atarfe vuelve a reivindicar la importancia de que \u00abEl Rosa es m\u00e1s que un color\u00bb con el objetivo de devolver la identidad movilizadora de ese color\u00a0<\/h3>\n<div dir=\"auto\" style=\"text-align: justify;\">\n<div class=\"xdj266r x11i5rnm xat24cr x1mh8g0r x1vvkbs x126k92a\">\n<div dir=\"auto\">En 2022, en la Asociaci\u00f3n Espa\u00f1ola Contra el C\u00e1ncer atendimos un total de 10.669 pacientes de c\u00e1ncer de mama, es decir, el 30 % del total de mujeres diagnosticadas anualmente en Espa\u00f1a con esta enfermedad (34.740 diagn\u00f3stico durante el a\u00f1o pasado).Las pacientes de c\u00e1ncer de mama que acuden a nosotros tienen necesidades emocionales y de informaci\u00f3n sobre recursos sociales y tambi\u00e9n respecto a la propia enfermedad, los tratamientos y sus efectos secundarios.<\/div>\n<div dir=\"auto\">\n<div class=\"xdj266r x11i5rnm xat24cr x1mh8g0r x1vvkbs x126k92a\">\n<div dir=\"auto\">\u00a1Investigamos para avanzar en el tratamiento del c\u00e1ncer de mama triple negativo!<\/div>\n<\/div>\n<div class=\"x11i5rnm xat24cr x1mh8g0r x1vvkbs xtlvy1s x126k92a\">\n<div dir=\"auto\">\u00a0<\/div>\n<div dir=\"auto\">El c\u00e1ncer de mama triple negativo es el m\u00e1s agresivo y aun presenta una supervivencia baja, lo que hace imprescindible buscar nuevos tratamientos. Con el apoyo de la Asociaci\u00f3n Espa\u00f1ola Contra el C\u00e1ncer, el equipo del Dr. Toni Celi\u00e0-Terrassa del Hospital del Mar Research Institute trabaja para conseguir terapias para estas pacientes.<\/div>\n<\/div>\n<div class=\"x11i5rnm xat24cr x1mh8g0r x1vvkbs xtlvy1s x126k92a\">\n<div dir=\"auto\">En 2022 estos investigadores consiguieron aumentar en modelos animales la eficacia de la inmunoterapia para el tratamiento del c\u00e1ncer de mama triple negativo. Desde la Asociaci\u00f3n seguimos apoyando al Dr. Toni Celi\u00e0-Terrassa a trav\u00e9s de una ayuda de innovaci\u00f3n para acercar este proyecto a las pacientes y desarrollar tratamientos m\u00e1s eficaces que aumenten la supervivencia al c\u00e1ncer.<\/div>\n<div dir=\"auto\">\n<div class=\"xdj266r x11i5rnm xat24cr x1mh8g0r x1vvkbs x126k92a\">\n<div dir=\"auto\">\u00a0<\/div>\n<div dir=\"auto\">Solidaridad pero tambien exigencia, llamada a la responsabilidad acerca de lo necesario de seguir en la investigaci\u00f3n, en la mejora y disposici\u00f3n de tratamientos, en el desarrollo y en la b\u00fasqueda de soluciones de esta maldita lacra que ha llegado ya de una u otra forma a todas las familias.Qu\u00e9 duda cabe de que hay una estrategia de avanzar de manera lenta y continuada hasta conseguir que el derecho a la protecci\u00f3n de la salud deje de ser un derecho de todos los ciudadanos y pase a ser un privilegio para aquellos que puedan pag\u00e1rsela, dejando para los dem\u00e1s un modelo similar a la antigua beneficencia.<\/div>\n<div dir=\"auto\">\u00a0<\/div>\n<\/div>\n<div class=\"x11i5rnm xat24cr x1mh8g0r x1vvkbs xtlvy1s x126k92a\">\n<div dir=\"auto\">Todav\u00eda estamos a tiempo de salvar un Sistema Sanitario que est\u00e1 valorado entre los mejores del mundo, por la calidad de sus servicios y sobre todo por su car\u00e1cter universal, gratuito y solidario. Por eso hacemos un llamamiento a todos los ciudadanos y profesionales de la salud en su defensa. La Sanidad P\u00fablica no se puede connvertir en un negocio en el que unos pocos se beneficien a costa de la salud de todos.<\/div>\n<div dir=\"auto\">\u00a0<\/div>\n<\/div>\n<div class=\"x11i5rnm xat24cr x1mh8g0r x1vvkbs xtlvy1s x126k92a\">\n<div dir=\"auto\">Dias como hoy hacen crecer en la esperanza de que un dia esta enfermedad quede arrinconada, para ello, es necesaria indudablemente <strong><em>una fuerte SANIDAD P\u00daBLICA, UNA DEFENSA A ULTRANZA DE LA MISMA Y UNA CONCIENCIACI\u00d3N COLECTIVA DE QUE SIN ELLO CUALQUIER ESFUERZO SER\u00c1 INSUFICIENTE.<\/em><\/strong><\/div>\n<\/div>\n<\/div>\n<\/div>\n<\/div>\n<\/div>\n<div class=\"x11i5rnm xat24cr x1mh8g0r x1vvkbs xtlvy1s x126k92a\">\n<div dir=\"auto\">\u00a0<\/div>\n<\/div>\n<\/div>\n<\/div>\n<div class=\"x11i5rnm xat24cr x1mh8g0r x1vvkbs xtlvy1s x126k92a\" style=\"text-align: justify;\">\n<div dir=\"auto\">La campa\u00f1a <a class=\"x1i10hfl xjbqb8w x6umtig x1b1mbwd xaqea5y xav7gou x9f619 x1ypdohk xt0psk2 xe8uvvx xdj266r x11i5rnm xat24cr x1mh8g0r xexx8yu x4uap5 x18d9i69 xkhd6sd x16tdsg8 x1hl2dhg xggy1nq x1a2a7pz xt0b8zv x1qq9wsj xo1l8bm\" tabindex=\"0\" role=\"link\" href=\"https:\/\/www.facebook.com\/hashtag\/elrosaesm%C3%A1squeuncolor?__eep__=6&amp;__cft__[0]=AZXj5Kk_1kN1-m8hgHVQtIa6lQZ70I5nBKjgxbIaoliVFvtGKIJap6xI_VP7umzaiY65hPRm3LytRfJR_cxAAeTrOMZV2NJAkY5j3VfuSkF2gzI_4HpxP5srzkJ5qImCezUdtr2Q3ufN8OnuhVYJbYr71yNTtGHiqY31bzApZKZQ-KgDmDcwjX34kVpSia8sqIQ&amp;__tn__=*NK-R\">#ElRosaEsM\u00e1sQueUnColor<\/a> hace referencia a la necesidad de mantener el movimiento social en el centro, ya que ha sido uno de los principales motores que ha impulsado grandes avances en la investigaci\u00f3n y ha movilizado a la sociedad para concienciar sobre el c\u00e1ncer de mama y aumentar la participaci\u00f3n de las mujeres en el cribado<\/div>\n<\/div>\n<div class=\"x11i5rnm xat24cr x1mh8g0r x1vvkbs xtlvy1s x126k92a\" style=\"text-align: justify;\">\n<h3 dir=\"auto\">Por todos estos motivos, y muchos m\u00e1s, LOS CIUDADANOS DE ATARFE queremos que nos acompa\u00f1en<span style=\"color: #ff00ff;\"> el pr\u00f3ximo d\u00eda 19 de octubre a las 12:00 horas en la Plaza del Ayuntamiento de Atarfe<\/span> donde haremos una gran cadena humana para apoyar y acompa\u00f1ar a nuestras madres, hermanas, abuelas, hijas, amigas, compa\u00f1eras, vecinas&#8230; Todas\/os llevaremos una prenda de color rosa para reivindicar que el <a class=\"x1i10hfl xjbqb8w x6umtig x1b1mbwd xaqea5y xav7gou x9f619 x1ypdohk xt0psk2 xe8uvvx xdj266r x11i5rnm xat24cr x1mh8g0r xexx8yu x4uap5 x18d9i69 xkhd6sd x16tdsg8 x1hl2dhg xggy1nq x1a2a7pz xt0b8zv x1qq9wsj xo1l8bm\" tabindex=\"0\" role=\"link\" href=\"https:\/\/www.facebook.com\/hashtag\/elrosaesm%C3%A1squeuncolor?__eep__=6&amp;__cft__[0]=AZXj5Kk_1kN1-m8hgHVQtIa6lQZ70I5nBKjgxbIaoliVFvtGKIJap6xI_VP7umzaiY65hPRm3LytRfJR_cxAAeTrOMZV2NJAkY5j3VfuSkF2gzI_4HpxP5srzkJ5qImCezUdtr2Q3ufN8OnuhVYJbYr71yNTtGHiqY31bzApZKZQ-KgDmDcwjX34kVpSia8sqIQ&amp;__tn__=*NK-R\">#ElRosaEsM\u00e1sQueUnColor<\/a><\/h3>\n<\/div>\n<div dir=\"auto\" style=\"text-align: justify;\"><span class=\"x3nfvp2 x1j61x8r x1fcty0u xdj266r xhhsvwb xat24cr xgzva0m xxymvpz xlup9mm x1kky2od\">\u00a0<\/span><\/div>\n<div class=\"x11i5rnm xat24cr x1mh8g0r x1vvkbs xtlvy1s x126k92a\" style=\"text-align: justify;\">\n<div dir=\"auto\">\u00a1Te esperamos!<\/div>\n<div dir=\"auto\">\u00a0<\/div>\n<\/div>\n<div dir=\"auto\" style=\"text-align: justify;\"><span class=\"x3nfvp2 x1j61x8r x1fcty0u xdj266r xhhsvwb xat24cr xgzva0m xxymvpz xlup9mm x1kky2od\">\u00a0<\/span><\/div>\n<div dir=\"auto\" style=\"text-align: justify;\"><a href=\"https:\/\/i0.wp.com\/miradordeatarfe.es\/wp-content\/uploads\/2023\/10\/391693941_699812378862947_9011953758650058333_n.jpg?ssl=1\"><img data-recalc-dims=\"1\" loading=\"lazy\" decoding=\"async\" class=\"alignnone wp-image-63901 \" src=\"https:\/\/i0.wp.com\/miradordeatarfe.es\/wp-content\/uploads\/2023\/10\/391693941_699812378862947_9011953758650058333_n.jpg?resize=632%2C632&#038;ssl=1\" alt=\"\" width=\"632\" height=\"632\" srcset=\"https:\/\/i0.wp.com\/miradordeatarfe.es\/wp-content\/uploads\/2023\/10\/391693941_699812378862947_9011953758650058333_n.jpg?w=526&amp;ssl=1 526w, https:\/\/i0.wp.com\/miradordeatarfe.es\/wp-content\/uploads\/2023\/10\/391693941_699812378862947_9011953758650058333_n.jpg?resize=300%2C300&amp;ssl=1 300w, https:\/\/i0.wp.com\/miradordeatarfe.es\/wp-content\/uploads\/2023\/10\/391693941_699812378862947_9011953758650058333_n.jpg?resize=150%2C150&amp;ssl=1 150w\" sizes=\"auto, (max-width: 632px) 100vw, 632px\" \/><\/a><\/div>\n","protected":false},"excerpt":{"rendered":"<p>\u00a0En el marco del D\u00eda Mundial Contra el C\u00e1ncer de Mama, la Asociaci\u00f3n Contra el&#8230;<\/p>\n","protected":false},"author":1,"featured_media":63904,"comment_status":"closed","ping_status":"closed","sticky":false,"template":"","format":"standard","meta":{"_coblocks_attr":"","_coblocks_dimensions":"","_coblocks_responsive_height":"","_coblocks_accordion_ie_support":"","jetpack_post_was_ever_published":false,"_jetpack_newsletter_access":"","_jetpack_dont_email_post_to_subs":false,"_jetpack_newsletter_tier_id":0,"_jetpack_memberships_contains_paywalled_content":false,"_jetpack_memberships_contains_paid_content":false,"footnotes":"","jetpack_publicize_message":"","jetpack_publicize_feature_enabled":true,"jetpack_social_post_already_shared":false,"jetpack_social_options":{"image_generator_settings":{"template":"highway","default_image_id":0,"enabled":false},"version":2}},"categories":[186,6937],"tags":[1454,10740],"class_list":["post-63900","post","type-post","status-publish","format-standard","has-post-thumbnail","hentry","category-instituciones","category-sociedad","tag-cancer-de-mama","tag-dia-mundial"],"jetpack_publicize_connections":[],"jetpack_featured_media_url":"https:\/\/i0.wp.com\/miradordeatarfe.es\/wp-content\/uploads\/2023\/10\/391616754_735005758669765_6835127269770085605_n-2.jpg?fit=515%2C338&ssl=1","jetpack_likes_enabled":true,"jetpack_sharing_enabled":true,"_links":{"self":[{"href":"https:\/\/miradordeatarfe.es\/index.php?rest_route=\/wp\/v2\/posts\/63900","targetHints":{"allow":["GET"]}}],"collection":[{"href":"https:\/\/miradordeatarfe.es\/index.php?rest_route=\/wp\/v2\/posts"}],"about":[{"href":"https:\/\/miradordeatarfe.es\/index.php?rest_route=\/wp\/v2\/types\/post"}],"author":[{"embeddable":true,"href":"https:\/\/miradordeatarfe.es\/index.php?rest_route=\/wp\/v2\/users\/1"}],"replies":[{"embeddable":true,"href":"https:\/\/miradordeatarfe.es\/index.php?rest_route=%2Fwp%2Fv2%2Fcomments&post=63900"}],"version-history":[{"count":2,"href":"https:\/\/miradordeatarfe.es\/index.php?rest_route=\/wp\/v2\/posts\/63900\/revisions"}],"predecessor-version":[{"id":63905,"href":"https:\/\/miradordeatarfe.es\/index.php?rest_route=\/wp\/v2\/posts\/63900\/revisions\/63905"}],"wp:featuredmedia":[{"embeddable":true,"href":"https:\/\/miradordeatarfe.es\/index.php?rest_route=\/wp\/v2\/media\/63904"}],"wp:attachment":[{"href":"https:\/\/miradordeatarfe.es\/index.php?rest_route=%2Fwp%2Fv2%2Fmedia&parent=63900"}],"wp:term":[{"taxonomy":"category","embeddable":true,"href":"https:\/\/miradordeatarfe.es\/index.php?rest_route=%2Fwp%2Fv2%2Fcategories&post=63900"},{"taxonomy":"post_tag","embeddable":true,"href":"https:\/\/miradordeatarfe.es\/index.php?rest_route=%2Fwp%2Fv2%2Ftags&post=63900"}],"curies":[{"name":"wp","href":"https:\/\/api.w.org\/{rel}","templated":true}]}}