{"id":63906,"date":"2023-10-18T11:19:26","date_gmt":"2023-10-18T09:19:26","guid":{"rendered":"https:\/\/miradordeatarfe.es\/?p=63906"},"modified":"2023-10-19T20:20:22","modified_gmt":"2023-10-19T18:20:22","slug":"elvira-la-voz-de-un-angel-del-atarfeno-pedro-ruiz-cabello-fernandez","status":"publish","type":"post","link":"https:\/\/miradordeatarfe.es\/?p=63906","title":{"rendered":"\u00abElvira, la voz de un \u00e1ngel\u00bb, del Atarfe\u00f1o Pedro Ruiz-Cabello Fern\u00e1ndez"},"content":{"rendered":"<div class=\"\" dir=\"auto\">\n<div class=\"\" dir=\"auto\">\n<div class=\"x1iorvi4 x1pi30zi x1l90r2v x1swvt13\" data-ad-comet-preview=\"message\" data-ad-preview=\"message\">\n<div class=\"x78zum5 xdt5ytf xz62fqu x16ldp7u\">\n<div class=\"xu06os2 x1ok221b\">\n<div class=\"xdj266r x11i5rnm xat24cr x1mh8g0r x1vvkbs x126k92a\">\n<h3 dir=\"auto\">\u00a0\u00abElvira, la voz de un \u00e1ngel\u00bb es, ante todo, la historia de un lugar. La pertenencia a un sitio, el paisanaje, une a los seres humanos por encima de las diferencias e incluso de los enfrentamientos que entre ellos hayan podido existir.<\/h3>\n<\/div>\n<div class=\"x11i5rnm xat24cr x1mh8g0r x1vvkbs xtlvy1s x126k92a\">\n<div dir=\"auto\" style=\"text-align: justify;\">Esta es, sin duda, la principal idea que ha guiado al autor. El hilo conductor de la historia son las memorias del protagonista, que concluyen en los albores de la adolescencia despu\u00e9s de haber tenido experiencias que habr\u00e1n de ser trascendentales en su vida. En la novela se intercalan episodios del pasado, ocurridos en el mismo pueblo en el que se desarrollan los hechos. Son tres casos ejemplares: el de un soldado reci\u00e9n licenciado que en el siglo XIX ejerce en el pueblo los oficios de maestro, sacrist\u00e1n y escribano y que supera la muerte sucesiva de la mayor\u00eda de sus hijos gracias a la fe que lo sostiene; el de una mujer sufrida y paciente que perdona a los agresores de su hijo enfermo en tiempos de la Segunda Rep\u00fablica, siguiendo el ejemplo de una prima suya que tambi\u00e9n hab\u00eda perdonado a los asesinos de su marido, y el de un hombre honrado que desempe\u00f1a el cargo de alcalde en los duros a\u00f1os de la posguerra y que se desvive por atender a sus vecinos, sobre todo a los m\u00e1s desfavorecidos. Es una novela de amor, de perd\u00f3n y reconciliaci\u00f3n con el pasado, de amistad, de vivencias compartidas, de dolor y adversidades que se superan, de esperanza y consuelo, de fe y confianza en la providencia.<\/div>\n<div dir=\"auto\">\u00a0<\/div>\n<div dir=\"auto\"><span class=\"x193iq5w xeuugli x13faqbe x1vvkbs x1xmvt09 x1lliihq x1s928wv xhkezso x1gmr53x x1cpjm7i x1fgarty x1943h6x xudqn12 x3x7a5m x6prxxf xvq8zen xo1l8bm xzsf02u x1yc453h\" dir=\"auto\">No es una nueva novela; es la reedici\u00f3n, corregida, de una novela que casi nadie ley\u00f3 y que publica Bohod\u00f3n. Se puede adquirir ya por Amaz\u00f3n<\/span><\/div>\n<div dir=\"auto\">Ha sido presentado dicho libro por Pedro Ruiz-Cabello este verano en el Casino de Labradores de Atarfe ( 19 de septiembre) y MA\u00d1ANA<strong> mi\u00e9rcoles 19 de septiembre a las 20,30h en la librer\u00eda PICASSO en la calle Obispo Hurtado de Granada<\/strong><\/div>\n<\/div>\n<div dir=\"auto\">\u00a0<\/div>\n<div class=\"x11i5rnm xat24cr x1mh8g0r x1vvkbs xtlvy1s x126k92a\">\n<div dir=\"auto\"><a href=\"https:\/\/i0.wp.com\/miradordeatarfe.es\/wp-content\/uploads\/2023\/10\/385784292_7058167770900450_7273867150830706301_n.jpg?ssl=1\"><img data-recalc-dims=\"1\" loading=\"lazy\" decoding=\"async\" class=\"alignnone wp-image-63912 \" src=\"https:\/\/i0.wp.com\/miradordeatarfe.es\/wp-content\/uploads\/2023\/10\/385784292_7058167770900450_7273867150830706301_n.jpg?resize=640%2C640&#038;ssl=1\" alt=\"\" width=\"640\" height=\"640\" srcset=\"https:\/\/i0.wp.com\/miradordeatarfe.es\/wp-content\/uploads\/2023\/10\/385784292_7058167770900450_7273867150830706301_n.jpg?w=526&amp;ssl=1 526w, https:\/\/i0.wp.com\/miradordeatarfe.es\/wp-content\/uploads\/2023\/10\/385784292_7058167770900450_7273867150830706301_n.jpg?resize=300%2C300&amp;ssl=1 300w, https:\/\/i0.wp.com\/miradordeatarfe.es\/wp-content\/uploads\/2023\/10\/385784292_7058167770900450_7273867150830706301_n.jpg?resize=150%2C150&amp;ssl=1 150w\" sizes=\"auto, (max-width: 640px) 100vw, 640px\" \/><\/a><\/div>\n<\/div>\n<\/div>\n<\/div>\n<\/div>\n<\/div>\n<\/div>\n","protected":false},"excerpt":{"rendered":"<p>\u00a0\u00abElvira, la voz de un \u00e1ngel\u00bb es, ante todo, la historia de un lugar. La&#8230;<\/p>\n","protected":false},"author":1,"featured_media":63910,"comment_status":"closed","ping_status":"closed","sticky":false,"template":"","format":"standard","meta":{"_coblocks_attr":"","_coblocks_dimensions":"","_coblocks_responsive_height":"","_coblocks_accordion_ie_support":"","jetpack_post_was_ever_published":false,"_jetpack_newsletter_access":"","_jetpack_dont_email_post_to_subs":false,"_jetpack_newsletter_tier_id":0,"_jetpack_memberships_contains_paywalled_content":false,"_jetpack_memberships_contains_paid_content":false,"footnotes":"","jetpack_publicize_message":"","jetpack_publicize_feature_enabled":true,"jetpack_social_post_already_shared":false,"jetpack_social_options":{"image_generator_settings":{"template":"highway","default_image_id":0,"enabled":false},"version":2}},"categories":[12,44],"tags":[1034,459,10273],"class_list":["post-63906","post","type-post","status-publish","format-standard","has-post-thumbnail","hentry","category-cultura","category-noticias-de-hoy","tag-elvira","tag-libros","tag-pedro-ruiz-cabello"],"jetpack_publicize_connections":[],"jetpack_featured_media_url":"https:\/\/i0.wp.com\/miradordeatarfe.es\/wp-content\/uploads\/2023\/10\/387765588_740727478084069_5461494074500773660_n-1.jpg?fit=526%2C275&ssl=1","jetpack_likes_enabled":true,"jetpack_sharing_enabled":true,"_links":{"self":[{"href":"https:\/\/miradordeatarfe.es\/index.php?rest_route=\/wp\/v2\/posts\/63906","targetHints":{"allow":["GET"]}}],"collection":[{"href":"https:\/\/miradordeatarfe.es\/index.php?rest_route=\/wp\/v2\/posts"}],"about":[{"href":"https:\/\/miradordeatarfe.es\/index.php?rest_route=\/wp\/v2\/types\/post"}],"author":[{"embeddable":true,"href":"https:\/\/miradordeatarfe.es\/index.php?rest_route=\/wp\/v2\/users\/1"}],"replies":[{"embeddable":true,"href":"https:\/\/miradordeatarfe.es\/index.php?rest_route=%2Fwp%2Fv2%2Fcomments&post=63906"}],"version-history":[{"count":3,"href":"https:\/\/miradordeatarfe.es\/index.php?rest_route=\/wp\/v2\/posts\/63906\/revisions"}],"predecessor-version":[{"id":63913,"href":"https:\/\/miradordeatarfe.es\/index.php?rest_route=\/wp\/v2\/posts\/63906\/revisions\/63913"}],"wp:featuredmedia":[{"embeddable":true,"href":"https:\/\/miradordeatarfe.es\/index.php?rest_route=\/wp\/v2\/media\/63910"}],"wp:attachment":[{"href":"https:\/\/miradordeatarfe.es\/index.php?rest_route=%2Fwp%2Fv2%2Fmedia&parent=63906"}],"wp:term":[{"taxonomy":"category","embeddable":true,"href":"https:\/\/miradordeatarfe.es\/index.php?rest_route=%2Fwp%2Fv2%2Fcategories&post=63906"},{"taxonomy":"post_tag","embeddable":true,"href":"https:\/\/miradordeatarfe.es\/index.php?rest_route=%2Fwp%2Fv2%2Ftags&post=63906"}],"curies":[{"name":"wp","href":"https:\/\/api.w.org\/{rel}","templated":true}]}}