{"id":63924,"date":"2023-10-20T09:31:19","date_gmt":"2023-10-20T07:31:19","guid":{"rendered":"https:\/\/miradordeatarfe.es\/?p=63924"},"modified":"2023-10-20T10:25:41","modified_gmt":"2023-10-20T08:25:41","slug":"salto-cientifico-de-gigante","status":"publish","type":"post","link":"https:\/\/miradordeatarfe.es\/?p=63924","title":{"rendered":"Salto cient\u00edfico de gigante"},"content":{"rendered":"<h3 style=\"text-align: justify;\">El atlas del cerebro reci\u00e9n divulgado supone un enorme avance para la investigaci\u00f3n neurol\u00f3gica<\/h3>\n<p style=\"text-align: justify;\">El atlas del cerebro humano que hemos conocido estos d\u00edas es un ejemplo perfecto de gran ciencia, al estilo del proyecto genoma o la caza de ondas gravitacionales. Organizado por los Institutos Nacionales de la Salud de Estados Unidos (NIH), ha implicado a decenas de cient\u00edficos de diversos laboratorios, se ha publicado simult\u00e1neamente en 21 <em>papers<\/em> (art\u00edculos t\u00e9cnicos revisados por pares) y sus resultados se han puesto a disposici\u00f3n de cualquier investigador. Al igual que ocurri\u00f3 con el genoma humano hace dos d\u00e9cadas, el atlas del cerebro no es un descubrimiento, sino un cimiento para acelerar el conocimiento del \u00f3rgano que nos hace humanos. Las aplicaciones para aliviar las enfermedades neurol\u00f3gicas vendr\u00e1n m\u00e1s tarde, pero se apoyar\u00e1n sin duda en este mapa.<\/p>\n<p style=\"text-align: justify;\">Con todo, los datos ya obtenidos dibujan un panorama asombrosamente detallado de la sede de la mente humana. <em>Los investigadores han catalogado nada menos que 3.000 tipos celulares distintos, entre neuronas y sus c\u00e9lulas ayudantes,<\/em> muchos de ellos desconocidos hasta ahora. Sus t\u00e9cnicas son tan avanzadas que han podido secuenciar el material gen\u00e9tico activo de tres millones de c\u00e9lulas, una por una.<\/p>\n<p style=\"text-align: justify;\">Una primera conclusi\u00f3n es que<em> hay notables diferencias en estos detalles moleculares entre unas \u00e1reas cerebrales y otras.<\/em><strong> Los distintos tipos celulares presentan correlaciones interesantes con algunas de las enfermedades neuropsiqui\u00e1tricas m\u00e1s comunes, como el trastorno bipolar, la esquizofrenia y la depresi\u00f3n.<\/strong> <strong>Las c\u00e9lulas llamadas microgliales, que se ocupan de limpiar los desechos que generan las neuronas durante su actividad, tienen una relaci\u00f3n clara con el alzh\u00e9imer, la enfermedad neurodegenerativa m\u00e1s prevalente.<\/strong> El atlas ha producido ya un alud de datos que imprimir\u00e1 a la investigaci\u00f3n neurol\u00f3gica un est\u00edmulo in\u00e9dito.<\/p>\n<p style=\"text-align: justify;\">\u200cLos mapas que se hab\u00edan construido hasta ahora se basaban en la resonancia magn\u00e9tica y otras t\u00e9cnicas de imagen relativamente imprecisas. De ah\u00ed provienen esas fotos del cerebro en acci\u00f3n que ya resultan familiares, donde se ilumina una zona u otra seg\u00fan qu\u00e9 tarea est\u00e9 ejecutando un voluntario metido en un esc\u00e1ner. Por peque\u00f1a que sea una de esas estructuras iluminadas, siempre consiste en millones de neuronas activadas simult\u00e1neamente.<em> El atlas actual es el primero que tiene una precisi\u00f3n celular, lo que en s\u00ed mismo supone un salto de gigante<\/em>. El inconveniente es que estas t\u00e9cnicas son inaplicables a una persona viva. Todos los datos se han obtenido de tres pacientes reci\u00e9n fallecidos. El proyecto sigue ahora a\u00f1adiendo individuos para esbozar un paisaje de la variabilidad humana.<\/p>\n<p style=\"text-align: justify;\">\u200cSe dijo hace 20 a\u00f1os que el genoma era como enviar un astronauta a la Luna, que lo dif\u00edcil era traerle de vuelta a la Tierra. Lo mismo vale para el atlas del cerebro. Ha producido un tesoro de informaci\u00f3n. <strong>Ahora debe transformarse en conocimiento<\/strong>.<\/p>\n<p style=\"text-align: justify;\">EL PAIS<\/p>\n<p style=\"text-align: justify;\">FOTO: https:\/\/hhecomo.blogspot.com\/2012\/03\/crean-atlas-de-la-superficie-del.html<\/p>\n","protected":false},"excerpt":{"rendered":"<p>El atlas del cerebro reci\u00e9n divulgado supone un enorme avance para la investigaci\u00f3n neurol\u00f3gica El&#8230;<\/p>\n","protected":false},"author":1,"featured_media":63925,"comment_status":"closed","ping_status":"closed","sticky":false,"template":"","format":"standard","meta":{"_coblocks_attr":"","_coblocks_dimensions":"","_coblocks_responsive_height":"","_coblocks_accordion_ie_support":"","jetpack_post_was_ever_published":false,"_jetpack_newsletter_access":"","_jetpack_dont_email_post_to_subs":false,"_jetpack_newsletter_tier_id":0,"_jetpack_memberships_contains_paywalled_content":false,"_jetpack_memberships_contains_paid_content":false,"footnotes":"","jetpack_publicize_message":"","jetpack_publicize_feature_enabled":true,"jetpack_social_post_already_shared":true,"jetpack_social_options":{"image_generator_settings":{"template":"highway","default_image_id":0,"enabled":false},"version":2}},"categories":[1161,44,6937,10],"tags":[10744,1961,407],"class_list":["post-63924","post","type-post","status-publish","format-standard","has-post-thumbnail","hentry","category-ciudadania","category-noticias-de-hoy","category-sociedad","category-salud","tag-atlas-del-cerebro","tag-cerebro","tag-investigacion"],"jetpack_publicize_connections":[],"jetpack_featured_media_url":"https:\/\/i0.wp.com\/miradordeatarfe.es\/wp-content\/uploads\/2023\/10\/ATLAS-DEL-CEREBRO.jpg?fit=320%2C219&ssl=1","jetpack_likes_enabled":true,"jetpack_sharing_enabled":true,"_links":{"self":[{"href":"https:\/\/miradordeatarfe.es\/index.php?rest_route=\/wp\/v2\/posts\/63924","targetHints":{"allow":["GET"]}}],"collection":[{"href":"https:\/\/miradordeatarfe.es\/index.php?rest_route=\/wp\/v2\/posts"}],"about":[{"href":"https:\/\/miradordeatarfe.es\/index.php?rest_route=\/wp\/v2\/types\/post"}],"author":[{"embeddable":true,"href":"https:\/\/miradordeatarfe.es\/index.php?rest_route=\/wp\/v2\/users\/1"}],"replies":[{"embeddable":true,"href":"https:\/\/miradordeatarfe.es\/index.php?rest_route=%2Fwp%2Fv2%2Fcomments&post=63924"}],"version-history":[{"count":3,"href":"https:\/\/miradordeatarfe.es\/index.php?rest_route=\/wp\/v2\/posts\/63924\/revisions"}],"predecessor-version":[{"id":63928,"href":"https:\/\/miradordeatarfe.es\/index.php?rest_route=\/wp\/v2\/posts\/63924\/revisions\/63928"}],"wp:featuredmedia":[{"embeddable":true,"href":"https:\/\/miradordeatarfe.es\/index.php?rest_route=\/wp\/v2\/media\/63925"}],"wp:attachment":[{"href":"https:\/\/miradordeatarfe.es\/index.php?rest_route=%2Fwp%2Fv2%2Fmedia&parent=63924"}],"wp:term":[{"taxonomy":"category","embeddable":true,"href":"https:\/\/miradordeatarfe.es\/index.php?rest_route=%2Fwp%2Fv2%2Fcategories&post=63924"},{"taxonomy":"post_tag","embeddable":true,"href":"https:\/\/miradordeatarfe.es\/index.php?rest_route=%2Fwp%2Fv2%2Ftags&post=63924"}],"curies":[{"name":"wp","href":"https:\/\/api.w.org\/{rel}","templated":true}]}}