{"id":63929,"date":"2023-10-19T11:30:18","date_gmt":"2023-10-19T09:30:18","guid":{"rendered":"https:\/\/miradordeatarfe.es\/?p=63929"},"modified":"2023-10-19T20:19:15","modified_gmt":"2023-10-19T18:19:15","slug":"el-blues-se-apodera-de-atarfe-una-vez-mas-en-el-v-elvira-blues-fest","status":"publish","type":"post","link":"https:\/\/miradordeatarfe.es\/?p=63929","title":{"rendered":"ATARFE: El Blues se apodera de Atarfe una vez m\u00e1s en el V Elvira Blues Fest"},"content":{"rendered":"<h3 style=\"text-align: justify;\"><span class=\"x193iq5w xeuugli x13faqbe x1vvkbs x1xmvt09 x1lliihq x1s928wv xhkezso x1gmr53x x1cpjm7i x1fgarty x1943h6x xudqn12 x3x7a5m x6prxxf xvq8zen xo1l8bm xzsf02u\" dir=\"auto\"> V ELVIRA BLUES FESTIVAL , ser\u00e1 el s\u00e1bado 21 de octubre en el Coliseo de Atarfe a partir de las 14;00 a las 22:30 h aprox<\/span><\/h3>\n<p style=\"text-align: justify;\"><span class=\"x193iq5w xeuugli x13faqbe x1vvkbs x1xmvt09 x1lliihq x1s928wv xhkezso x1gmr53x x1cpjm7i x1fgarty x1943h6x xudqn12 x3x7a5m x6prxxf xvq8zen xo1l8bm xzsf02u\" dir=\"auto\">Precio; 10 anticipada, 12 en taquilla<br \/>\nPuntos de venta; Medina Elvira, En Clave, Taberna Santa Fe Terra Blues, teatro Isabel la cat\u00f3lica, musical G\u00fc\u00edma, Liberia , Discos Bora Bora, Barber\u00eda Francisco Zafra&#8230; habr\u00e1 m\u00e1s puntos de venta<br \/>\nInternet <a class=\"x1i10hfl xjbqb8w x6umtig x1b1mbwd xaqea5y xav7gou x9f619 x1ypdohk xt0psk2 xe8uvvx xdj266r x11i5rnm xat24cr x1mh8g0r xexx8yu x4uap5 x18d9i69 xkhd6sd x16tdsg8 x1hl2dhg xggy1nq x1a2a7pz xt0b8zv x1fey0fg\" tabindex=\"0\" role=\"link\" href=\"http:\/\/www.ticketmaster.com\/?fbclid=IwAR2GcM80Cyx_r1HIfmHoIciutleUjdzHast5UAyZXCJtdbp04wIl3UPNhDk\" target=\"_blank\" rel=\"nofollow noopener noreferrer\">www.ticketmaster.com<\/a><br \/>\nHabr\u00e1 comida, arroz, migas, bocatas&#8230;a partir de las<strong> 14;00 a las 22:30 h aprox<\/strong><\/span><\/p>\n<p style=\"text-align: justify;\"><a href=\"https:\/\/i0.wp.com\/miradordeatarfe.es\/wp-content\/uploads\/2023\/10\/391749051_701571908686994_3561699368736221789_n.jpg?ssl=1\"><img data-recalc-dims=\"1\" loading=\"lazy\" decoding=\"async\" class=\"alignnone wp-image-63930 size-full\" src=\"https:\/\/i0.wp.com\/miradordeatarfe.es\/wp-content\/uploads\/2023\/10\/391749051_701571908686994_3561699368736221789_n.jpg?resize=640%2C800&#038;ssl=1\" alt=\"\" width=\"640\" height=\"800\" srcset=\"https:\/\/i0.wp.com\/miradordeatarfe.es\/wp-content\/uploads\/2023\/10\/391749051_701571908686994_3561699368736221789_n.jpg?w=1080&amp;ssl=1 1080w, https:\/\/i0.wp.com\/miradordeatarfe.es\/wp-content\/uploads\/2023\/10\/391749051_701571908686994_3561699368736221789_n.jpg?resize=240%2C300&amp;ssl=1 240w, https:\/\/i0.wp.com\/miradordeatarfe.es\/wp-content\/uploads\/2023\/10\/391749051_701571908686994_3561699368736221789_n.jpg?resize=819%2C1024&amp;ssl=1 819w, https:\/\/i0.wp.com\/miradordeatarfe.es\/wp-content\/uploads\/2023\/10\/391749051_701571908686994_3561699368736221789_n.jpg?resize=768%2C960&amp;ssl=1 768w\" sizes=\"auto, (max-width: 640px) 100vw, 640px\" \/><\/a><\/p>\n<h1 class=\"entry-title\" style=\"text-align: justify;\"><a class=\"entry-title-link\" href=\"https:\/\/elvirabluesfestival.com\/the-terra-blues-band\/\">The Terra Blues Band<\/a><\/h1>\n<p style=\"text-align: justify;\">Que incre\u00edble noticia nos da el gran <a href=\"https:\/\/www.facebook.com\/fernando.espadaformas?__cft__[0]=AZXmX7IhbVXweIo7uAUKM7GIJ12q1mkAaSKeLsLal7cFT-LbY-IjZC6D8q9SW2JI9qsI76MXIWzyHwK9MZj_yPadeUBLBqZNOa4x7tQFkNDMjZnWp27Z3Gn606rBn7lG11IHavbLGX9bBMv8Jrz1tZC-_WQuxkgl8r9o-jq33nHnRMopPOi3fifAGQQZ0fL2I9I&amp;__tn__=-]K-R\">Fernando Espadafor Mas<\/a> ! Ya ha publicado el cartel del Elvira Blues Festival y estaremos estrenando la incre\u00edble Terra Blues Band!<\/p>\n<p style=\"text-align: justify;\">Cartelaso por donde lo veas! El 21 de Octubre no puedes perderte este festival! Puedes comprar tu entrada desde ya en ticketmaster!<\/p>\n<p style=\"text-align: justify;\">Terra Blues Band:<\/p>\n<p style=\"text-align: justify;\"><a href=\"https:\/\/www.facebook.com\/fernando.beizteguidiaz?__cft__[0]=AZXmX7IhbVXweIo7uAUKM7GIJ12q1mkAaSKeLsLal7cFT-LbY-IjZC6D8q9SW2JI9qsI76MXIWzyHwK9MZj_yPadeUBLBqZNOa4x7tQFkNDMjZnWp27Z3Gn606rBn7lG11IHavbLGX9bBMv8Jrz1tZC-_WQuxkgl8r9o-jq33nHnRMopPOi3fifAGQQZ0fL2I9I&amp;__tn__=-]K-R\">Fernando Beiztegui Diaz<\/a> \u2013 Voz, Guitarra<\/p>\n<p style=\"text-align: justify;\"><a href=\"https:\/\/www.facebook.com\/antonio.travemesa?__cft__[0]=AZXmX7IhbVXweIo7uAUKM7GIJ12q1mkAaSKeLsLal7cFT-LbY-IjZC6D8q9SW2JI9qsI76MXIWzyHwK9MZj_yPadeUBLBqZNOa4x7tQFkNDMjZnWp27Z3Gn606rBn7lG11IHavbLGX9bBMv8Jrz1tZC-_WQuxkgl8r9o-jq33nHnRMopPOi3fifAGQQZ0fL2I9I&amp;__tn__=-]K-R\">Antonio Osobenalua Trave Mesa<\/a> \u2013 Voz, Guitarra<\/p>\n<p style=\"text-align: justify;\"><a href=\"https:\/\/www.facebook.com\/antschmel?__cft__[0]=AZXmX7IhbVXweIo7uAUKM7GIJ12q1mkAaSKeLsLal7cFT-LbY-IjZC6D8q9SW2JI9qsI76MXIWzyHwK9MZj_yPadeUBLBqZNOa4x7tQFkNDMjZnWp27Z3Gn606rBn7lG11IHavbLGX9bBMv8Jrz1tZC-_WQuxkgl8r9o-jq33nHnRMopPOi3fifAGQQZ0fL2I9I&amp;__tn__=-]K-R\">Antonio Mellado Sanchez<\/a> \u2013 Arm\u00f3nica<\/p>\n<p style=\"text-align: justify;\"><a href=\"https:\/\/www.facebook.com\/antonio.molinamoya?__cft__[0]=AZXmX7IhbVXweIo7uAUKM7GIJ12q1mkAaSKeLsLal7cFT-LbY-IjZC6D8q9SW2JI9qsI76MXIWzyHwK9MZj_yPadeUBLBqZNOa4x7tQFkNDMjZnWp27Z3Gn606rBn7lG11IHavbLGX9bBMv8Jrz1tZC-_WQuxkgl8r9o-jq33nHnRMopPOi3fifAGQQZ0fL2I9I&amp;__tn__=-]K-R\">Antonio Molina Moya<\/a> \u2013 Guitarra<\/p>\n<p style=\"text-align: justify;\">Jon Ande Sande \u2013 Hammond<\/p>\n<p style=\"text-align: justify;\"><a href=\"https:\/\/www.facebook.com\/dani.levy.180?__cft__[0]=AZXmX7IhbVXweIo7uAUKM7GIJ12q1mkAaSKeLsLal7cFT-LbY-IjZC6D8q9SW2JI9qsI76MXIWzyHwK9MZj_yPadeUBLBqZNOa4x7tQFkNDMjZnWp27Z3Gn606rBn7lG11IHavbLGX9bBMv8Jrz1tZC-_WQuxkgl8r9o-jq33nHnRMopPOi3fifAGQQZ0fL2I9I&amp;__tn__=-]K-R\">Dani Levy<\/a> \u2013 Bajo<\/p>\n<p style=\"text-align: justify;\">Sho \u2013 Sartenes<\/p>\n<h1 class=\"entry-title\" style=\"text-align: justify;\"><a class=\"entry-title-link\" href=\"https:\/\/elvirabluesfestival.com\/fede-aguado-y-fiera-blues\/\">Fede Aguado y Fiera Blues<\/a><\/h1>\n<div style=\"text-align: justify;\">Fede Aguado se ha distinguido siempre por ser un trovador urbano, uno de esos hombres que solamente con su voz y su guitarra ac\u00fastica, se bastan y se sobran para comunicar los blues con enorme sentimiento, entreteniendo al p\u00fablico con sus letras que nos relatan historias de la vida cotidiana cantadas siempre en espa\u00f1ol Ahora Fede se ha embarcado en un proyecto m\u00e1s ambicioso, un disco con doce canciones propias en las que Fede est\u00e1 a la voz, la guitarra el\u00e9ctrica, la mandolina y el banjo, eso si, acompa\u00f1ado de su banda habitual los Fiera Blues que est\u00e1 formada por Jorge Garc\u00eda La Raspa, al piano y \u00f3rgano, Javier Fern\u00e1ndez Sargento al bajo y Pablo B\u00e1rez a la bater\u00eda, grupo que confiere un sonido compacto, poderoso y muy atractivo a todas y cada una de las canciones que forman el disco Como siempre Fede Aguado se erige en maestro de ceremonias, con un excelente trabajo instrumental a la guitarra el\u00e9ctrica que sorprender\u00e1 a m\u00e1s de uno y esa incre\u00edble voz descarnada, poderosa y llena de un enorme feeling Todo ello hace que nadie pueda quedar indiferente ante su m\u00fasica y sus canciones En definitiva, un \u00e1lbum a tener muy en cuenta y que confirma la calidad de un artista que ha alcanzado una gran madurez en el desarrollo del blues urbano.<\/div>\n<div style=\"text-align: justify;\">\n<h1 class=\"entry-title\">Santiago Campillo Trio<\/h1>\n<\/div>\n<div>\n<p style=\"text-align: justify;\">Si hablamos de t\u00e9cnica, nos encontramos ante un m\u00fasico trem\u00e9ndamente vers\u00e1til, con un estilo que nace del blues y del rock y un filtro basado en la improvisaci\u00f3n m\u00e1s salvaje e ind\u00f3mita\u2026siendo capaz de expresar con su guitarra, casi hablando a trav\u00e9s de fraseos y riffs, hasta los sentimientos m\u00e1s profundos. En sus inicios se vio influenciado por bandas como Led Zepellin<strong>,<\/strong>\u00a0Deep Purple, Lynyrd Skynyrd, The Allman Brothers Band y de guitarristas de Blues como Freddie King, Johnny Winter, Clarence Gatemouth Brown, Albert Collins y un largo etc\u2026 Sintetizando a la perfecci\u00f3n todas estas influencias, que lo llevar\u00edan a desarrollarse de forma vertiginosa, en una incre\u00edble mezcla de estilos, que m\u00e1s adelante forjar\u00edan su formaci\u00f3n como artista \u00fanico y con gran personalidad a la hora de tocar su guitarra.<\/p>\n<p style=\"text-align: justify;\">En 2014, forma su propio proyecto en aut\u00e9ntico formato de Power Tr\u00edo\u2026 en 2015 edit\u00f3 su primer vinilo en solitario titulado \u201cCarretera sin Final\u201d, donde le pudimos escuchar por primera vez tambi\u00e9n como cantante solista. Despu\u00e9s de un gran n\u00famero de conciertos y una larga gira por Espa\u00f1a, USA y algunos pa\u00edses m\u00e1s, en 2018 edit\u00f3 un nuevo trabajo, titulado \u201cA Cara o Cruz\u201d. Compuesto por 10 canciones, con un sonido de rock, claro y contundente, y unas canciones mucho m\u00e1s elaboradas.<br \/>\nActualmente se encuentra iniciando la presentaci\u00f3n y gira de su flamante nuevo disco titulado \u201cCadillac Blues\u201d.<\/p>\n<p style=\"text-align: justify;\">Sin duda nos encontramos con el trabajo m\u00e1s maduro y completo del artista, y con una de las mejores entregas discogr\u00e1ficas de blues en espa\u00f1ol en las \u00faltimas d\u00e9cadas. Imprescindible para todos los amantes del g\u00e9nero y de la buena m\u00fasica en general. Esta selecci\u00f3n de canciones nos transporta a los rincones m\u00e1s profundos de la m\u00fasica con ra\u00edces norteamericanas, capaz de expandirse por todo el mundo, independientemente del idioma en el que se interprete.<br \/>\nCadillac Blues, contiene excelentes adaptaciones de grandes compositores e int\u00e9rpretes del Blues, como Muddy Waters, B.B. King, Albert King, Elmore James, Freddie King, Jimi Hendrix, Janis Joplin etc.. traducidas magistralmente por el propio Santiago. Tambi\u00e9n podemos encontrar temas del bluesmen argentino Pappo, de Le\u00f1o, de Joaqu\u00edn Sabina y algunos temas de cosecha propia. En total 17 descargas del mejor blues en espa\u00f1ol. Grabado en Niculina Records (Murcia) y producido por el propio Santiago Campillo, que adem\u00e1s es la voz solista, siendo \u00e9ste su tercer trabajo como vocalista, aunque en vista de los resultados, parece que llevara toda la vida cantando.\u00a0\u00a0<\/p>\n<p style=\"text-align: justify;\">En directo toca acompa\u00f1ado por Oneida James (La que fuera bajista de Joe Cocker durante 13 a\u00f1os) y Mini Drums (Bater\u00eda). En uno de sus numerosos viajes a Texas, conoce al gran maestro del Blues Buddy Whittington, famoso por haber formado parte de The Bluesbreakers de John Mayall durante 15 a\u00f1os, y lo trae de gira en varias ocasiones a Espa\u00f1a , para tocar junto a \u00e9l en algunos de los m\u00e1s prestigiosos Festivales Internacionales de Blues de su pa\u00eds. Recientemente ha participado tambi\u00e9n junto a Buddy y su power tr\u00edo en el Festival Internacional de Jazz de Bahrein. \u00a0<\/p>\n<p style=\"text-align: justify;\">Nacido en Murcia (Espa\u00f1a), Al cumplir 11 a\u00f1os de edad,\u00a0su padre le regal\u00f3 su primera guitarra, descubriendo de esta manera el instrumento que marcar\u00eda su vida y ser\u00eda la clave de su \u00e9xito. En 1988 con el grupo de Rock &amp; Roll Los Hurones, graba su primer disco para Emi\/Hispavox. Fue fundador del grupo M*Clan; tras grabar varios \u00e1lbumes en Memphis (USA), Toronto (Canad\u00e1) y Las Landas (Francia), con Warner Music, la banda alcanza la fama generalizada y se perfila como El m\u00e1ximo compositor y responsable del sonido sure\u00f1o de la banda, siendo considerado desde entonces como uno de los grandes exponentes de la guitarra Blues-Rock de Espa\u00f1a. Fue miembro tambi\u00e9n de bandas de primera l\u00ednea como Rebeldes, Revolver, Los Enemigos y Pistones, ha colaborado y compartido escenario con artistas como Raimundo Amador, Enrique Bumbury, Javier Urquijo,\u00a0 Coque Malla, Sherpa, y un largo etc\u2026Fue invitado a subir al escenario de la Sala Apolo de Barcelona, por Dickey Betts (Guitarrista de The Allman Brothers) para interpretar junto a \u00e9l y su banda el mitico tema Southbound.<\/p>\n<\/div>\n<h1 class=\"entry-title\"><a class=\"entry-title-link\" href=\"https:\/\/elvirabluesfestival.com\/eneko-alberdi-y-la-no-blues-band\/\">Eneko Alberdi y La No Blues Band<\/a><\/h1>\n<p>Eneko Alberdi es un guitarrista proveniente de la esfera del jazz pero que siempre se ha mantenido ligado a distintas formas de m\u00fasica \u00e9tnica y tradicional. Tras un profundo trabajo de investigaci\u00f3n sobre el proceso de electrificaci\u00f3n del blues descubri\u00f3 un acervo cultural de canciones de la primera mitad del<br \/>\nsiglo XX, que junto a texturas m\u00e1s jazz\u00edsticas formaban un excelente maridaje.<\/p>\n<p>Esta combinaci\u00f3n es la que degustamos en la No Solo Blues Band, blues antiguo ejecutado por<br \/>\nm\u00fasicos de la esfera jazz\u00edstica malague\u00f1a y que tan buenos proyectos nos est\u00e1 ofreciendo en los \u00faltimos a\u00f1os. La formaci\u00f3n evoca la m\u00fasica negra que se hac\u00eda con anterioridad a la explosi\u00f3n del rock, abarcando desde compositores m\u00e1s cercanos al jazz bop como Wes Montgomery hasta representantes del blues cl\u00e1sico de los felices a\u00f1os 20 como Bessie Smith o del swing blues de T-Bone Walker.<\/p>\n<p>El resultado es una colecci\u00f3n de hermosas canciones ejecutadas con precisi\u00f3n en un espacio<br \/>\nen el que adem\u00e1s estos m\u00fasicos encuentran un buen lugar desde el que desarrollar la<br \/>\nimprovisaci\u00f3n. El reencuentro de Eneko Alberdi con su faceta de cantante facilita la accesibilidad<br \/>\npara todos los p\u00fablicos a esta m\u00fasica, con lo que el grupo, adem\u00e1s de satisfacer a los m\u00e1s<br \/>\ndoctos en el g\u00e9nero, cuenta con la virtud de servir de puente con el que entrar en esta m\u00fasica<br \/>\nmaravillosa.<\/p>\n<div>\u00a0<\/div>\n<div dir=\"auto\">V ELVIRA BLUES FESTIVAL, e<strong>l s\u00e1bado 21 de Octubre 2023 en el Coliseo de Atarfe<\/strong>, las entradas <strong>10\u20ac anticipada y 12\u20ac en taquilla<\/strong>, los puntos de venta Online <a href=\"https:\/\/www.ticketmaster.es\/\">www.ticketmaster.es<\/a> , y f\u00edsicas en\u2026<\/div>\n<ul>\n<li dir=\"auto\">Teatro Isabel la Cat\u00f3lica<\/li>\n<li dir=\"auto\">Taberna Santa Fe Terra Blues (Santa Fe)<\/li>\n<li dir=\"auto\">El Cartero (Santa Fe)<\/li>\n<li dir=\"auto\">Camdentown (Santa Fe)<\/li>\n<li dir=\"auto\">Peluquer\u00eda Delf\u00edn (Santa Fe)<\/li>\n<li dir=\"auto\">Centro Medina Elvira (Atarfe)<\/li>\n<li dir=\"auto\">Pub Liberia (Granada)<\/li>\n<li dir=\"auto\">Discos BorBora (Granada)<\/li>\n<li dir=\"auto\">Musical Guima (Granada)<\/li>\n<li dir=\"auto\">Peluquer\u00eda Francisco Zafra (Pinos Puente)<\/li>\n<li dir=\"auto\">Restaurante Enclave (Atarfe)<\/li>\n<li dir=\"auto\">Distribuci\u00f3n de Bebidas Acebron (Atarfe)<\/li>\n<li dir=\"auto\">Peluquer\u00eda Enrique (Fuente Vaqueros)<\/li>\n<\/ul>\n","protected":false},"excerpt":{"rendered":"<p>V ELVIRA BLUES FESTIVAL , ser\u00e1 el s\u00e1bado 21 de octubre en el Coliseo de&#8230;<\/p>\n","protected":false},"author":1,"featured_media":63931,"comment_status":"closed","ping_status":"closed","sticky":false,"template":"","format":"standard","meta":{"_coblocks_attr":"","_coblocks_dimensions":"","_coblocks_responsive_height":"","_coblocks_accordion_ie_support":"","jetpack_post_was_ever_published":false,"_jetpack_newsletter_access":"","_jetpack_dont_email_post_to_subs":false,"_jetpack_newsletter_tier_id":0,"_jetpack_memberships_contains_paywalled_content":false,"_jetpack_memberships_contains_paid_content":false,"footnotes":"","jetpack_publicize_message":"","jetpack_publicize_feature_enabled":true,"jetpack_social_post_already_shared":true,"jetpack_social_options":{"image_generator_settings":{"template":"highway","default_image_id":0,"enabled":false},"version":2}},"categories":[6916,44],"tags":[81,2314,10745],"class_list":["post-63929","post","type-post","status-publish","format-standard","has-post-thumbnail","hentry","category-ayuntamiento-de-atarfe","category-noticias-de-hoy","tag-atarfe","tag-coliseo","tag-festival-de-blues"],"jetpack_publicize_connections":[],"jetpack_featured_media_url":"https:\/\/i0.wp.com\/miradordeatarfe.es\/wp-content\/uploads\/2023\/10\/the-blues-band-festival-elvira-blues-768x512-1.jpg?fit=768%2C512&ssl=1","jetpack_likes_enabled":true,"jetpack_sharing_enabled":true,"_links":{"self":[{"href":"https:\/\/miradordeatarfe.es\/index.php?rest_route=\/wp\/v2\/posts\/63929","targetHints":{"allow":["GET"]}}],"collection":[{"href":"https:\/\/miradordeatarfe.es\/index.php?rest_route=\/wp\/v2\/posts"}],"about":[{"href":"https:\/\/miradordeatarfe.es\/index.php?rest_route=\/wp\/v2\/types\/post"}],"author":[{"embeddable":true,"href":"https:\/\/miradordeatarfe.es\/index.php?rest_route=\/wp\/v2\/users\/1"}],"replies":[{"embeddable":true,"href":"https:\/\/miradordeatarfe.es\/index.php?rest_route=%2Fwp%2Fv2%2Fcomments&post=63929"}],"version-history":[{"count":2,"href":"https:\/\/miradordeatarfe.es\/index.php?rest_route=\/wp\/v2\/posts\/63929\/revisions"}],"predecessor-version":[{"id":63955,"href":"https:\/\/miradordeatarfe.es\/index.php?rest_route=\/wp\/v2\/posts\/63929\/revisions\/63955"}],"wp:featuredmedia":[{"embeddable":true,"href":"https:\/\/miradordeatarfe.es\/index.php?rest_route=\/wp\/v2\/media\/63931"}],"wp:attachment":[{"href":"https:\/\/miradordeatarfe.es\/index.php?rest_route=%2Fwp%2Fv2%2Fmedia&parent=63929"}],"wp:term":[{"taxonomy":"category","embeddable":true,"href":"https:\/\/miradordeatarfe.es\/index.php?rest_route=%2Fwp%2Fv2%2Fcategories&post=63929"},{"taxonomy":"post_tag","embeddable":true,"href":"https:\/\/miradordeatarfe.es\/index.php?rest_route=%2Fwp%2Fv2%2Ftags&post=63929"}],"curies":[{"name":"wp","href":"https:\/\/api.w.org\/{rel}","templated":true}]}}