{"id":63933,"date":"2023-10-19T09:35:43","date_gmt":"2023-10-19T07:35:43","guid":{"rendered":"https:\/\/miradordeatarfe.es\/?p=63933"},"modified":"2023-10-19T20:19:49","modified_gmt":"2023-10-19T18:19:49","slug":"salario-minimo-unico","status":"publish","type":"post","link":"https:\/\/miradordeatarfe.es\/?p=63933","title":{"rendered":"Salario m\u00ednimo \u00fanico"},"content":{"rendered":"<h3 style=\"text-align: justify;\">Pueden buscarse f\u00f3rmulas de compensaci\u00f3n por comunidades aut\u00f3nomas, pero el SMI debe ser el mismo para toda Espa\u00f1a<\/h3>\n<p style=\"text-align: justify;\">Desde el inicio del nuevo ciclo de aumento del Salario M\u00ednimo Interprofesional (SMI) \u2014que se elev\u00f3 durante la \u00faltima legislatura con el objetivo de situarlo en el 60% del salario medio nacional, en consonancia con la Carta Social Europea\u2014 se han venido escuchando propuestas respecto de la conveniencia de adaptar el SMI al salario medio de cada comunidad aut\u00f3noma. Los defensores de esta medida inciden en que, dadas las disparidades entre comunidades aut\u00f3nomas, el SMI establecido es en algunos casos menor que el salario medio regional y, en otros, est\u00e1 cerca de esa magnitud. Al mismo tiempo, otros defensores de un SMI diferenciado apuntan a que el coste de la vida experimenta notables diferencias entre unas comunidades y otras, de manera que lo que consideramos un sueldo adecuado en una regi\u00f3n m\u00e1s barata es insuficiente para mantener cierto nivel de vida en otra. De esta manera, se apuntar\u00eda a la necesidad de modular el SMI en funci\u00f3n tanto de la productividad como del nivel de vida.<\/p>\n<p style=\"text-align: justify;\">\u200cLos detractores de esta propuesta se\u00f1alan, al contrario, que establecer un SMI auton\u00f3mico diferenciado ahondar\u00eda en las diferencias entre los mercados laborales de las comunidades aut\u00f3nomas, romper\u00eda la integridad del mercado nacional e incidir\u00eda en las desigualdades territoriales.<\/p>\n<p style=\"text-align: justify;\">Se trata sin duda de un debate complejo. Si el SMI es una herramienta de pol\u00edtica social dirigida a evitar disparidades excesivas en el mercado de trabajo, parece razonable defender que sea el mismo en todo el Estado, como tambi\u00e9n lo son las pensiones o el Ingreso M\u00ednimo Vital, prestaciones todas ellas que no se modulan por el coste de la vida en cada comunidad aut\u00f3noma.<\/p>\n<p style=\"text-align: justify;\">\u200cLa determinaci\u00f3n de salarios diferenciados en cada \u00e1mbito geogr\u00e1fico se podr\u00eda traducir en cierto desplazamiento de la oferta de empleo hacia las zonas con menores salarios, al suponer una ventaja en materia de costes laborales que favorecer\u00eda a las regiones donde estos fueran menores. Esto incidir\u00eda, sin embargo, en la integridad del mercado y en desnivelar la competencia entre empresas, incluyendo su impacto en la creaci\u00f3n de nuevos emprendimientos. Se debe se\u00f1alar, adem\u00e1s, que no es el territorio el que fija el salario promedio, sino la composici\u00f3n sectorial de su mercado de trabajo. De manera que cualquier c\u00e1lculo sobre el sueldo medio de cada comunidad aut\u00f3noma debe tener en cuenta la composici\u00f3n del empleo por sectores, evitando as\u00ed errores que distorsionen el diagn\u00f3stico.<\/p>\n<p style=\"text-align: justify;\">Los defensores de la propuesta apuntan a que los mercados laborales de las comunidades aut\u00f3nomas tienden a ofrecer, a corto plazo, poca movilidad, y que, cuando se produce, suele ir en la direcci\u00f3n de autonom\u00edas con m\u00e1s actividad econ\u00f3mica y m\u00e1s oportunidades de empleo. Establecer un salario m\u00ednimo m\u00e1s bajo para las regiones menos adelantadas podr\u00eda, dicen, traducirse en una mayor inversi\u00f3n y generaci\u00f3n de empleo, fijando a la poblaci\u00f3n al dotarla de m\u00e1s oportunidades.<\/p>\n<p style=\"text-align: justify;\">Sopesando los pros y los contras, un buen modelo de mercado laboral no deber\u00eda ahondar en los diferenciales territoriales, sino fijar un suelo social com\u00fan, de manera que las divergencias en t\u00e9rminos salariales se acordasen en la negociaci\u00f3n colectiva. El Gobierno, que tiene la responsabilidad de legislar para toda la ciudadan\u00eda, puede establecer el suelo m\u00ednimo, pero los ajustes entre uno y otro territorio deber\u00edan pasar por reforzar el di\u00e1logo social y la negociaci\u00f3n de convenios territoriales en cada sector. Hacen falta m\u00e1s herramientas para combatir la desigualdad, no menos.<\/p>\n<p>OPINI\u00d3N EL PAIS<\/p>\n<p>FOTO: Dos camareras trabajan en una cafeter\u00eda en Valencia, el pasado mes de julio.<span class=\"a_m_m\">M\u00f2nica Torres<\/span><\/p>\n<p>https:\/\/elpais.com\/opinion\/2023-10-16\/salario-minimo-unico.html<\/p>\n","protected":false},"excerpt":{"rendered":"<p>Pueden buscarse f\u00f3rmulas de compensaci\u00f3n por comunidades aut\u00f3nomas, pero el SMI debe ser el mismo&#8230;<\/p>\n","protected":false},"author":1,"featured_media":63934,"comment_status":"closed","ping_status":"closed","sticky":false,"template":"","format":"standard","meta":{"_coblocks_attr":"","_coblocks_dimensions":"","_coblocks_responsive_height":"","_coblocks_accordion_ie_support":"","jetpack_post_was_ever_published":false,"_jetpack_newsletter_access":"","_jetpack_dont_email_post_to_subs":false,"_jetpack_newsletter_tier_id":0,"_jetpack_memberships_contains_paywalled_content":false,"_jetpack_memberships_contains_paid_content":false,"footnotes":"","jetpack_publicize_message":"","jetpack_publicize_feature_enabled":true,"jetpack_social_post_already_shared":true,"jetpack_social_options":{"image_generator_settings":{"template":"highway","default_image_id":0,"enabled":false},"version":2}},"categories":[1161,44],"tags":[1983,10746],"class_list":["post-63933","post","type-post","status-publish","format-standard","has-post-thumbnail","hentry","category-ciudadania","category-noticias-de-hoy","tag-salario-minimo","tag-unico-para-todos"],"jetpack_publicize_connections":[],"jetpack_featured_media_url":"https:\/\/i0.wp.com\/miradordeatarfe.es\/wp-content\/uploads\/2023\/10\/Screenshot-2023-10-17-at-12-58-34-Salario-minimo-unico.png?fit=364%2C365&ssl=1","jetpack_likes_enabled":true,"jetpack_sharing_enabled":true,"_links":{"self":[{"href":"https:\/\/miradordeatarfe.es\/index.php?rest_route=\/wp\/v2\/posts\/63933","targetHints":{"allow":["GET"]}}],"collection":[{"href":"https:\/\/miradordeatarfe.es\/index.php?rest_route=\/wp\/v2\/posts"}],"about":[{"href":"https:\/\/miradordeatarfe.es\/index.php?rest_route=\/wp\/v2\/types\/post"}],"author":[{"embeddable":true,"href":"https:\/\/miradordeatarfe.es\/index.php?rest_route=\/wp\/v2\/users\/1"}],"replies":[{"embeddable":true,"href":"https:\/\/miradordeatarfe.es\/index.php?rest_route=%2Fwp%2Fv2%2Fcomments&post=63933"}],"version-history":[{"count":1,"href":"https:\/\/miradordeatarfe.es\/index.php?rest_route=\/wp\/v2\/posts\/63933\/revisions"}],"predecessor-version":[{"id":63935,"href":"https:\/\/miradordeatarfe.es\/index.php?rest_route=\/wp\/v2\/posts\/63933\/revisions\/63935"}],"wp:featuredmedia":[{"embeddable":true,"href":"https:\/\/miradordeatarfe.es\/index.php?rest_route=\/wp\/v2\/media\/63934"}],"wp:attachment":[{"href":"https:\/\/miradordeatarfe.es\/index.php?rest_route=%2Fwp%2Fv2%2Fmedia&parent=63933"}],"wp:term":[{"taxonomy":"category","embeddable":true,"href":"https:\/\/miradordeatarfe.es\/index.php?rest_route=%2Fwp%2Fv2%2Fcategories&post=63933"},{"taxonomy":"post_tag","embeddable":true,"href":"https:\/\/miradordeatarfe.es\/index.php?rest_route=%2Fwp%2Fv2%2Ftags&post=63933"}],"curies":[{"name":"wp","href":"https:\/\/api.w.org\/{rel}","templated":true}]}}