{"id":63951,"date":"2023-10-20T10:00:25","date_gmt":"2023-10-20T08:00:25","guid":{"rendered":"https:\/\/miradordeatarfe.es\/?p=63951"},"modified":"2023-10-20T10:03:46","modified_gmt":"2023-10-20T08:03:46","slug":"camille-claudel-nacida-en-1864-y-muerta-en-1943-olvidada-por-todos-en-un-hospital-psiquiatrico","status":"publish","type":"post","link":"https:\/\/miradordeatarfe.es\/?p=63951","title":{"rendered":"CAMILLE CLAUDEL. Nacida en 1864 y muerta en 1943. OLVIDADA por todos en un hospital psiqui\u00e1trico"},"content":{"rendered":"<div class=\"\" dir=\"auto\">\n<div id=\":r8u:\" class=\"x1iorvi4 x1pi30zi x1l90r2v x1swvt13\" data-ad-comet-preview=\"message\" data-ad-preview=\"message\">\n<div class=\"x78zum5 xdt5ytf xz62fqu x16ldp7u\">\n<div class=\"xu06os2 x1ok221b\">\n<div class=\"x11i5rnm xat24cr x1mh8g0r x1vvkbs xtlvy1s x126k92a\">\n<h3 dir=\"auto\">\u00bfQu\u00e9 hab\u00eda hecho?<\/h3>\n<\/div>\n<div class=\"x11i5rnm xat24cr x1mh8g0r x1vvkbs xtlvy1s x126k92a\">\n<div dir=\"auto\">Viene a estudiar a PAR\u00cdS en una \u00e9poca en la que la Escuela de Bellas Artes est\u00e1 abierta S\u00d3LO a HOMBRES. Por eso toma lecciones en estudios de artistas que aceptan MUJERES. Conoce y se convierte en amante del escultor m\u00e1s famoso del momento: Auguste Rodin. Ser\u00e1 una relaci\u00f3n apasionada y art\u00edstica, trabajan juntos, esculpen juntos (el museo Rodin y el museo de Orsay conservan hermosas obras de esta \u00e9poca).<\/div>\n<div dir=\"auto\">\u00a0<\/div>\n<\/div>\n<div class=\"x11i5rnm xat24cr x1mh8g0r x1vvkbs xtlvy1s x126k92a\">\n<div dir=\"auto\">Luego la abandona, \u00e9l que vive desde hace a\u00f1os con otra mujer, \u00e9l, el artista amado y respetado por todos&#8230; ella es denigrada, abandonada y marginada incluso \u00abart\u00edsticamente\u00bb. Vive sola, ya no conf\u00eda en nadie y sus OBRAS no se venden. A esto le sumamos que su hermano es el c\u00e9lebre poeta, escritor, diplom\u00e1tico y acad\u00e9mico: Paul Claudel.<\/div>\n<div dir=\"auto\">\u00a0<\/div>\n<\/div>\n<div class=\"x11i5rnm xat24cr x1mh8g0r x1vvkbs xtlvy1s x126k92a\">\n<div dir=\"auto\">La FAMILIA decide INTERNARLA, esta MUJER demasiado \u00abmoderna\u00bb para la \u00e9poca es la verg\u00fcenza de la casa. Tenemos cartas que escribe a amigos y familiares pidiendo ayuda, durante 30 a\u00f1os intentar\u00e1 explicar al personal del hospital la INJUSTICIA que est\u00e1 viviendo.<\/div>\n<div dir=\"auto\">\u00a0<\/div>\n<\/div>\n<div class=\"x11i5rnm xat24cr x1mh8g0r x1vvkbs xtlvy1s x126k92a\">\n<div dir=\"auto\">Son testimonios desgarradores, que revelan la lucidez de la MUJER internada. Pr\u00e1cticamente muere de HAMBRE el 19 de octubre de 1943 en un hospital p\u00fablico franc\u00e9s y ning\u00fan miembro de su familia asistir\u00e1 a su FUNERAL. Sus restos ser\u00e1n depositados en una fosa com\u00fan.<\/div>\n<div dir=\"auto\">\u00a0<\/div>\n<\/div>\n<div class=\"x11i5rnm xat24cr x1mh8g0r x1vvkbs xtlvy1s x126k92a\">\n<div dir=\"auto\">Hoy la figura de CAMILLE CLAUDEL ha sido completamente REHABILITADA, sus obras se exponen JUNTO a las de Rodin y un museo a pocos kil\u00f3metros de Par\u00eds est\u00e1 completamente DEDICADO a ella&#8230;<\/div>\n<div dir=\"auto\">\u00a0<\/div>\n<\/div>\n<div class=\"x11i5rnm xat24cr x1mh8g0r x1vvkbs xtlvy1s x126k92a\">\n<div dir=\"auto\">De La ciudad de las mujeres&#8230;..<\/div>\n<\/div>\n<\/div>\n<\/div>\n<\/div>\n<\/div>\n<div dir=\"auto\">\u00a0<\/div>\n<div dir=\"auto\">BIOGRAFIA DE CAMILE CLAUDEL <a href=\"https:\/\/es.wikipedia.org\/wiki\/Camille_Claudel\">https:\/\/es.wikipedia.org\/wiki\/Camille_Claudel<\/a><\/div>\n<div dir=\"auto\">\u00a0<\/div>\n<div class=\"\" dir=\"auto\">\n<div id=\":r8u:\" class=\"x1iorvi4 x1pi30zi x1l90r2v x1swvt13\" data-ad-comet-preview=\"message\" data-ad-preview=\"message\">\n<div class=\"x78zum5 xdt5ytf xz62fqu x16ldp7u\">\n<div class=\"xu06os2 x1ok221b\">\n<div class=\"x11i5rnm xat24cr x1mh8g0r x1vvkbs xtlvy1s x126k92a\">\n<div dir=\"auto\"><a href=\"https:\/\/i0.wp.com\/miradordeatarfe.es\/wp-content\/uploads\/2023\/10\/382238875_6224693384303599_6437077455384700606_n.jpg?ssl=1\"><img data-recalc-dims=\"1\" loading=\"lazy\" decoding=\"async\" class=\"alignnone wp-image-63952 size-full\" src=\"https:\/\/i0.wp.com\/miradordeatarfe.es\/wp-content\/uploads\/2023\/10\/382238875_6224693384303599_6437077455384700606_n.jpg?resize=515%2C640&#038;ssl=1\" alt=\"\" width=\"515\" height=\"640\" srcset=\"https:\/\/i0.wp.com\/miradordeatarfe.es\/wp-content\/uploads\/2023\/10\/382238875_6224693384303599_6437077455384700606_n.jpg?w=515&amp;ssl=1 515w, https:\/\/i0.wp.com\/miradordeatarfe.es\/wp-content\/uploads\/2023\/10\/382238875_6224693384303599_6437077455384700606_n.jpg?resize=241%2C300&amp;ssl=1 241w\" sizes=\"auto, (max-width: 515px) 100vw, 515px\" \/><\/a><\/div>\n<\/div>\n<\/div>\n<div dir=\"auto\">\n<p id=\":r8s:\" class=\"x1heor9g x1qlqyl8 x1pd3egz x1a2a7pz x1gslohp x1yc453h\"><span class=\"xt0psk2\"><a class=\"x1i10hfl xjbqb8w x6umtig x1b1mbwd xaqea5y xav7gou x9f619 x1ypdohk xt0psk2 xe8uvvx xdj266r x11i5rnm xat24cr x1mh8g0r xexx8yu x4uap5 x18d9i69 xkhd6sd x16tdsg8 x1hl2dhg xggy1nq x1a2a7pz xt0b8zv xzsf02u x1s688f\" tabindex=\"0\" role=\"link\" href=\"https:\/\/www.facebook.com\/Animalistyk?__cft__[0]=AZU3XUtxOzS7nSAjAeNW_oa8PQPMQ7pWu8R_6Iq22Rm1B7-7eSUNkFMN_jeP-8BCIJqIR_LqdIEvkyb3P1iR8MLGwJmOJaRyKs6nrBRlj1j3GddfQqAti9Lzy4Bfy8CVxJXH71plPI-vtW5LYosaa6M_&amp;__tn__=-UC%2CP-R\"><strong>Susana De La Rosa en facebook<\/strong><\/a><\/span><\/p>\n<\/div>\n<p>FOTO portada: <i>L&#8217;Age m\u00fbr o La edad madura<\/i><\/p>\n<div dir=\"auto\">\n<p>https:\/\/www.facebook.com\/story.php?story_fbid=pfbid02nmMy3LevzW51YteV1vpzFav3jAj3yGwqSxFnAmexzVE5xW2pF7myFBuPYLJNox2Jl&#038;id=100002889979052&#038;post_id=100002889979052_pfbid02nmMy3LevzW51YteV1vpzFav3jAj3yGwqSxFnAmexzVE5xW2pF7myFBuPYLJNox2Jl<\/p>\n<\/div>\n<\/div>\n<\/div>\n<\/div>\n","protected":false},"excerpt":{"rendered":"<p>\u00bfQu\u00e9 hab\u00eda hecho? Viene a estudiar a PAR\u00cdS en una \u00e9poca en la que la&#8230;<\/p>\n","protected":false},"author":1,"featured_media":63953,"comment_status":"closed","ping_status":"closed","sticky":false,"template":"","format":"standard","meta":{"_coblocks_attr":"","_coblocks_dimensions":"","_coblocks_responsive_height":"","_coblocks_accordion_ie_support":"","jetpack_post_was_ever_published":false,"_jetpack_newsletter_access":"","_jetpack_dont_email_post_to_subs":false,"_jetpack_newsletter_tier_id":0,"_jetpack_memberships_contains_paywalled_content":false,"_jetpack_memberships_contains_paid_content":false,"footnotes":"","jetpack_publicize_message":"","jetpack_publicize_feature_enabled":true,"jetpack_social_post_already_shared":true,"jetpack_social_options":{"image_generator_settings":{"template":"highway","default_image_id":0,"enabled":false},"version":2}},"categories":[7721,44],"tags":[10750],"class_list":["post-63951","post","type-post","status-publish","format-standard","has-post-thumbnail","hentry","category-mujeres-que-cambiaron-la-historia","category-noticias-de-hoy","tag-camile-claudel"],"jetpack_publicize_connections":[],"jetpack_featured_media_url":"https:\/\/i0.wp.com\/miradordeatarfe.es\/wp-content\/uploads\/2023\/10\/LAge_Mur.jpg?fit=1024%2C768&ssl=1","jetpack_likes_enabled":true,"jetpack_sharing_enabled":true,"_links":{"self":[{"href":"https:\/\/miradordeatarfe.es\/index.php?rest_route=\/wp\/v2\/posts\/63951","targetHints":{"allow":["GET"]}}],"collection":[{"href":"https:\/\/miradordeatarfe.es\/index.php?rest_route=\/wp\/v2\/posts"}],"about":[{"href":"https:\/\/miradordeatarfe.es\/index.php?rest_route=\/wp\/v2\/types\/post"}],"author":[{"embeddable":true,"href":"https:\/\/miradordeatarfe.es\/index.php?rest_route=\/wp\/v2\/users\/1"}],"replies":[{"embeddable":true,"href":"https:\/\/miradordeatarfe.es\/index.php?rest_route=%2Fwp%2Fv2%2Fcomments&post=63951"}],"version-history":[{"count":1,"href":"https:\/\/miradordeatarfe.es\/index.php?rest_route=\/wp\/v2\/posts\/63951\/revisions"}],"predecessor-version":[{"id":63954,"href":"https:\/\/miradordeatarfe.es\/index.php?rest_route=\/wp\/v2\/posts\/63951\/revisions\/63954"}],"wp:featuredmedia":[{"embeddable":true,"href":"https:\/\/miradordeatarfe.es\/index.php?rest_route=\/wp\/v2\/media\/63953"}],"wp:attachment":[{"href":"https:\/\/miradordeatarfe.es\/index.php?rest_route=%2Fwp%2Fv2%2Fmedia&parent=63951"}],"wp:term":[{"taxonomy":"category","embeddable":true,"href":"https:\/\/miradordeatarfe.es\/index.php?rest_route=%2Fwp%2Fv2%2Fcategories&post=63951"},{"taxonomy":"post_tag","embeddable":true,"href":"https:\/\/miradordeatarfe.es\/index.php?rest_route=%2Fwp%2Fv2%2Ftags&post=63951"}],"curies":[{"name":"wp","href":"https:\/\/api.w.org\/{rel}","templated":true}]}}