{"id":63956,"date":"2023-10-28T10:30:32","date_gmt":"2023-10-28T08:30:32","guid":{"rendered":"https:\/\/miradordeatarfe.es\/?p=63956"},"modified":"2023-10-27T11:24:43","modified_gmt":"2023-10-27T09:24:43","slug":"atarfe-nos-vamos-de-senderismo-ruta-de-las-trincheras","status":"publish","type":"post","link":"https:\/\/miradordeatarfe.es\/?p=63956","title":{"rendered":"ATARFE: Nos vamos de senderismo: Ruta de las Trincheras"},"content":{"rendered":"<div class=\"xdj266r x11i5rnm xat24cr x1mh8g0r x1vvkbs x126k92a\">\n<h3 dir=\"auto\">\u00a0<\/h3>\n<h3 dir=\"auto\">CON TODAS LAS PLAZAS OCUPADAS El Ayuntamiento de Atarfe organiza esta ruta para dar a conocer la historia<\/h3>\n<\/div>\n<div class=\"x11i5rnm xat24cr x1mh8g0r x1vvkbs xtlvy1s x126k92a\">\n<h3 dir=\"auto\">\u00a0Lugar: Ruta de las Trincheras Fecha: 4 de Noviembre.28<\/h3>\n<h3 dir=\"auto\">Salida: 9:30 desde el Centro Cultural Medina Elvira.<\/h3>\n<h3 dir=\"auto\">Regreso: 14:00 aproximadamente.<\/h3>\n<h3 dir=\"auto\">Inscripciones: Centro Cultural Medina Elvira<\/h3>\n<\/div>\n<div class=\"x11i5rnm xat24cr x1mh8g0r x1vvkbs xtlvy1s x126k92a\">\n<div dir=\"auto\">El Ayuntamiento ofreci\u00f3 esta iniciativa que se difundi\u00f3 por sus medios y ha tenido una acogida fenomenal. Un\u00a0 emocionante d\u00eda de senderismo en la Ruta de las Trincheras!, esta aventura promete ser una experiencia \u00fanica.<\/div>\n<div dir=\"auto\">\u00a0<\/div>\n<\/div>\n<div class=\"x11i5rnm xat24cr x1mh8g0r x1vvkbs xtlvy1s x126k92a\">\n<div dir=\"auto\">La jornada comenzar\u00e1 con la salida en autob\u00fas desde el Centro Cultural Medina Elvira a las 9:30 de la ma\u00f1ana. En las Trincheras, la historiadora <strong>Maribel Brenes<\/strong> te ofrecer\u00e1 una apasionante explicaci\u00f3n de la historia local.<\/div>\n<\/div>\n<div class=\"x11i5rnm xat24cr x1mh8g0r x1vvkbs xtlvy1s x126k92a\">\n<div dir=\"auto\">\u00a0<\/div>\n<div dir=\"auto\">A la vuelta, nos dirigiremos a la Casa de la Cultura de Caparacena, donde disfrutar\u00e1s de una enriquecedora charla coloquio con el historiador Alfonso Mart\u00ednez Foronda, y adem\u00e1s tendremos la proyecci\u00f3n del video \u00ab<strong>Trincheras\u00bb de Jorge Rodr\u00edguez Puche<\/strong>. Aprovechando la oportunidad de dar a conocer todas estas fortificaci\u00f3n,\u00a0 ha puesto a disposici\u00f3n del publico de forma gratuita el documental realizado, con la maestr\u00eda de siempre y el esp\u00edritu memorialista de que siempre hace gala Jorge Rodr\u00edguez Puche y en el\u00a0 que disfrutamos de la voz de Manuel Prados<\/div>\n<\/div>\n<div class=\"x11i5rnm xat24cr x1mh8g0r x1vvkbs xtlvy1s x126k92a\">\n<div dir=\"auto\">\u00a0<\/div>\n<div dir=\"auto\">Ser\u00e1 una\u00a0 oportunidad de explorar la<strong> historia y la belleza natural de la Ruta de las Trincheras<\/strong>!<\/div>\n<div dir=\"auto\">\u00a0<\/div>\n<\/div>\n<div dir=\"auto\"><a href=\"https:\/\/i0.wp.com\/miradordeatarfe.es\/wp-content\/uploads\/2023\/10\/391748925_701567238687461_5081686300319799213_n.jpg?ssl=1\"><img data-recalc-dims=\"1\" loading=\"lazy\" decoding=\"async\" class=\"alignnone wp-image-63957 \" src=\"https:\/\/i0.wp.com\/miradordeatarfe.es\/wp-content\/uploads\/2023\/10\/391748925_701567238687461_5081686300319799213_n.jpg?resize=640%2C905&#038;ssl=1\" alt=\"\" width=\"640\" height=\"905\" srcset=\"https:\/\/i0.wp.com\/miradordeatarfe.es\/wp-content\/uploads\/2023\/10\/391748925_701567238687461_5081686300319799213_n.jpg?w=509&amp;ssl=1 509w, https:\/\/i0.wp.com\/miradordeatarfe.es\/wp-content\/uploads\/2023\/10\/391748925_701567238687461_5081686300319799213_n.jpg?resize=212%2C300&amp;ssl=1 212w\" sizes=\"auto, (max-width: 640px) 100vw, 640px\" \/><\/a><\/div>\n<div dir=\"auto\">\u00a0<\/div>\n","protected":false},"excerpt":{"rendered":"<p>\u00a0 CON TODAS LAS PLAZAS OCUPADAS El Ayuntamiento de Atarfe organiza esta ruta para dar&#8230;<\/p>\n","protected":false},"author":1,"featured_media":63958,"comment_status":"closed","ping_status":"closed","sticky":false,"template":"","format":"standard","meta":{"_coblocks_attr":"","_coblocks_dimensions":"","_coblocks_responsive_height":"","_coblocks_accordion_ie_support":"","jetpack_post_was_ever_published":false,"_jetpack_newsletter_access":"","_jetpack_dont_email_post_to_subs":false,"_jetpack_newsletter_tier_id":0,"_jetpack_memberships_contains_paywalled_content":false,"_jetpack_memberships_contains_paid_content":false,"footnotes":"","jetpack_publicize_message":"","jetpack_publicize_feature_enabled":true,"jetpack_social_post_already_shared":true,"jetpack_social_options":{"image_generator_settings":{"template":"highway","default_image_id":0,"enabled":false},"version":2}},"categories":[1225,44,15],"tags":[81,10752,10751],"class_list":["post-63956","post","type-post","status-publish","format-standard","has-post-thumbnail","hentry","category-ha-de-atarfe","category-noticias-de-hoy","category-ultimas-noticias","tag-atarfe","tag-jorge-r-puche","tag-ruta-de-las-trincheras"],"jetpack_publicize_connections":[],"jetpack_featured_media_url":"https:\/\/i0.wp.com\/miradordeatarfe.es\/wp-content\/uploads\/2023\/10\/poli.jpg?fit=537%2C354&ssl=1","jetpack_likes_enabled":true,"jetpack_sharing_enabled":true,"_links":{"self":[{"href":"https:\/\/miradordeatarfe.es\/index.php?rest_route=\/wp\/v2\/posts\/63956","targetHints":{"allow":["GET"]}}],"collection":[{"href":"https:\/\/miradordeatarfe.es\/index.php?rest_route=\/wp\/v2\/posts"}],"about":[{"href":"https:\/\/miradordeatarfe.es\/index.php?rest_route=\/wp\/v2\/types\/post"}],"author":[{"embeddable":true,"href":"https:\/\/miradordeatarfe.es\/index.php?rest_route=\/wp\/v2\/users\/1"}],"replies":[{"embeddable":true,"href":"https:\/\/miradordeatarfe.es\/index.php?rest_route=%2Fwp%2Fv2%2Fcomments&post=63956"}],"version-history":[{"count":2,"href":"https:\/\/miradordeatarfe.es\/index.php?rest_route=\/wp\/v2\/posts\/63956\/revisions"}],"predecessor-version":[{"id":64440,"href":"https:\/\/miradordeatarfe.es\/index.php?rest_route=\/wp\/v2\/posts\/63956\/revisions\/64440"}],"wp:featuredmedia":[{"embeddable":true,"href":"https:\/\/miradordeatarfe.es\/index.php?rest_route=\/wp\/v2\/media\/63958"}],"wp:attachment":[{"href":"https:\/\/miradordeatarfe.es\/index.php?rest_route=%2Fwp%2Fv2%2Fmedia&parent=63956"}],"wp:term":[{"taxonomy":"category","embeddable":true,"href":"https:\/\/miradordeatarfe.es\/index.php?rest_route=%2Fwp%2Fv2%2Fcategories&post=63956"},{"taxonomy":"post_tag","embeddable":true,"href":"https:\/\/miradordeatarfe.es\/index.php?rest_route=%2Fwp%2Fv2%2Ftags&post=63956"}],"curies":[{"name":"wp","href":"https:\/\/api.w.org\/{rel}","templated":true}]}}