{"id":63967,"date":"2023-10-20T10:35:59","date_gmt":"2023-10-20T08:35:59","guid":{"rendered":"https:\/\/miradordeatarfe.es\/?p=63967"},"modified":"2023-10-20T11:03:48","modified_gmt":"2023-10-20T09:03:48","slug":"ilbira-mozarabe-y-el-proyecto-de-mejora-del-camino-por-promovega","status":"publish","type":"post","link":"https:\/\/miradordeatarfe.es\/?p=63967","title":{"rendered":"ILBIRA MOZ\u00c1RABE Y EL PROYECTO DE MEJORA DEL CAMINO POR PROMOVEGA"},"content":{"rendered":"<p style=\"text-align: justify;\"><strong>LA ASOCIACI\u00d3N ILBIRA MOZ\u00c1RABE SE INTERESA POR EL PROYECTO DE MEJORA DEL CAMINO MOZ\u00c1RABE DEL GRUPO DE DESARROLLO RURAL PROMOVEGA EN COLABORACI\u00d3N CON LOS AYUNTAMIENTOS DE LA COMARCA.<\/strong><\/p>\n<p style=\"text-align: justify;\">\u00a0Es probable que algunas personas que vivan en Maracena, Albolote, Atarfe o Pinos Puente hayan visto pasar a caminantes con grandes mochilas por nuestras calles o plazas, algunos de los cuales \u00a0hablan idiomas de otros pa\u00edses \u201c\u00bf Qu\u00e9 har\u00e1n por aqu\u00ed nos preguntamos?\u201d.<\/p>\n<p style=\"text-align: justify;\">Se calcula que cerca de 1000 peregrinos pasan al a\u00f1o por nuestros municipios, caminando de forma constante, con serenidad, observadores nuestro paisaje, nuestros monumentos, nuestra gastronom\u00eda\u2026 Debemos saber que lo hacen \u00a0por motivos espirituales, personales, tur\u00edsticos, deportivos\u2026 buscan Santiago de Compostela a m\u00e1s de 1100 km de distancia siguiendo el Camino Moz\u00e1rabe que pasa por nuestros municipios y que muchas veces ignoramos.<\/p>\n<p style=\"text-align: justify;\">La Asociaci\u00f3n Promovega como Grupo de Desarrollo Rural (GDR), en coordinaci\u00f3n con \u00a0otros 12 GDR de Andaluc\u00eda vinculados al Camino Moz\u00e1rabe ( Almer\u00eda, Granada, Ja\u00e9n, C\u00f3rdoba) est\u00e1 desarrollando un Proyecto de Cooperaci\u00f3n ( Submedidada19.3) que pretende mejorar la transitabilidad, la se\u00f1alizaci\u00f3n , la seguridad de los peregrinos y la difusi\u00f3n de este Patrimonio Cultural.<\/p>\n<p style=\"text-align: justify;\">El pasado 11 de octubre miembros de la Asociaci\u00f3n Ilbira Moz\u00e1rabe tuvieron la oportunidad de conocer \u00a0este proyecto con representantes de Promovega, \u00a0Delegaci\u00f3n de Agricultura, Federaci\u00f3n de Asociaciones del Camino De Santiago y Ayuntamiento de Albolote. El proyecto est\u00e1 financiado por fondos europeos, a trav\u00e9s de la Consejer\u00eda de Agricultura y Pesca y coparticipaci\u00f3n de los ayuntamientos vinculados.<\/p>\n<p style=\"text-align: justify;\">A la ciudadan\u00eda de estos pueblos nos toca ser conscientes de este bien patrimonial, cuidarlo y difundirlo, en esta causa est\u00e1 nuestra Asociaci\u00f3n Ilbira Moz\u00e1rabe. Ojal\u00e1 nuestros escolares cuando estudien \u00a0historia sepan que ya en la Edad Media hab\u00eda en nuestro entorno una ruta que utilizaban los cristianos de \u00a0Al Andalus, primero de Medina Ilbira y luego del Reino de Granada, que sirvi\u00f3 para ver la tumba del Ap\u00f3stol Santiago, intercambios sociales, comerciales y culturales, muestra de tolerancia y convivencia en la \u00e9poca.<\/p>\n<p style=\"text-align: justify;\">Cuando transitemos por estos caminos de la vega, andando o en bici, aprendamos de estos peregrinos a afrontar \u00a0la vida con serenidad, disfrutar del paisaje, a valorar nuestras costumbres, a pensar paseando, dar sentido a nuestras vidas, lo realmente importante para nuestras vidas, \u201c\u00a1Buen Camino!\u201d.<\/p>\n<p style=\"text-align: justify;\"><em>\u00a0\u00a0\u00a0\u00a0\u00a0\u00a0\u00a0\u00a0\u00a0\u00a0\u00a0\u00a0\u00a0\u00a0\u00a0\u00a0\u00a0\u00a0\u00a0\u00a0\u00a0\u00a0\u00a0\u00a0\u00a0\u00a0\u00a0\u00a0\u00a0\u00a0\u00a0\u00a0\u00a0\u00a0\u00a0\u00a0\u00a0\u00a0\u00a0\u00a0\u00a0\u00a0\u00a0\u00a0\u00a0\u00a0\u00a0\u00a0\u00a0\u00a0\u00a0\u00a0\u00a0\u00a0\u00a0\u00a0\u00a0\u00a0\u00a0\u00a0\u00a0\u00a0\u00a0\u00a0\u00a0\u00a0\u00a0\u00a0\u00a0\u00a0\u00a0\u00a0\u00a0\u00a0\u00a0\u00a0\u00a0\u00a0\u00a0\u00a0\u00a0\u00a0\u00a0\u00a0\u00a0\u00a0\u00a0\u00a0\u00a0\u00a0\u00a0\u00a0\u00a0\u00a0(Francisco Rodr\u00edguez Quesada\/Secretario-Ilbira Moz\u00e1rabe)<\/em><\/p>\n","protected":false},"excerpt":{"rendered":"<p>LA ASOCIACI\u00d3N ILBIRA MOZ\u00c1RABE SE INTERESA POR EL PROYECTO DE MEJORA DEL CAMINO MOZ\u00c1RABE DEL&#8230;<\/p>\n","protected":false},"author":1,"featured_media":63975,"comment_status":"closed","ping_status":"closed","sticky":false,"template":"","format":"standard","meta":{"_coblocks_attr":"","_coblocks_dimensions":"","_coblocks_responsive_height":"","_coblocks_accordion_ie_support":"","jetpack_post_was_ever_published":false,"_jetpack_newsletter_access":"","_jetpack_dont_email_post_to_subs":false,"_jetpack_newsletter_tier_id":0,"_jetpack_memberships_contains_paywalled_content":false,"_jetpack_memberships_contains_paid_content":false,"footnotes":"","jetpack_publicize_message":"","jetpack_publicize_feature_enabled":true,"jetpack_social_post_already_shared":true,"jetpack_social_options":{"image_generator_settings":{"template":"highway","default_image_id":0,"enabled":false},"version":2}},"categories":[186,44],"tags":[81,8664,1130],"class_list":["post-63967","post","type-post","status-publish","format-standard","has-post-thumbnail","hentry","category-instituciones","category-noticias-de-hoy","tag-atarfe","tag-camino-mozarabe","tag-promovega"],"jetpack_publicize_connections":[],"jetpack_featured_media_url":"https:\/\/i0.wp.com\/miradordeatarfe.es\/wp-content\/uploads\/2023\/10\/Promovega2.jpg?fit=322%2C298&ssl=1","jetpack_likes_enabled":true,"jetpack_sharing_enabled":true,"_links":{"self":[{"href":"https:\/\/miradordeatarfe.es\/index.php?rest_route=\/wp\/v2\/posts\/63967","targetHints":{"allow":["GET"]}}],"collection":[{"href":"https:\/\/miradordeatarfe.es\/index.php?rest_route=\/wp\/v2\/posts"}],"about":[{"href":"https:\/\/miradordeatarfe.es\/index.php?rest_route=\/wp\/v2\/types\/post"}],"author":[{"embeddable":true,"href":"https:\/\/miradordeatarfe.es\/index.php?rest_route=\/wp\/v2\/users\/1"}],"replies":[{"embeddable":true,"href":"https:\/\/miradordeatarfe.es\/index.php?rest_route=%2Fwp%2Fv2%2Fcomments&post=63967"}],"version-history":[{"count":2,"href":"https:\/\/miradordeatarfe.es\/index.php?rest_route=\/wp\/v2\/posts\/63967\/revisions"}],"predecessor-version":[{"id":63976,"href":"https:\/\/miradordeatarfe.es\/index.php?rest_route=\/wp\/v2\/posts\/63967\/revisions\/63976"}],"wp:featuredmedia":[{"embeddable":true,"href":"https:\/\/miradordeatarfe.es\/index.php?rest_route=\/wp\/v2\/media\/63975"}],"wp:attachment":[{"href":"https:\/\/miradordeatarfe.es\/index.php?rest_route=%2Fwp%2Fv2%2Fmedia&parent=63967"}],"wp:term":[{"taxonomy":"category","embeddable":true,"href":"https:\/\/miradordeatarfe.es\/index.php?rest_route=%2Fwp%2Fv2%2Fcategories&post=63967"},{"taxonomy":"post_tag","embeddable":true,"href":"https:\/\/miradordeatarfe.es\/index.php?rest_route=%2Fwp%2Fv2%2Ftags&post=63967"}],"curies":[{"name":"wp","href":"https:\/\/api.w.org\/{rel}","templated":true}]}}