{"id":63980,"date":"2023-10-21T10:00:53","date_gmt":"2023-10-21T08:00:53","guid":{"rendered":"https:\/\/miradordeatarfe.es\/?p=63980"},"modified":"2023-10-20T13:55:43","modified_gmt":"2023-10-20T11:55:43","slug":"estudiar-y-trabajar","status":"publish","type":"post","link":"https:\/\/miradordeatarfe.es\/?p=63980","title":{"rendered":"Estudiar y trabajar"},"content":{"rendered":"<h3>Los bajos salarios distorsionan la relaci\u00f3n entre oferta educativa y sistema productivo.<\/h3>\n<p style=\"text-align: justify;\">Uno de los principales retos del sistema universitario es adecuar la oferta educativa a las necesidades del sistema productivo. De esa adecuaci\u00f3n depende no solo el buen funcionamiento de la econom\u00eda sino la satisfacci\u00f3n de las expectativas de los estudiantes. Lo ideal es armonizar vocaci\u00f3n y empleabilidad, pero no es f\u00e1cil. En primer lugar, porque no siempre el sistema educativo tiene agilidad para hacer frente a las profesiones emergentes. En segundo, porque en la elecci\u00f3n de una carrera no solo cuentan las salidas profesionales y la vocaci\u00f3n de los alumnos, sino tambi\u00e9n el atractivo de los estudios. De esa triangulaci\u00f3n surgen la mayor\u00eda de los desajustes.<\/p>\n<p style=\"text-align: justify;\">Hay titulaciones en las que se produce un gran desequilibrio entre la oferta de empleo y la demanda de estudios pese a tratarse de carreras con una alta empleabilidad. En esa situaci\u00f3n se encuentran las ingenier\u00edas industrial y electr\u00f3nica, la medioambiental, la aeron\u00e1utica o la relacionada con la energ\u00eda. En los \u00faltimos a\u00f1os ha descendido el n\u00famero de estudiantes pese a que todos sus titulados tienen pr\u00e1cticamente asegurado un empleo. Entre los elementos disuasorios figuran la alta nota de acceso, la gran dificultad de los estudios y la devaluaci\u00f3n que han sufrido los salarios en relaci\u00f3n con el esfuerzo que exige culminarlos.<\/p>\n<p style=\"text-align: justify;\">En el otro extremo se encuentran titulaciones en las que aumenta el n\u00famero de estudiantes pese a que presentan una muy baja empleabilidad y sus titulados figuran entre los que menos cobran. Entre 2015 y 2022 aumentaron los alumnos de audiovisuales y medios de comunicaci\u00f3n (+14%), Psicolog\u00eda (+14%), Bellas Artes (+7,8%) o Veterinaria (+2,3), con una remuneraci\u00f3n de aproximadamente 22.000 euros anuales, seg\u00fan un reciente an\u00e1lisis de la Fundaci\u00f3n Conocimiento y Desarrollo. En estos casos es evidente que la vocaci\u00f3n o el atractivo de los estudios es m\u00e1s determinante que las expectativas laborales. No obstante, hay anomal\u00edas que convendr\u00eda corregir m\u00e1s all\u00e1 de que el n\u00famero de matr\u00edculas suba o baje. La pobre remuneraci\u00f3n resulta parad\u00f3jica en el caso de Psicolog\u00eda, dada la falta de profesionales de este campo en el sistema p\u00fablico de salud. Tambi\u00e9n en los estudios de Turismo y Hosteler\u00eda, uno de los motores de la econom\u00eda espa\u00f1ola.<\/p>\n<p style=\"text-align: justify;\">Diferentes encuestas indican que la facilidad de los estudios o la empleabilidad de la carrera elegida son los factores que m\u00e1s cuentan a la hora de elegir entre los estudiantes de renta baja. Mientras, en las clases acomodadas, en las que el esfuerzo familiar no es un obst\u00e1culo, hay m\u00e1s estudiantes que eligen por vocaci\u00f3n (29%) que entre las clases menos favorecidas (18%). Lo ideal ser\u00eda que ninguna vocaci\u00f3n se quedara por el camino habiendo necesidad de titulados porque el sistema educativo y el productivo no han sido capaces de conciliar oferta, demanda y salario<\/p>\n<p>EL PAIS<\/p>\n<p>FOTO:https:\/\/www.barcelonaresidencias.com\/estudiar-en-barcelona-trabajar-al-mismo-tiempo-n-14-es<\/p>\n","protected":false},"excerpt":{"rendered":"<p>Los bajos salarios distorsionan la relaci\u00f3n entre oferta educativa y sistema productivo. Uno de los&#8230;<\/p>\n","protected":false},"author":1,"featured_media":63981,"comment_status":"closed","ping_status":"closed","sticky":false,"template":"","format":"standard","meta":{"_coblocks_attr":"","_coblocks_dimensions":"","_coblocks_responsive_height":"","_coblocks_accordion_ie_support":"","jetpack_post_was_ever_published":false,"_jetpack_newsletter_access":"","_jetpack_dont_email_post_to_subs":false,"_jetpack_newsletter_tier_id":0,"_jetpack_memberships_contains_paywalled_content":false,"_jetpack_memberships_contains_paid_content":false,"footnotes":"","jetpack_publicize_message":"","jetpack_publicize_feature_enabled":true,"jetpack_social_post_already_shared":true,"jetpack_social_options":{"image_generator_settings":{"template":"highway","default_image_id":0,"enabled":false},"version":2}},"categories":[1161,44,6937],"tags":[1031,55,6345],"class_list":["post-63980","post","type-post","status-publish","format-standard","has-post-thumbnail","hentry","category-ciudadania","category-noticias-de-hoy","category-sociedad","tag-estudiar","tag-salud","tag-trabajar"],"jetpack_publicize_connections":[],"jetpack_featured_media_url":"https:\/\/i0.wp.com\/miradordeatarfe.es\/wp-content\/uploads\/2023\/10\/big_crop_379fancybox.jpg?fit=1200%2C750&ssl=1","jetpack_likes_enabled":true,"jetpack_sharing_enabled":true,"_links":{"self":[{"href":"https:\/\/miradordeatarfe.es\/index.php?rest_route=\/wp\/v2\/posts\/63980","targetHints":{"allow":["GET"]}}],"collection":[{"href":"https:\/\/miradordeatarfe.es\/index.php?rest_route=\/wp\/v2\/posts"}],"about":[{"href":"https:\/\/miradordeatarfe.es\/index.php?rest_route=\/wp\/v2\/types\/post"}],"author":[{"embeddable":true,"href":"https:\/\/miradordeatarfe.es\/index.php?rest_route=\/wp\/v2\/users\/1"}],"replies":[{"embeddable":true,"href":"https:\/\/miradordeatarfe.es\/index.php?rest_route=%2Fwp%2Fv2%2Fcomments&post=63980"}],"version-history":[{"count":1,"href":"https:\/\/miradordeatarfe.es\/index.php?rest_route=\/wp\/v2\/posts\/63980\/revisions"}],"predecessor-version":[{"id":63982,"href":"https:\/\/miradordeatarfe.es\/index.php?rest_route=\/wp\/v2\/posts\/63980\/revisions\/63982"}],"wp:featuredmedia":[{"embeddable":true,"href":"https:\/\/miradordeatarfe.es\/index.php?rest_route=\/wp\/v2\/media\/63981"}],"wp:attachment":[{"href":"https:\/\/miradordeatarfe.es\/index.php?rest_route=%2Fwp%2Fv2%2Fmedia&parent=63980"}],"wp:term":[{"taxonomy":"category","embeddable":true,"href":"https:\/\/miradordeatarfe.es\/index.php?rest_route=%2Fwp%2Fv2%2Fcategories&post=63980"},{"taxonomy":"post_tag","embeddable":true,"href":"https:\/\/miradordeatarfe.es\/index.php?rest_route=%2Fwp%2Fv2%2Ftags&post=63980"}],"curies":[{"name":"wp","href":"https:\/\/api.w.org\/{rel}","templated":true}]}}