{"id":63983,"date":"2023-10-22T08:10:33","date_gmt":"2023-10-22T06:10:33","guid":{"rendered":"https:\/\/miradordeatarfe.es\/?p=63983"},"modified":"2023-10-20T10:01:46","modified_gmt":"2023-10-20T08:01:46","slug":"turismo-sostenible-o-insostenible","status":"publish","type":"post","link":"https:\/\/miradordeatarfe.es\/?p=63983","title":{"rendered":"Turismo sostenible o insostenible"},"content":{"rendered":"<h3 style=\"text-align: justify;\">La recuperaci\u00f3n del sector insta a abordar cuanto antes los efectos m\u00e1s nocivos de la masificaci\u00f3n<\/h3>\n<p style=\"text-align: justify;\">La recuperaci\u00f3n del turismo en Espa\u00f1a \u2014el verano cerr\u00f3 con un crecimiento del 17,3% con respecto a 2019, en gran medida por la inflaci\u00f3n\u2014 supone una buena noticia para un sector que representa el 12,2% del PIB nacional y m\u00e1s del 11% del empleo. Las perspectivas para todo 2023 son igualmente positivas: la patronal Exceltur ha revisado al alza el crecimiento del PIB tur\u00edstico hasta los 183.078 millones, casi tres puntos m\u00e1s que en julio. Son datos que invitan al optimismo econ\u00f3mico, pero plantean de nuevo la necesidad de conseguir un modelo sostenible cuyo \u00e9xito no se consiga a costa del bienestar de la mayor\u00eda de la poblaci\u00f3n.<\/p>\n<p style=\"text-align: justify;\">Decisiones recientes y contradictorias de administraciones locales, las m\u00e1s concernidas, abren la reflexi\u00f3n sobre la necesidad de una pol\u00edtica de Estado que, respetando las distintas competencias, armonice conceptos ante desaf\u00edos que han ser abordados cuanto antes. Barcelona quiere llevar a sus presupuestos para 2024 un aumento de las tasas, incluyendo apurar el m\u00e1ximo legal para cobrar por los cruceros de corta estancia. Mientras, Sevilla concedi\u00f3 en julio 16 nuevas licencias para reformar edificios con apartamentos tur\u00edsticos. El barrio sevillano de Santa Cruz es el primero de Espa\u00f1a con m\u00e1s pisos tur\u00edsticos que de residentes. Y en una ciudad cuyo casco hist\u00f3rico \u2014uno de los mayores de Europa\u2014 ve convertidas buen n\u00famero de calles en una sucesi\u00f3n de terrazas de bar. Mientras San Sebasti\u00e1n se plantea modificar el plan urban\u00edstico para declarar saturada su zona centro, el Gobierno balear derogar\u00e1 la moratoria que proh\u00edbe crear nuevas plazas hoteleras hasta 2026. Por su parte, su hom\u00f3logo valenciano pretende eliminar la tasa tur\u00edstica aprobada en noviembre.<\/p>\n<p style=\"text-align: justify;\">La saturaci\u00f3n de muchas ciudades es tal que se hace urgente una regulaci\u00f3n m\u00e1s estricta, en especial con los pisos tur\u00edsticos \u2014uno de los mayores focos de gentrificaci\u00f3n\u2014, si no queremos llegar a un modelo de prohibicionismo total. Las limitaciones de Nueva York a Airbnb, en la estela de grandes urbes como Par\u00eds, \u00c1msterdam o Londres, certifican que el exitoso modelo de plataformas est\u00e1 en el l\u00edmite de lo sostenible. Otro tanto sugiere el numerus clausus que empiezan a aplicar monumentos como el Parten\u00f3n.<\/p>\n<p style=\"text-align: justify;\">El sector es consciente del reto, por lo que habr\u00e1 que estar atentos al proyecto anunciado por la patronal para impulsar, con la vista puesta en 2024, una industria tur\u00edstica m\u00e1s ligada a la ciudadan\u00eda. El espacio p\u00fablico es de todos y de todos es la obligaci\u00f3n de evitar que se convierta en otro bien de usar y tirar. Autonom\u00edas y ayuntamientos deben reaccionar a los efectos m\u00e1s perversos del turismo con legislaciones razonables. Entre la turismofobia y las expectativas de un sector econ\u00f3mico clave, entre la libertad de quien viaja y la de quien se ve expulsado de su ciudad, ha de encontrarse un camino por el que avanzar con responsabilidad si no queremos que el modelo acabe muriendo de \u00e9xito.<\/p>\n<p>EL PAIS<\/p>\n<p>FOTO:https:\/\/www.ecologistasenaccion.org\/177188\/nuestros-gobernantes-apuestan-por-un-turismo-insostenible\/<\/p>\n","protected":false},"excerpt":{"rendered":"<p>La recuperaci\u00f3n del sector insta a abordar cuanto antes los efectos m\u00e1s nocivos de la&#8230;<\/p>\n","protected":false},"author":1,"featured_media":63984,"comment_status":"closed","ping_status":"closed","sticky":false,"template":"","format":"standard","meta":{"_coblocks_attr":"","_coblocks_dimensions":"","_coblocks_responsive_height":"","_coblocks_accordion_ie_support":"","jetpack_post_was_ever_published":false,"_jetpack_newsletter_access":"","_jetpack_dont_email_post_to_subs":false,"_jetpack_newsletter_tier_id":0,"_jetpack_memberships_contains_paywalled_content":false,"_jetpack_memberships_contains_paid_content":false,"footnotes":"","jetpack_publicize_message":"","jetpack_publicize_feature_enabled":true,"jetpack_social_post_already_shared":true,"jetpack_social_options":{"image_generator_settings":{"template":"highway","default_image_id":0,"enabled":false},"version":2}},"categories":[7725,44,7671],"tags":[2961,10492],"class_list":["post-63983","post","type-post","status-publish","format-standard","has-post-thumbnail","hentry","category-atarfe-sostenible","category-noticias-de-hoy","category-politica","tag-patronal","tag-turismo-sostenible"],"jetpack_publicize_connections":[],"jetpack_featured_media_url":"https:\/\/i0.wp.com\/miradordeatarfe.es\/wp-content\/uploads\/2023\/10\/turistificacion.jpg?fit=1280%2C720&ssl=1","jetpack_likes_enabled":true,"jetpack_sharing_enabled":true,"_links":{"self":[{"href":"https:\/\/miradordeatarfe.es\/index.php?rest_route=\/wp\/v2\/posts\/63983","targetHints":{"allow":["GET"]}}],"collection":[{"href":"https:\/\/miradordeatarfe.es\/index.php?rest_route=\/wp\/v2\/posts"}],"about":[{"href":"https:\/\/miradordeatarfe.es\/index.php?rest_route=\/wp\/v2\/types\/post"}],"author":[{"embeddable":true,"href":"https:\/\/miradordeatarfe.es\/index.php?rest_route=\/wp\/v2\/users\/1"}],"replies":[{"embeddable":true,"href":"https:\/\/miradordeatarfe.es\/index.php?rest_route=%2Fwp%2Fv2%2Fcomments&post=63983"}],"version-history":[{"count":1,"href":"https:\/\/miradordeatarfe.es\/index.php?rest_route=\/wp\/v2\/posts\/63983\/revisions"}],"predecessor-version":[{"id":63985,"href":"https:\/\/miradordeatarfe.es\/index.php?rest_route=\/wp\/v2\/posts\/63983\/revisions\/63985"}],"wp:featuredmedia":[{"embeddable":true,"href":"https:\/\/miradordeatarfe.es\/index.php?rest_route=\/wp\/v2\/media\/63984"}],"wp:attachment":[{"href":"https:\/\/miradordeatarfe.es\/index.php?rest_route=%2Fwp%2Fv2%2Fmedia&parent=63983"}],"wp:term":[{"taxonomy":"category","embeddable":true,"href":"https:\/\/miradordeatarfe.es\/index.php?rest_route=%2Fwp%2Fv2%2Fcategories&post=63983"},{"taxonomy":"post_tag","embeddable":true,"href":"https:\/\/miradordeatarfe.es\/index.php?rest_route=%2Fwp%2Fv2%2Ftags&post=63983"}],"curies":[{"name":"wp","href":"https:\/\/api.w.org\/{rel}","templated":true}]}}