{"id":63986,"date":"2023-10-26T11:10:11","date_gmt":"2023-10-26T09:10:11","guid":{"rendered":"https:\/\/miradordeatarfe.es\/?p=63986"},"modified":"2023-10-25T13:41:20","modified_gmt":"2023-10-25T11:41:20","slug":"el-chef-atarfeno-pablo-armando-aranda-aterriza-en-este-idilico-hotel-de-deia-refugio-de-lady-di-y-artista","status":"publish","type":"post","link":"https:\/\/miradordeatarfe.es\/?p=63986","title":{"rendered":"El chef Atarfe\u00f1o Pablo Armando Aranda aterriza en este id\u00edlico hotel de Deia, refugio de Lady Di y artista"},"content":{"rendered":"<h3 class=\"article-header__subheading\" style=\"text-align: justify;\">El espa\u00f1ol se ha puesto al frente de la cocina de El Olivo, uno de los restaurantes de La Residencia, que estrena tambi\u00e9n Tramuntana Grill, un rinc\u00f3n gastron\u00f3mico a orillas de su piscina.<\/h3>\n<p id=\"paragraph_1\" class=\"paragraph\" style=\"text-align: justify;\" data-mrf-recirculation=\"links-parrafos\">El verano que hemos dejado atr\u00e1s sirvi\u00f3 para asentar los nuevos comienzos de La Residencia, A Belmond Hotel, en <a href=\"https:\/\/www.elespanol.com\/cocinillas\/actualidad-gastronomica\/20230824\/restaurante-elkano-mejores-mundo-llega-mallorca-guethary\/789171148_0.html\" data-mrf-link=\"https:\/\/www.elespanol.com\/cocinillas\/actualidad-gastronomica\/20230824\/restaurante-elkano-mejores-mundo-llega-mallorca-guethary\/789171148_0.html\">Mallorca<\/a>, un hotel eterno como se espera de una temporada marcada por la llegada del <strong>chef Pablo Armando Aranda Moreno<\/strong> como chef ejecutivo del exclusivo <strong>restaurante El Olivo<\/strong>, uno de los m\u00e1s bonitos de la isla, ubicado en un molino de aceitunas del siglo XVII y que mantiene sus <strong>puertas abiertas hasta el pr\u00f3ximo 28 de octubre<\/strong>.<\/p>\n<p id=\"paragraph_2\" class=\"paragraph\" style=\"text-align: justify;\" data-mrf-recirculation=\"links-parrafos\">En su mochila trae la experiencia que le ha llevado hasta la estrella Michelin y su pasi\u00f3n por la cocina con ingredientes locales, fundamentales para dar sentido a la propuesta de este hotel ubicado en el entorno incomparable de la <strong>sierra de la Tramuntana, declarada Patrimonio de la Humanidad por la Unesco<\/strong>.<\/p>\n<h3 class=\"content__summary-title\" style=\"text-align: justify;\">Del mar a la monta\u00f1a, un viaje en el plato<\/h3>\n<p id=\"paragraph_3\" class=\"paragraph\" style=\"text-align: justify;\" data-mrf-recirculation=\"links-parrafos\">La carrera de Pablo ha evolucionado como la levadura con la que se ha criado desde el negocio familiar <strong>comenz\u00f3 a curtirse desde los 14 a\u00f1os<\/strong>. Su formaci\u00f3n concluy\u00f3 con un m\u00e1ster en el Basque Culinary Centre, y su experiencia profesional se completa con su paso tanto por restaurantes como por hoteles, inicialmente en Andaluc\u00eda y despu\u00e9s en Mallorca. A Mallorca lleg\u00f3 de la mano del<strong> chef Marc Frosh, con quien obtuvo la Estrella Michelin<\/strong>, y posteriormente trabaj\u00f3 en las cocinas de los galardonados <strong>Andreu Genestra y Fernando P\u00e9rez Arellano<\/strong>.<\/p>\n<div id=\"article-body-content\" class=\"article-body__content\" data-action=\"toggle\" data-status=\"on\">\n<div class=\"article-media \" style=\"text-align: justify;\"><img data-recalc-dims=\"1\" loading=\"lazy\" decoding=\"async\" class=\"alignleft\" src=\"https:\/\/i0.wp.com\/s1.eestatic.com\/2023\/09\/21\/actualidad\/796180621_236211322_1706x960.jpg?resize=320%2C180&#038;ssl=1\" sizes=\"auto, (max-width: 479px) 100vw, (max-width: 1023px) 80vw, 40vw\" srcset=\"https:\/\/s1.eestatic.com\/2023\/09\/21\/actualidad\/796180621_236211326_320x180.jpg 320w, https:\/\/s1.eestatic.com\/2023\/09\/21\/actualidad\/796180621_236211325_640x360.jpg 640w, https:\/\/s1.eestatic.com\/2023\/09\/21\/actualidad\/796180621_236211324_864x486.jpg 864w, https:\/\/s1.eestatic.com\/2023\/09\/21\/actualidad\/796180621_236211323_1024x576.jpg 1024w, https:\/\/s1.eestatic.com\/2023\/09\/21\/actualidad\/796180621_236211322_1706x960.jpg 1706w\" alt=\"Pablo Armando Aranda Moreno\" width=\"320\" height=\"180\" data-imgm=\"true\" \/><\/p>\n<div class=\"article-media__caption\">\n<p data-mrf-recirculation=\"links-parrafos\"><span class=\"article-media__caption-description\"> Pablo Armando Aranda Moreno <\/span><\/p>\n<\/div>\n<\/div>\n<p id=\"paragraph_4\" class=\"paragraph\" style=\"text-align: justify;\" data-mrf-recirculation=\"links-parrafos\" data-gtm-vis-recent-on-screen1664348_111=\"117825\" data-gtm-vis-first-on-screen1664348_111=\"117825\" data-gtm-vis-total-visible-time1664348_111=\"100\" data-gtm-vis-has-fired1664348_111=\"1\" data-gtm-vis-recent-on-screen1664348_107=\"117875\" data-gtm-vis-first-on-screen1664348_107=\"117875\" data-gtm-vis-total-visible-time1664348_107=\"100\" data-gtm-vis-has-fired1664348_107=\"1\">Aqu\u00ed, el cocinero granadino, continua su apuesta por el entorno, con presencia en todos los platos del nuevo men\u00fa de degustaci\u00f3n a los que les da un giro impulsado por su creatividad, pero sin venderse a las modas y tendencias y siempre con el producto como protagonista. <strong>Alta cocina mediterr\u00e1nea<\/strong> de la que nacen platos como el <strong>\u201cmenjar blanc\u201d mallorqu\u00edn<\/strong>, una crema de almendras con clorofila de berro y trufa local; el lomo de ternera con col, kale crujiente y yema de huevo curada con hierbas arom\u00e1ticas; y la famosa<strong> gamba roja mallorquina<\/strong> con consom\u00e9 de setas encurtidas y emulsi\u00f3n de naranja de S\u00f3ller.<\/p>\n<p id=\"paragraph_5\" class=\"paragraph\" style=\"text-align: justify;\" data-mrf-recirculation=\"links-parrafos\">\u00abEstoy encantado con la perspectiva de desarrollar mi propia oferta gastron\u00f3mica &#8211; siempre tratando de ser consistente y respetuoso con nuestro entorno y disfrutar de todo lo que Mallorca tiene que ofrecer en un contexto culinario. Tener la posibilidad de formar parte de la familia Belmond significa una referencia a nivel global para m\u00ed\u201d.<\/p>\n<div class=\"article-media \" style=\"text-align: justify;\">\n<div id=\"standard_3\" class=\"st-placement standard_3 inImage\">\n<div class=\"st-adunit st-adunit-tagged st-reset st-show\">\n<div class=\"st-adunit-ad st-reset\">\n<div class=\"st-display-render st-reset programmatic-direct 728x90\">\n<div class=\"st-canvas st-reset horizontal-static\">\u00a0<\/div>\n<\/div>\n<\/div>\n<\/div>\n<\/div>\n<p><img data-recalc-dims=\"1\" loading=\"lazy\" decoding=\"async\" class=\"alignleft\" src=\"https:\/\/i0.wp.com\/s1.eestatic.com\/2023\/09\/21\/actualidad\/796180616_236211177_1706x960.jpg?resize=320%2C180&#038;ssl=1\" sizes=\"auto, (max-width: 479px) 100vw, (max-width: 1023px) 80vw, 40vw\" srcset=\"https:\/\/s1.eestatic.com\/2023\/09\/21\/actualidad\/796180616_236211181_320x180.jpg 320w, https:\/\/s1.eestatic.com\/2023\/09\/21\/actualidad\/796180616_236211180_640x360.jpg 640w, https:\/\/s1.eestatic.com\/2023\/09\/21\/actualidad\/796180616_236211179_864x486.jpg 864w, https:\/\/s1.eestatic.com\/2023\/09\/21\/actualidad\/796180616_236211178_1024x576.jpg 1024w, https:\/\/s1.eestatic.com\/2023\/09\/21\/actualidad\/796180616_236211177_1706x960.jpg 1706w\" alt=\"La Residencia de Belmond\" width=\"320\" height=\"180\" data-imgm=\"true\" \/><\/p>\n<div class=\"article-media__caption\">\n<p data-mrf-recirculation=\"links-parrafos\"><span class=\"article-media__caption-description\"> La Residencia de Belmond <\/span><\/p>\n<\/div>\n<\/div>\n<p id=\"paragraph_6\" class=\"paragraph\" style=\"text-align: justify;\" data-mrf-recirculation=\"links-parrafos\">El joven chef se une a un <strong>equipo gastron\u00f3mico del hotel liderado<\/strong> por el chef ejecutivo <strong>Guillermo M\u00e9ndez<\/strong>, encargado de supervisar el correcto funcionamiento de los cuatro restaurantes de La Residencia y reforzar los pasos que se siguen dando en la carrera hacia la excelencia y el buen posicionamiento tanto dentro como fuera de la isla.\u00a0<\/p>\n<h3 class=\"content__summary-title\" style=\"text-align: justify;\">Local y a la parrilla\u00a0<\/h3>\n<p id=\"paragraph_7\" class=\"paragraph\" style=\"text-align: justify;\" data-mrf-recirculation=\"links-parrafos\" data-gtm-vis-recent-on-screen1664348_109=\"121569\" data-gtm-vis-first-on-screen1664348_109=\"121569\" data-gtm-vis-total-visible-time1664348_109=\"100\" data-gtm-vis-has-fired1664348_109=\"1\">Otra de las novedades que La Residencia, A Belmond Hotel, Mallorca, abrazaba este verano y que llegaban con la pasada primavera es el nuevo <strong>Tramuntana Grill<\/strong>, un cautivador restaurante a orillas de la piscina especializado en <strong>gastronom\u00eda local y de Km 0<\/strong> cocinada en el ic\u00f3nico <strong>horno de carb\u00f3n Josper<\/strong>. Desde pescados reci\u00e9n capturados del mar hasta marisco, pasando por carnes y verduras.<\/p>\n<p id=\"paragraph_8\" class=\"paragraph\" style=\"text-align: justify;\" data-mrf-recirculation=\"links-parrafos\">Los sabores ahumados son protagonistas de una carta que se disfruta en el ambiente elegante y bohemio que caracteriza a Belmond y que se bebe a partir de las<strong> m\u00e1s de 50 referencias de vinos locales, ecol\u00f3gicos e internacionales<\/strong>. Tambi\u00e9n hay <strong>c\u00f3cteles de autor<\/strong> para refrescarse\u00a0alrededor de la piscina.<\/p>\n<div class=\"article-media \" style=\"text-align: justify;\"><img data-recalc-dims=\"1\" loading=\"lazy\" decoding=\"async\" class=\"alignright\" src=\"https:\/\/i0.wp.com\/s1.eestatic.com\/2023\/09\/21\/actualidad\/796180619_236211264_1706x960.jpg?resize=320%2C180&#038;ssl=1\" sizes=\"auto, (max-width: 479px) 100vw, (max-width: 1023px) 80vw, 40vw\" srcset=\"https:\/\/s1.eestatic.com\/2023\/09\/21\/actualidad\/796180619_236211268_320x180.jpg 320w, https:\/\/s1.eestatic.com\/2023\/09\/21\/actualidad\/796180619_236211267_640x360.jpg 640w, https:\/\/s1.eestatic.com\/2023\/09\/21\/actualidad\/796180619_236211266_864x486.jpg 864w, https:\/\/s1.eestatic.com\/2023\/09\/21\/actualidad\/796180619_236211265_1024x576.jpg 1024w, https:\/\/s1.eestatic.com\/2023\/09\/21\/actualidad\/796180619_236211264_1706x960.jpg 1706w\" alt=\"LRS-REST-21\" width=\"320\" height=\"180\" data-imgm=\"true\" \/><\/p>\n<div class=\"article-media__caption\">\n<p data-mrf-recirculation=\"links-parrafos\"><span class=\"article-media__caption-description\"> LRS-REST-21 <\/span><\/p>\n<\/div>\n<\/div>\n<p id=\"paragraph_9\" class=\"paragraph\" style=\"text-align: justify;\" data-mrf-recirculation=\"links-parrafos\">Redise\u00f1ado\u00a0recientemente por el estudio local More Design con el sello que los caracteriza -la sabidur\u00eda de la arquitectura mediterr\u00e1nea llevada a lo contempor\u00e1neo-, el nuevo espacio recoge la <strong>esencia de la nueva Dei\u00e0, donde lo local y natural<\/strong> se dan la mano, y los d\u00edas se viven en clave sosegada.\u00a0<\/p>\n<p id=\"paragraph_10\" class=\"paragraph\" style=\"text-align: justify;\" data-mrf-recirculation=\"links-parrafos\">Icono de la exclusividad y la elegancia, La Residencia est\u00e1 ubicada en el pueblo de artistas de Dei\u00e0, entre la Sierra de Tramuntana y el Mediterr\u00e1neo, refugio desde hace tiempo para los ama<strong>ntes<\/strong> del arte contempor\u00e1neo, la naturaleza y la gastronom\u00eda.<\/p>\n<p style=\"text-align: justify;\">https:\/\/www.elespanol.com\/cocinillas\/actualidad-gastronomica\/20231001\/chef-pablo-armando-aranda-aterriza-idilico-hotel-deia-refugio-lady-di-artistas\/796170454_0.html<\/p>\n<\/div>\n","protected":false},"excerpt":{"rendered":"<p>El espa\u00f1ol se ha puesto al frente de la cocina de El Olivo, uno de&#8230;<\/p>\n","protected":false},"author":1,"featured_media":63987,"comment_status":"closed","ping_status":"closed","sticky":false,"template":"","format":"standard","meta":{"_coblocks_attr":"","_coblocks_dimensions":"","_coblocks_responsive_height":"","_coblocks_accordion_ie_support":"","jetpack_post_was_ever_published":false,"_jetpack_newsletter_access":"","_jetpack_dont_email_post_to_subs":false,"_jetpack_newsletter_tier_id":0,"_jetpack_memberships_contains_paywalled_content":false,"_jetpack_memberships_contains_paid_content":false,"footnotes":"","jetpack_publicize_message":"","jetpack_publicize_feature_enabled":true,"jetpack_social_post_already_shared":true,"jetpack_social_options":{"image_generator_settings":{"template":"highway","default_image_id":0,"enabled":false},"version":2}},"categories":[44,6539],"tags":[10756,5571,10755],"class_list":["post-63986","post","type-post","status-publish","format-standard","has-post-thumbnail","hentry","category-noticias-de-hoy","category-personajes-de-ataref","tag-cheff","tag-gastronomia","tag-pablo-armando-aranda-moreno"],"jetpack_publicize_connections":[],"jetpack_featured_media_url":"https:\/\/i0.wp.com\/miradordeatarfe.es\/wp-content\/uploads\/2023\/10\/Pablo-Armando-Aranda.jpg?fit=640%2C400&ssl=1","jetpack_likes_enabled":true,"jetpack_sharing_enabled":true,"_links":{"self":[{"href":"https:\/\/miradordeatarfe.es\/index.php?rest_route=\/wp\/v2\/posts\/63986","targetHints":{"allow":["GET"]}}],"collection":[{"href":"https:\/\/miradordeatarfe.es\/index.php?rest_route=\/wp\/v2\/posts"}],"about":[{"href":"https:\/\/miradordeatarfe.es\/index.php?rest_route=\/wp\/v2\/types\/post"}],"author":[{"embeddable":true,"href":"https:\/\/miradordeatarfe.es\/index.php?rest_route=\/wp\/v2\/users\/1"}],"replies":[{"embeddable":true,"href":"https:\/\/miradordeatarfe.es\/index.php?rest_route=%2Fwp%2Fv2%2Fcomments&post=63986"}],"version-history":[{"count":1,"href":"https:\/\/miradordeatarfe.es\/index.php?rest_route=\/wp\/v2\/posts\/63986\/revisions"}],"predecessor-version":[{"id":63988,"href":"https:\/\/miradordeatarfe.es\/index.php?rest_route=\/wp\/v2\/posts\/63986\/revisions\/63988"}],"wp:featuredmedia":[{"embeddable":true,"href":"https:\/\/miradordeatarfe.es\/index.php?rest_route=\/wp\/v2\/media\/63987"}],"wp:attachment":[{"href":"https:\/\/miradordeatarfe.es\/index.php?rest_route=%2Fwp%2Fv2%2Fmedia&parent=63986"}],"wp:term":[{"taxonomy":"category","embeddable":true,"href":"https:\/\/miradordeatarfe.es\/index.php?rest_route=%2Fwp%2Fv2%2Fcategories&post=63986"},{"taxonomy":"post_tag","embeddable":true,"href":"https:\/\/miradordeatarfe.es\/index.php?rest_route=%2Fwp%2Fv2%2Ftags&post=63986"}],"curies":[{"name":"wp","href":"https:\/\/api.w.org\/{rel}","templated":true}]}}