{"id":64187,"date":"2023-10-26T11:00:12","date_gmt":"2023-10-26T09:00:12","guid":{"rendered":"https:\/\/miradordeatarfe.es\/?p=64187"},"modified":"2023-10-25T13:21:42","modified_gmt":"2023-10-25T11:21:42","slug":"la-exposicion-de-mil-anos-de-madinat-ilbira","status":"publish","type":"post","link":"https:\/\/miradordeatarfe.es\/?p=64187","title":{"rendered":"La exposici\u00f3n de \u00abMil a\u00f1os de Madinat Ilbira\u00bb"},"content":{"rendered":"<div class=\"et_pb_module et_pb_text et_pb_text_2  et_pb_text_align_left et_pb_bg_layout_light\">\n<div class=\"et_pb_text_inner\">\n<h3>Esta exposici\u00f3n se celebr\u00f3 el 4 de octubre de 2013 al 16 de febrero de 2014\u00a0 <strong>en la Sala Leonardo. Parque de las Ciencias de Granada. Granada. <\/strong>N\u00ba de piezas expuestas: <strong>400 <\/strong>N\u00ba de visitantes:<strong> M\u00e1s de 65.000.<\/strong><\/h3>\n<div class=\"et_pb_module et_pb_text et_pb_text_3  et_pb_text_align_left et_pb_bg_layout_light\">\n<div class=\"et_pb_text_inner\">\n<p style=\"text-align: justify;\">Madinat Ilbira (Medina Elvira) es un yacimiento arqueol\u00f3gico que oculta los restos de una de las primeras ciudades de al-Andalus y que abarca un arco cronol\u00f3gico desde el siglo VIII al XI, con antecedentes de \u00e9poca antigua. Se ubica entre los municipios de Atarfe y Pinos Puente.<\/p>\n<p style=\"text-align: justify;\">Esta exposici\u00f3n, comisariada por el catedr\u00e1tico Antonio Malpica Cuello, adem\u00e1s de recoger todos los hallazgos del yacimiento, mostr\u00f3 el resultado de los trabajos de investigaci\u00f3n desarrollados en los \u00faltimos a\u00f1os a cargo del grupo de investigaci\u00f3n Toponimia, Historia y Arqueolog\u00eda del Reino de Granada, que han permitido conocer los procesos de transformaci\u00f3n de la Antig\u00fcedad Tard\u00eda a la Alta Edad Media.<\/p>\n<p style=\"text-align: justify;\">La exposici\u00f3n tuvo por objetivo dar a conocer el yacimiento, aproximarlo y sensibilizar a toda la ciudadan\u00eda, para lo cual emple\u00f3 muchos y muy diferentes recursos: textos, fotograf\u00edas, objetos arqueol\u00f3gicos, collages, mapas, reconstrucciones, v\u00eddeos, animaciones, etc. Junto a las numerosas piezas arqueol\u00f3gicas procedentes de este yacimiento, encontradas ya desde el siglo XIX, la exposici\u00f3n mostr\u00f3 la mayor parte de las halladas en las \u00faltimas excavaciones, para lo cual se realiz\u00f3 expresamente la restauraci\u00f3n de las mismas.<\/p>\n<div class=\"o9v6fnle cxmmr5t8 oygrvhab hcukyx3x c1et5uql ii04i59q\">\n<div dir=\"auto\">Junto a la exposici\u00f3n se puso a la venta este cat\u00e1logo, que acompa\u00f1a a la exposici\u00f3n \u00abMil A\u00f1os de Madinat Ilibra\u00bb, muestra los resultados de las investigaciones realizadas en el yacimiento en la \u00faltima d\u00e9cada, que han ampliado los conocimientos que hasta ahora se ten\u00edan del establecimiento del mundo \u00e1rabe en la pen\u00ednsula.<\/div>\n<div dir=\"auto\">\u00a0<\/div>\n<\/div>\n<div class=\"o9v6fnle cxmmr5t8 oygrvhab hcukyx3x c1et5uql ii04i59q\">\n<div dir=\"auto\">Una obra imprescindible para conocer el pasado y origen de nuestro Pueblo. Cat\u00e1logo de la exposici\u00f3n celebrada en el Parque de las Ciencias de Granada entre octubre de 2013 y febrero de 2014 sobre la antigua ciudad andalus\u00ed de Madinat Ilbira.Dicho libro est\u00e1 agotado.<\/div>\n<\/div>\n<div class=\"o9v6fnle cxmmr5t8 oygrvhab hcukyx3x c1et5uql ii04i59q\">\n<div dir=\"auto\">\u00a0<\/div>\n<div dir=\"auto\">Puedes descargarlo en el siguiente enlace:<\/div>\n<div dir=\"auto\">\u00a0<\/div>\n<\/div>\n<div class=\"o9v6fnle cxmmr5t8 oygrvhab hcukyx3x c1et5uql ii04i59q\">\n<h3 dir=\"auto\"><a class=\"oajrlxb2 g5ia77u1 qu0x051f esr5mh6w e9989ue4 r7d6kgcz rq0escxv nhd2j8a9 nc684nl6 p7hjln8o kvgmc6g5 cxmmr5t8 oygrvhab hcukyx3x jb3vyjys rz4wbd8a qt6c0cv9 a8nywdso i1ao9s8h esuyzwwr f1sip0of lzcic4wl py34i1dx gpro0wi8\" tabindex=\"0\" role=\"link\" href=\"http:\/\/www.atarfe.es\/pdf\/mil-anos-madinat-ilbira.pdf?fbclid=IwAR3Z23EAH3_wtL2zT3Fj81cr3dL7RmpC7s3Aef2smlZoUpabuyzYR7d2DWM\" target=\"_blank\" rel=\"nofollow noopener noreferrer\">www.atarfe.es\/pdf\/mil-anos-madinat-ilbira.pdf<\/a><\/h3>\n<\/div>\n<\/div>\n<\/div>\n<\/div>\n<\/div>\n","protected":false},"excerpt":{"rendered":"<p>Esta exposici\u00f3n se celebr\u00f3 el 4 de octubre de 2013 al 16 de febrero de&#8230;<\/p>\n","protected":false},"author":1,"featured_media":64188,"comment_status":"closed","ping_status":"closed","sticky":false,"template":"","format":"standard","meta":{"_coblocks_attr":"","_coblocks_dimensions":"","_coblocks_responsive_height":"","_coblocks_accordion_ie_support":"","jetpack_post_was_ever_published":false,"_jetpack_newsletter_access":"","_jetpack_dont_email_post_to_subs":false,"_jetpack_newsletter_tier_id":0,"_jetpack_memberships_contains_paywalled_content":false,"_jetpack_memberships_contains_paid_content":false,"footnotes":"","jetpack_publicize_message":"","jetpack_publicize_feature_enabled":true,"jetpack_social_post_already_shared":true,"jetpack_social_options":{"image_generator_settings":{"template":"highway","default_image_id":0,"enabled":false},"version":2}},"categories":[1225,5359,44],"tags":[10779,235],"class_list":["post-64187","post","type-post","status-publish","format-standard","has-post-thumbnail","hentry","category-ha-de-atarfe","category-madinat-ilbira","category-noticias-de-hoy","tag-catalogo-de-la-exposicion","tag-exposicion"],"jetpack_publicize_connections":[],"jetpack_featured_media_url":"https:\/\/i0.wp.com\/miradordeatarfe.es\/wp-content\/uploads\/2023\/10\/01-madinat-ilbira.jpg?fit=1200%2C798&ssl=1","jetpack_likes_enabled":true,"jetpack_sharing_enabled":true,"_links":{"self":[{"href":"https:\/\/miradordeatarfe.es\/index.php?rest_route=\/wp\/v2\/posts\/64187","targetHints":{"allow":["GET"]}}],"collection":[{"href":"https:\/\/miradordeatarfe.es\/index.php?rest_route=\/wp\/v2\/posts"}],"about":[{"href":"https:\/\/miradordeatarfe.es\/index.php?rest_route=\/wp\/v2\/types\/post"}],"author":[{"embeddable":true,"href":"https:\/\/miradordeatarfe.es\/index.php?rest_route=\/wp\/v2\/users\/1"}],"replies":[{"embeddable":true,"href":"https:\/\/miradordeatarfe.es\/index.php?rest_route=%2Fwp%2Fv2%2Fcomments&post=64187"}],"version-history":[{"count":1,"href":"https:\/\/miradordeatarfe.es\/index.php?rest_route=\/wp\/v2\/posts\/64187\/revisions"}],"predecessor-version":[{"id":64189,"href":"https:\/\/miradordeatarfe.es\/index.php?rest_route=\/wp\/v2\/posts\/64187\/revisions\/64189"}],"wp:featuredmedia":[{"embeddable":true,"href":"https:\/\/miradordeatarfe.es\/index.php?rest_route=\/wp\/v2\/media\/64188"}],"wp:attachment":[{"href":"https:\/\/miradordeatarfe.es\/index.php?rest_route=%2Fwp%2Fv2%2Fmedia&parent=64187"}],"wp:term":[{"taxonomy":"category","embeddable":true,"href":"https:\/\/miradordeatarfe.es\/index.php?rest_route=%2Fwp%2Fv2%2Fcategories&post=64187"},{"taxonomy":"post_tag","embeddable":true,"href":"https:\/\/miradordeatarfe.es\/index.php?rest_route=%2Fwp%2Fv2%2Ftags&post=64187"}],"curies":[{"name":"wp","href":"https:\/\/api.w.org\/{rel}","templated":true}]}}