{"id":64200,"date":"2023-10-23T08:37:01","date_gmt":"2023-10-23T06:37:01","guid":{"rendered":"https:\/\/miradordeatarfe.es\/?p=64200"},"modified":"2023-10-20T13:41:43","modified_gmt":"2023-10-20T11:41:43","slug":"junta-y-universidad-fomentan-la-convivencia-solidaria-entre-estudiantes-universitarios-y-personas-mayores-o-con-discapacidad","status":"publish","type":"post","link":"https:\/\/miradordeatarfe.es\/?p=64200","title":{"rendered":"Junta y Universidad fomentan la convivencia solidaria entre estudiantes universitarios y personas mayores o con discapacidad"},"content":{"rendered":"<div class=\"entry-content\">\n<section class=\"container\" role=\"document\">\n<div class=\"row\">\n<div class=\"small-12 large-8 columns\" role=\"main\">\n<article id=\"post-407567\" class=\"post-407567 noticia type-noticia status-publish has-post-thumbnail hentry categoria_canalugr-ugractualidad\">\n<div class=\"entry-content\">\n<p style=\"text-align: justify;\"><strong>La delegada de Inclusi\u00f3n Social y el rector firman la adenda al convenio de colaboraci\u00f3n para el programa de alojamientos alternativos<\/strong><\/p>\n<p style=\"text-align: justify;\">La delegada de Inclusi\u00f3n Social, Juventud, Familias e Igualdad de la Junta de Andaluc\u00eda, Matilde Ortiz, y el rector de la Universidad de Granada (UGR), Pedro Mercado, han firmado hoy en la sede de la Junta de Andaluc\u00eda la adenda al convenio de colaboraci\u00f3n entre la Consejer\u00eda y la UGR para el programa de alojamientos alternativos entre el estudiantado universitario y las personas mayores y\/o con discapacidad.<\/p>\n<p style=\"text-align: justify;\">Esta colaboraci\u00f3n entre la Junta de Andaluc\u00eda y la Universidad consiste en organizar y respaldar la convivencia gratuita y solidaria entre personas mayores o con discapacidad, que ofrecen sus domicilios, y estudiantado universitario que ofrece, a su vez, compa\u00f1\u00eda y colaboraci\u00f3n en diferentes tareas, como acompa\u00f1amiento a citas m\u00e9dicas y otras gestiones.<\/p>\n<p style=\"text-align: justify;\">Matilde Ortiz ha explicado que los objetivos del programa son \u201cfomentar la ayuda mutua entre ambos colectivos aunando alojamiento con solidaridad, fomentar el intercambio de conocimientos y experiencia, as\u00ed como paliar problemas econ\u00f3micos que tienen alguno estudiantes para hacer frente al alojamiento mientras desarrollan sus estudios, adem\u00e1s de mejorar la situaci\u00f3n de soledad no deseada que presentan muchas personas mayores y\/o con discapacidad\u201d.<\/p>\n<p style=\"text-align: justify;\">La delegada ha asegurado que con la firma de esta adenda \u201cse contin\u00faa con el trabajo que desde la Consejer\u00eda se esta realizando en pro de que nuestros mayores, para que permanezcan el m\u00e1ximo de tiempo posible en sus casas, en su entorno y cercanos al sitio que ha sido siempre su vida, y a su vez, para combatir la soledad no deseada\u201d.<\/p>\n<p style=\"text-align: justify;\">Por su parte, el rector de la Universidad de Granada ha se\u00f1alado que la firma de la adenda a este convenio \u201cabre posibilidades a necesidades que son diversas, en una comunidad universitaria con m\u00e1s de 60.000 estudiantes, donde m\u00e1s de la mitad procede de fuera de Granada y tiene la necesidad de buscar alojamiento, y al mismo tiempo la necesidad de muchas personas mayores, de cuidado y compa\u00f1\u00eda\u201d.<\/p>\n<p style=\"text-align: justify;\">\u201cEs un programa de ayuda mutua que se ha convertido en una experiencia intergeneracional solidaria, un reto de solidaridad que desde la Universidad de Granada queremos fomentar\u201d, ha declarado el rector, quien ha a\u00f1adido que \u201ccon este servicio, que supone un gran compromiso social, seguimos con el objetivo de ser una universidad ciudadana que en todas sus facetas est\u00e9 al lado de la ciudadan\u00eda\u201d<\/p>\n<p style=\"text-align: justify;\">A trav\u00e9s de este programa de alojamiento alternativo, desde el a\u00f1o 2006 se han producido 194 convivencias en Granada. Actualmente, para este curso, hay 11 personas mayores, de entre 70 y 80 a\u00f1os, y el programa est\u00e1 abierto a nuevas solicitudes.<\/p>\n<p style=\"text-align: justify;\">Las solicitudes del estudiantado se podr\u00e1n presentar durante todo el a\u00f1o en la sede electr\u00f3nica de la Universidad de Granada. En el caso de las personas mayores, deben dirigirse a la Delegaci\u00f3n Territorial de Inclusi\u00f3n, Juventud Familias e Igualdad de Granada.<\/p>\n<p>V\u00cdDEO:<\/p>\n<p><span class=\"embed-youtube\"><iframe loading=\"lazy\" class=\"youtube-player\" src=\"https:\/\/www.youtube.com\/embed\/-kF?version=3&amp;rel=1&amp;showsearch=0&amp;showinfo=1&amp;iv_load_policy=1&amp;fs=1&amp;hl=es-ES&amp;autohide=2&amp;wmode=transparent\" width=\"640\" height=\"360\" sandbox=\"allow-scripts allow-same-origin allow-popups allow-presentation\" allowfullscreen=\"allowfullscreen\" data-mce-fragment=\"1\"><\/iframe><\/span><\/p>\n<div class=\"wp-block-image\">\u00a0<\/div>\n<div>\n<div id=\"gallery-1\" class=\"gallery galleryid-407567 gallery-columns-3 gallery-size-thumbnail\">\n<dl class=\"gallery-item\">\n<dt class=\"gallery-icon landscape\"><a href=\"https:\/\/i0.wp.com\/canal.ugr.es\/wp-content\/uploads\/2023\/10\/Image-4-1.jpg?ssl=1\"><img loading=\"lazy\" decoding=\"async\" class=\"attachment-thumbnail size-thumbnail\" src=\"https:\/\/i0.wp.com\/canal.ugr.es\/wp-content\/uploads\/2023\/10\/Image-4-1.jpg?resize=360%2C360&amp;ssl=1\" sizes=\"auto, (max-width: 360px) 100vw, 360px\" srcset=\"https:\/\/i0.wp.com\/canal.ugr.es\/wp-content\/uploads\/2023\/10\/Image-4-1.jpg?resize=360%2C360&amp;ssl=1 360w, https:\/\/i0.wp.com\/canal.ugr.es\/wp-content\/uploads\/2023\/10\/Image-4-1.jpg?zoom=2&amp;resize=360%2C360&amp;ssl=1 720w, https:\/\/i0.wp.com\/canal.ugr.es\/wp-content\/uploads\/2023\/10\/Image-4-1.jpg?zoom=3&amp;resize=360%2C360&amp;ssl=1 1080w\" alt=\"\" width=\"360\" height=\"360\" \/><\/a><\/dt>\n<\/dl>\n<dl class=\"gallery-item\">\n<dt class=\"gallery-icon landscape\"><a href=\"https:\/\/i0.wp.com\/canal.ugr.es\/wp-content\/uploads\/2023\/10\/Image-3.jpg?ssl=1\"><img loading=\"lazy\" decoding=\"async\" class=\"attachment-thumbnail size-thumbnail\" src=\"https:\/\/i0.wp.com\/canal.ugr.es\/wp-content\/uploads\/2023\/10\/Image-3.jpg?resize=360%2C360&amp;ssl=1\" sizes=\"auto, (max-width: 360px) 100vw, 360px\" srcset=\"https:\/\/i0.wp.com\/canal.ugr.es\/wp-content\/uploads\/2023\/10\/Image-3.jpg?resize=360%2C360&amp;ssl=1 360w, https:\/\/i0.wp.com\/canal.ugr.es\/wp-content\/uploads\/2023\/10\/Image-3.jpg?zoom=2&amp;resize=360%2C360&amp;ssl=1 720w, https:\/\/i0.wp.com\/canal.ugr.es\/wp-content\/uploads\/2023\/10\/Image-3.jpg?zoom=3&amp;resize=360%2C360&amp;ssl=1 1080w\" alt=\"\" width=\"360\" height=\"360\" \/><\/a><\/dt>\n<\/dl>\n<dl class=\"gallery-item\">\n<dt class=\"gallery-icon landscape\"><a href=\"https:\/\/i0.wp.com\/canal.ugr.es\/wp-content\/uploads\/2023\/10\/Image-1-2.jpg?ssl=1\"><img loading=\"lazy\" decoding=\"async\" class=\"attachment-thumbnail size-thumbnail\" src=\"https:\/\/i0.wp.com\/canal.ugr.es\/wp-content\/uploads\/2023\/10\/Image-1-2.jpg?resize=360%2C360&amp;ssl=1\" sizes=\"auto, (max-width: 360px) 100vw, 360px\" srcset=\"https:\/\/i0.wp.com\/canal.ugr.es\/wp-content\/uploads\/2023\/10\/Image-1-2.jpg?resize=360%2C360&amp;ssl=1 360w, https:\/\/i0.wp.com\/canal.ugr.es\/wp-content\/uploads\/2023\/10\/Image-1-2.jpg?zoom=2&amp;resize=360%2C360&amp;ssl=1 720w, https:\/\/i0.wp.com\/canal.ugr.es\/wp-content\/uploads\/2023\/10\/Image-1-2.jpg?zoom=3&amp;resize=360%2C360&amp;ssl=1 1080w\" alt=\"\" width=\"360\" height=\"360\" \/><\/a><\/dt>\n<\/dl>\n\n<dl class=\"gallery-item\">\n<dt class=\"gallery-icon landscape\"><a href=\"https:\/\/i0.wp.com\/canal.ugr.es\/wp-content\/uploads\/2023\/10\/Image-5-1.jpg?ssl=1\"><img loading=\"lazy\" decoding=\"async\" class=\"attachment-thumbnail size-thumbnail\" src=\"https:\/\/i0.wp.com\/canal.ugr.es\/wp-content\/uploads\/2023\/10\/Image-5-1.jpg?resize=360%2C360&amp;ssl=1\" sizes=\"auto, (max-width: 360px) 100vw, 360px\" srcset=\"https:\/\/i0.wp.com\/canal.ugr.es\/wp-content\/uploads\/2023\/10\/Image-5-1.jpg?resize=360%2C360&amp;ssl=1 360w, https:\/\/i0.wp.com\/canal.ugr.es\/wp-content\/uploads\/2023\/10\/Image-5-1.jpg?zoom=2&amp;resize=360%2C360&amp;ssl=1 720w, https:\/\/i0.wp.com\/canal.ugr.es\/wp-content\/uploads\/2023\/10\/Image-5-1.jpg?zoom=3&amp;resize=360%2C360&amp;ssl=1 1080w\" alt=\"\" width=\"360\" height=\"360\" \/><\/a><\/dt>\n<\/dl>\n<\/div>\n<\/div>\n<\/div>\n<footer><\/footer>\n<\/article>\n<\/div>\n<\/div>\n<\/section>\n<div id=\"footer-container\" class=\"waypoint\">\n<footer id=\"footer\">\n<div class=\"row\">\n<div class=\"small-12 large-3 columns\">\n<nav class=\"menu-footer text-heavy\">\n<div class=\"menu-canalugr-footer-menu-container\">\n<p>https:\/\/canal.ugr.es\/noticia\/junta-y-universidad-fomentan-la-convivencia-solidaria-entre-estudiantes-universitarios-y-personas-mayores-o-con-discapacidad\/<\/p>\n<\/div>\n<\/nav>\n<\/div>\n<\/div>\n<\/footer>\n<\/div>\n<\/div>\n","protected":false},"excerpt":{"rendered":"<p>La delegada de Inclusi\u00f3n Social y el rector firman la adenda al convenio de colaboraci\u00f3n&#8230;<\/p>\n","protected":false},"author":1,"featured_media":64201,"comment_status":"closed","ping_status":"closed","sticky":false,"template":"","format":"standard","meta":{"_coblocks_attr":"","_coblocks_dimensions":"","_coblocks_responsive_height":"","_coblocks_accordion_ie_support":"","jetpack_post_was_ever_published":false,"_jetpack_newsletter_access":"","_jetpack_dont_email_post_to_subs":false,"_jetpack_newsletter_tier_id":0,"_jetpack_memberships_contains_paywalled_content":false,"_jetpack_memberships_contains_paid_content":false,"footnotes":"","jetpack_publicize_message":"","jetpack_publicize_feature_enabled":true,"jetpack_social_post_already_shared":true,"jetpack_social_options":{"image_generator_settings":{"template":"highway","default_image_id":0,"enabled":false},"version":2}},"categories":[1161,44,10],"tags":[],"class_list":["post-64200","post","type-post","status-publish","format-standard","has-post-thumbnail","hentry","category-ciudadania","category-noticias-de-hoy","category-salud"],"jetpack_publicize_connections":[],"jetpack_featured_media_url":"https:\/\/i0.wp.com\/miradordeatarfe.es\/wp-content\/uploads\/2023\/10\/Image-2.webp?fit=1280%2C853&ssl=1","jetpack_likes_enabled":true,"jetpack_sharing_enabled":true,"_links":{"self":[{"href":"https:\/\/miradordeatarfe.es\/index.php?rest_route=\/wp\/v2\/posts\/64200","targetHints":{"allow":["GET"]}}],"collection":[{"href":"https:\/\/miradordeatarfe.es\/index.php?rest_route=\/wp\/v2\/posts"}],"about":[{"href":"https:\/\/miradordeatarfe.es\/index.php?rest_route=\/wp\/v2\/types\/post"}],"author":[{"embeddable":true,"href":"https:\/\/miradordeatarfe.es\/index.php?rest_route=\/wp\/v2\/users\/1"}],"replies":[{"embeddable":true,"href":"https:\/\/miradordeatarfe.es\/index.php?rest_route=%2Fwp%2Fv2%2Fcomments&post=64200"}],"version-history":[{"count":1,"href":"https:\/\/miradordeatarfe.es\/index.php?rest_route=\/wp\/v2\/posts\/64200\/revisions"}],"predecessor-version":[{"id":64202,"href":"https:\/\/miradordeatarfe.es\/index.php?rest_route=\/wp\/v2\/posts\/64200\/revisions\/64202"}],"wp:featuredmedia":[{"embeddable":true,"href":"https:\/\/miradordeatarfe.es\/index.php?rest_route=\/wp\/v2\/media\/64201"}],"wp:attachment":[{"href":"https:\/\/miradordeatarfe.es\/index.php?rest_route=%2Fwp%2Fv2%2Fmedia&parent=64200"}],"wp:term":[{"taxonomy":"category","embeddable":true,"href":"https:\/\/miradordeatarfe.es\/index.php?rest_route=%2Fwp%2Fv2%2Fcategories&post=64200"},{"taxonomy":"post_tag","embeddable":true,"href":"https:\/\/miradordeatarfe.es\/index.php?rest_route=%2Fwp%2Fv2%2Ftags&post=64200"}],"curies":[{"name":"wp","href":"https:\/\/api.w.org\/{rel}","templated":true}]}}