{"id":64203,"date":"2023-10-23T10:42:04","date_gmt":"2023-10-23T08:42:04","guid":{"rendered":"https:\/\/miradordeatarfe.es\/?p=64203"},"modified":"2023-10-20T13:47:59","modified_gmt":"2023-10-20T11:47:59","slug":"analizar-y-corregir-las-decisiones-educativas","status":"publish","type":"post","link":"https:\/\/miradordeatarfe.es\/?p=64203","title":{"rendered":"Analizar y corregir las decisiones educativas"},"content":{"rendered":"<h3 style=\"text-align: justify;\">El biling\u00fcismo en ingl\u00e9s es una de las iniciativas educativas que prueban c\u00f3mo se toman muchas veces las decisiones en educaci\u00f3n: por intuici\u00f3n y sin dedicar el tiempo y los esfuerzos necesarios para comprobar los efectos de una medida.<\/h3>\n<p style=\"text-align: justify;\">Los programas biling\u00fces que existen, con grados muy variables de expansi\u00f3n en todas las comunidades aut\u00f3nomas, empezaron a ponerse en marcha a principios de este siglo con el objetivo principal de elevar el nivel de manejo del idioma entre la poblaci\u00f3n espa\u00f1ola, en el que tradicionalmente ha flaqueado.<\/p>\n<p style=\"text-align: justify;\">A lo largo de los a\u00f1os, la comunidad educativa ha criticado cuestiones como la falta de an\u00e1lisis sobre los efectos que ello estaba produciendo en el aprendizaje \u2014propaganda de algunas administraciones educativas aparte\u2014, y han advertido de problemas <a href=\"http:\/\/t.newsletter.elpais.com\/r\/?id=h7492bac3,c198d2c,4be3eb7&amp;p1=educacion_2023.10.17_2&amp;p2=educacion_2023.10.17_2\" target=\"_blank\" rel=\"noopener\" data-saferedirecturl=\"https:\/\/www.google.com\/url?q=http:\/\/t.newsletter.elpais.com\/r\/?id%3Dh7492bac3,c198d2c,4be3eb7%26p1%3Deducacion_2023.10.17_2%26p2%3Deducacion_2023.10.17_2&amp;source=gmail&amp;ust=1697800279623000&amp;usg=AOvVaw0H1HwN0aMIjDe3WcuSEc0i\">como la p\u00e9rdida de profundidad en los conocimientos<\/a> que adquiere el alumnado en determinadas materias, la falta de nivel exigido al profesorado como requisito para poder dar las clases en ingl\u00e9s, o la segregaci\u00f3n que se produc\u00eda por el hecho de que las familias que carec\u00edan de medios para pagar extraescolares en ingl\u00e9s evitaban llevar a sus hijos a los programas biling\u00fces por miedo a que no pudieran seguir el ritmo y fracasaran.<\/p>\n<p style=\"text-align: justify;\">Un reciente estudio <a href=\"http:\/\/t.newsletter.elpais.com\/r\/?id=h7492bac3,c198d2c,4be3eb8&amp;p1=educacion_2023.10.17_2&amp;p2=educacion_2023.10.17_2\" target=\"_blank\" rel=\"noopener\" data-saferedirecturl=\"https:\/\/www.google.com\/url?q=http:\/\/t.newsletter.elpais.com\/r\/?id%3Dh7492bac3,c198d2c,4be3eb8%26p1%3Deducacion_2023.10.17_2%26p2%3Deducacion_2023.10.17_2&amp;source=gmail&amp;ust=1697800279623000&amp;usg=AOvVaw0uXMRDNP8tHem8G4-_8GjU\">publicado por investigadores de la Universidad de C\u00f3rdoba<\/a> ha a\u00f1adido otro pero: tras analizar d\u00f3nde se ubican los centros que han optado (es una decisi\u00f3n voluntaria) por sumarse al programa biling\u00fce han concluido que estos se concentran mucho m\u00e1s en los barrios acomodados y en centros concertados que en escuelas p\u00fablicas y en zonas de clase trabajadora o econ\u00f3micamente deprimidas. Es decir, que un programa planteado en su d\u00eda, en parte, para compensar la falta de conocimiento de ingl\u00e9s del alumnado menos favorecidos ha acabado beneficiando sobre todo a la clase media alta y a clase alta. Y los centros a los que asisten estos estudiantes son los que han absorbido la mayor parte de los recursos adicionales puestos sobre la mesa por la Junta de Andaluc\u00eda para financiar el programa.<\/p>\n<p style=\"text-align: justify;\">\u200cUna de las cosas sorprendentes, comentaba uno de los autores, Alberto \u00c1lvarez-Sotomayor, es que la propia administraci\u00f3n auton\u00f3mica no hubiera reparado en ello, o habi\u00e9ndolo hecho no hubiera tomado medidas para corregirlo, casi dos d\u00e9cadas despu\u00e9s de aprobar la normativa del programa.<\/p>\n<div class=\"a_md_txt\">\n<div class=\"a_md_a\" data-dtm-region=\"articulo_firma\"><a class=\"a_md_a_n\" title=\"Ver todas las noticias de Ignacio Zafra\" href=\"https:\/\/elpais.com\/autor\/ignacio-zafra\/#?rel=author_top\" data-mrf-link=\"https:\/\/elpais.com\/autor\/ignacio-zafra\/\">Ignacio Zafra<\/a><\/div>\n<\/div>\n<p>EDUCACI\u00d3N EL PAIS<\/p>\n<p><a href=\"https:\/\/elpais.com\/educacion\/2023-10-03\/el-bilinguismo-escolar-fracasa-en-su-objetivo-de-democratizar-el-aprendizaje-de-ingles.html?sma=educacion_2023.10.17_2&amp;utm_medium=email&amp;utm_source=newsletter&amp;utm_campaign=educacion_2023.10.17_2\">https:\/\/elpais.com\/educacion\/2023-10-03\/el-bilinguismo-escolar-fracasa-en-su-objetivo-de-democratizar-el-aprendizaje-de-ingles.html?sma=educacion_2023.10.17_2&amp;utm_medium=email&amp;utm_source=newsletter&amp;utm_campaign=educacion_2023.10.17_2<\/a><\/p>\n<p style=\"text-align: justify;\">foto: Un colegio p\u00fablico de Sevilla. \/ PACO PUENTES<\/p>\n<p>&nbsp;<\/p>\n","protected":false},"excerpt":{"rendered":"<p>El biling\u00fcismo en ingl\u00e9s es una de las iniciativas educativas que prueban c\u00f3mo se toman&#8230;<\/p>\n","protected":false},"author":1,"featured_media":64206,"comment_status":"closed","ping_status":"closed","sticky":false,"template":"","format":"standard","meta":{"_coblocks_attr":"","_coblocks_dimensions":"","_coblocks_responsive_height":"","_coblocks_accordion_ie_support":"","jetpack_post_was_ever_published":false,"_jetpack_newsletter_access":"","_jetpack_dont_email_post_to_subs":false,"_jetpack_newsletter_tier_id":0,"_jetpack_memberships_contains_paywalled_content":false,"_jetpack_memberships_contains_paid_content":false,"footnotes":"","jetpack_publicize_message":"","jetpack_publicize_feature_enabled":true,"jetpack_social_post_already_shared":true,"jetpack_social_options":{"image_generator_settings":{"template":"highway","default_image_id":0,"enabled":false},"version":2}},"categories":[187,44,7671],"tags":[226,27],"class_list":["post-64203","post","type-post","status-publish","format-standard","has-post-thumbnail","hentry","category-centros-educativos","category-noticias-de-hoy","category-politica","tag-bilinguismo","tag-educacion"],"jetpack_publicize_connections":[],"jetpack_featured_media_url":"https:\/\/i0.wp.com\/miradordeatarfe.es\/wp-content\/uploads\/2023\/10\/Screenshot-2023-10-20-at-13-46-19-El-bilinguismo-escolar-fracasa-en-su-objetivo-de-generalizar-el-aprendizaje-de-ingles.png?fit=679%2C518&ssl=1","jetpack_likes_enabled":true,"jetpack_sharing_enabled":true,"_links":{"self":[{"href":"https:\/\/miradordeatarfe.es\/index.php?rest_route=\/wp\/v2\/posts\/64203","targetHints":{"allow":["GET"]}}],"collection":[{"href":"https:\/\/miradordeatarfe.es\/index.php?rest_route=\/wp\/v2\/posts"}],"about":[{"href":"https:\/\/miradordeatarfe.es\/index.php?rest_route=\/wp\/v2\/types\/post"}],"author":[{"embeddable":true,"href":"https:\/\/miradordeatarfe.es\/index.php?rest_route=\/wp\/v2\/users\/1"}],"replies":[{"embeddable":true,"href":"https:\/\/miradordeatarfe.es\/index.php?rest_route=%2Fwp%2Fv2%2Fcomments&post=64203"}],"version-history":[{"count":4,"href":"https:\/\/miradordeatarfe.es\/index.php?rest_route=\/wp\/v2\/posts\/64203\/revisions"}],"predecessor-version":[{"id":64208,"href":"https:\/\/miradordeatarfe.es\/index.php?rest_route=\/wp\/v2\/posts\/64203\/revisions\/64208"}],"wp:featuredmedia":[{"embeddable":true,"href":"https:\/\/miradordeatarfe.es\/index.php?rest_route=\/wp\/v2\/media\/64206"}],"wp:attachment":[{"href":"https:\/\/miradordeatarfe.es\/index.php?rest_route=%2Fwp%2Fv2%2Fmedia&parent=64203"}],"wp:term":[{"taxonomy":"category","embeddable":true,"href":"https:\/\/miradordeatarfe.es\/index.php?rest_route=%2Fwp%2Fv2%2Fcategories&post=64203"},{"taxonomy":"post_tag","embeddable":true,"href":"https:\/\/miradordeatarfe.es\/index.php?rest_route=%2Fwp%2Fv2%2Ftags&post=64203"}],"curies":[{"name":"wp","href":"https:\/\/api.w.org\/{rel}","templated":true}]}}