{"id":64244,"date":"2023-10-22T11:08:35","date_gmt":"2023-10-22T09:08:35","guid":{"rendered":"https:\/\/miradordeatarfe.es\/?p=64244"},"modified":"2023-10-21T21:26:26","modified_gmt":"2023-10-21T19:26:26","slug":"ahora-que-llueve-por-juan-de-dios-villanueva","status":"publish","type":"post","link":"https:\/\/miradordeatarfe.es\/?p=64244","title":{"rendered":"\u00abAHORA QUE LLUEVE\u00bb por Juan de Dios Villanueva"},"content":{"rendered":"<h3 style=\"text-align: justify;\">Ahora que llueve olvidaremos que hasta ayer no hab\u00eda ca\u00eddo una sola gota en meses, que las fuentes estaban secas y los r\u00edos ten\u00edan m\u00e1s charcas que caudales.<\/h3>\n<p style=\"text-align: justify;\">Ahora que ya llueve tal vez no tengamos en cuenta que los pantanos siguen casi vac\u00edos, que la poluci\u00f3n nos est\u00e1 matando y que el milagro de los grifos con agua ha estado a punto de acabar y no gracias a los santos por las calles.<\/p>\n<p style=\"text-align: justify;\">Ahora que ya llueve debemos recordar que el verano ha durado ocho meses, y que aunque en estas tierras no suele haber primaveras ni oto\u00f1os, sin embargo, estos extremos est\u00e1n fuera de toda l\u00f3gica. Ahora que ya llueve, los precios de los productos b\u00e1sicos est\u00e1n por la nubes, como los sueldos de los que mandan en bancos, en petroleras, de quienes deciden sobre las vidas de los dem\u00e1s mientras que los salarios de los trabajadores siguen llegando a fin<br \/>\nde mes por los pelos aunque el personal decida echarse a las calles a tomar el fresco y las terrazas de los bares est\u00e9n a reventar de personas que tal vez encuentren ah\u00ed el \u00fanico alivio a sus vidas.<\/p>\n<p style=\"text-align: justify;\">Ahora que ya llueve deber\u00edamos ver que seguimos mirando mucho m\u00e1s las pantallas de los m\u00f3viles que a los ojos de las personas, esas que tambi\u00e9n miran las pantallas de sus m\u00f3viles para ver y saber si hay nubes en el cielo y si llueve, o aguardando a que alguna \u2018influencer\u2019 le diga lo que se tiene que poner ma\u00f1ana o el color de la paliller\u00eda que ha de colgar en su pasillo. Y sin embargo, pronto volver\u00e1 a no llover, que es tambi\u00e9n lo normal.<\/p>\n<p>FOTO: IDEAL<\/p>\n<p>&nbsp;<\/p>\n","protected":false},"excerpt":{"rendered":"<p>Ahora que llueve olvidaremos que hasta ayer no hab\u00eda ca\u00eddo una sola gota en meses,&#8230;<\/p>\n","protected":false},"author":1,"featured_media":64245,"comment_status":"closed","ping_status":"closed","sticky":false,"template":"","format":"standard","meta":{"_coblocks_attr":"","_coblocks_dimensions":"","_coblocks_responsive_height":"","_coblocks_accordion_ie_support":"","jetpack_post_was_ever_published":false,"_jetpack_newsletter_access":"","_jetpack_dont_email_post_to_subs":false,"_jetpack_newsletter_tier_id":0,"_jetpack_memberships_contains_paywalled_content":false,"_jetpack_memberships_contains_paid_content":false,"footnotes":"","jetpack_publicize_message":"","jetpack_publicize_feature_enabled":true,"jetpack_social_post_already_shared":true,"jetpack_social_options":{"image_generator_settings":{"template":"highway","default_image_id":0,"enabled":false},"version":2}},"categories":[10781,9772,44,6937],"tags":[10782],"class_list":["post-64244","post","type-post","status-publish","format-standard","has-post-thumbnail","hentry","category-granada","category-opinion-de-juan-de-dios-villanueva","category-noticias-de-hoy","category-sociedad","tag-lluvia-en-granada"],"jetpack_publicize_connections":[],"jetpack_featured_media_url":"https:\/\/i0.wp.com\/miradordeatarfe.es\/wp-content\/uploads\/2023\/10\/llueve-en-Granada-300x185-1.jpg?fit=300%2C185&ssl=1","jetpack_likes_enabled":true,"jetpack_sharing_enabled":true,"_links":{"self":[{"href":"https:\/\/miradordeatarfe.es\/index.php?rest_route=\/wp\/v2\/posts\/64244","targetHints":{"allow":["GET"]}}],"collection":[{"href":"https:\/\/miradordeatarfe.es\/index.php?rest_route=\/wp\/v2\/posts"}],"about":[{"href":"https:\/\/miradordeatarfe.es\/index.php?rest_route=\/wp\/v2\/types\/post"}],"author":[{"embeddable":true,"href":"https:\/\/miradordeatarfe.es\/index.php?rest_route=\/wp\/v2\/users\/1"}],"replies":[{"embeddable":true,"href":"https:\/\/miradordeatarfe.es\/index.php?rest_route=%2Fwp%2Fv2%2Fcomments&post=64244"}],"version-history":[{"count":1,"href":"https:\/\/miradordeatarfe.es\/index.php?rest_route=\/wp\/v2\/posts\/64244\/revisions"}],"predecessor-version":[{"id":64246,"href":"https:\/\/miradordeatarfe.es\/index.php?rest_route=\/wp\/v2\/posts\/64244\/revisions\/64246"}],"wp:featuredmedia":[{"embeddable":true,"href":"https:\/\/miradordeatarfe.es\/index.php?rest_route=\/wp\/v2\/media\/64245"}],"wp:attachment":[{"href":"https:\/\/miradordeatarfe.es\/index.php?rest_route=%2Fwp%2Fv2%2Fmedia&parent=64244"}],"wp:term":[{"taxonomy":"category","embeddable":true,"href":"https:\/\/miradordeatarfe.es\/index.php?rest_route=%2Fwp%2Fv2%2Fcategories&post=64244"},{"taxonomy":"post_tag","embeddable":true,"href":"https:\/\/miradordeatarfe.es\/index.php?rest_route=%2Fwp%2Fv2%2Ftags&post=64244"}],"curies":[{"name":"wp","href":"https:\/\/api.w.org\/{rel}","templated":true}]}}