{"id":64247,"date":"2023-10-23T11:40:41","date_gmt":"2023-10-23T09:40:41","guid":{"rendered":"https:\/\/miradordeatarfe.es\/?p=64247"},"modified":"2023-10-23T11:50:43","modified_gmt":"2023-10-23T09:50:43","slug":"estoy-pensando-en-lluvia-por-remedios-sanchez","status":"publish","type":"post","link":"https:\/\/miradordeatarfe.es\/?p=64247","title":{"rendered":"\u00abESTOY PENSANDO EN LLUVIA\u00bb por  Remedios S\u00e1nchez"},"content":{"rendered":"<h3 style=\"text-align: justify;\">Quiere la lluvia el sosiego lento de las sobremesas de oto\u00f1o y el silencio bruno de las noches sin luna para traernos el frescor de su risa a los campos sembrados que se ahogaban de sed.<\/h3>\n<p style=\"text-align: justify;\">Amanece luego y la luz es otra en el verdor de los parques, en las hojas de los \u00e1rboles impregnadas del olor transparente que se refleja en los charcos. Quienes hemos tenido infancia sabemos de la trascendencia de los charcos y los seguimos a\u00f1orando, si no ya para saltar sobre ellos, para seguir pis\u00e1ndolos adrede haciendo creer que ha sido un despiste, porque la obligaci\u00f3n de las personas adultas es dejarse de juegos, como si el territorio de la felicidad fuese siempre cosa del pasado. Hay un gui\u00f1o c\u00f3mplice entre transe\u00fantes que comparten un secreto del que \u00fanicamente son ajenos quienes han pedido la sensibilidad, la capacidad para apreciar las verdades inmutables de las cosas sencillas, aquellas que erigen una existencia verdadera, con sus peque\u00f1os momentos de felicidad.<\/p>\n<p style=\"text-align: justify;\">Por fortuna, todav\u00eda la lluvia nos conmueve -incluso a quienes no la nombran-, alborota el paisaje d\u00e1ndole la savia que se escapaba por momentos, nos trae una libertad desnuda que abraza a los jilguerillos escondidos entre las ultim\u00edsimas magnolias, a los gorriones amistosos que se acercan buscando el almuerzo, a la t\u00f3rtola turca que ahora le ha dado por cantar junto a la fuente antigua, tan cerca siempre del olmo de bola rejuvenecido. Todos interpretan su sentido verdadero. Pero debe saberse tambi\u00e9n que, la lluvia, que todo lo traspasa y es sorpresa, en cada lugar se muestra de una manera; en la ciudad, serena e inconstante; en la sierra, como blancor almidonado de primeros copos que caen a c\u00e1mara lenta vistiendo el horizonte, una aventura que se va construyendo por instantes y es luz cuando la ma\u00f1ana se enciende. Pero donde m\u00e1s grata resulta es en los pueblos de la vega; ah\u00ed se dejar ver traviesa y volandera, jugando al escondite con un airecillo gozosamente c\u00f3mplice que la mueve a su albur, como si fuera una cometa que caracolea entre los alamillos de Zujaira, la patria aut\u00e9ntica de Federico donde hoy tiemblan los colores ambicionando un arco iris imposible y se esconden los secretos profundos e insondables de su verdad eterna, esos que solamente pod\u00eda descifrar Juan de Loxa, su gran valedor, el hombre que se dedic\u00f3 a hacer apostolado de la autenticidad lorquiana desde la Casa-Museo de Fuentevaqueros; aquella casa est\u00e1 construida con el hondo apasionamiento que merec\u00eda Federico gracias al perenne sacrificio esmerado de Juan, que merece id\u00e9ntica delicadeza. Nadie debiera olvidar esto, ahora que se habla del lugar id\u00f3neo para su legado.<\/p>\n<p style=\"text-align: justify;\">Con la lluvia y desde la lluvia siempre pienso en Juan, en Mariluz, en Eduardico Carretero y, especialmente, en Elena Mart\u00edn Vivaldi, la poeta que fue capaz de delinear sus perfiles exactos: \u201ctiene carne la lluvia de sonrisa y deshielo\/ tiene un misterio c\u00e1lido y redondo\u201d. El misterio de la lluvia es su m\u00fasica, una sinfon\u00eda irrepetible que va desvaneci\u00e9ndose para convertirse en espejuelo donde se refugia la semilla capaz de germinar en un ciclo perpetuo. Y rozarla supone estar presente en el abrazo desbordado del cielo, en su declaraci\u00f3n de amor que propicia el triunfo glorioso y necesario de la tierra f\u00e9rtil que es vida y esperanza, el \u00fanico y certero preludio de la futura primavera.<\/p>\n<p>FOTO:https:\/\/www.elespanol.com\/alicante\/vega-baja\/20211022\/lluvias-litros-cuadrado-obligan-carreteras-vega-baja\/621438369_0.html<\/p>\n","protected":false},"excerpt":{"rendered":"<p>Quiere la lluvia el sosiego lento de las sobremesas de oto\u00f1o y el silencio bruno&#8230;<\/p>\n","protected":false},"author":1,"featured_media":64248,"comment_status":"closed","ping_status":"closed","sticky":false,"template":"","format":"standard","meta":{"_coblocks_attr":"","_coblocks_dimensions":"","_coblocks_responsive_height":"","_coblocks_accordion_ie_support":"","jetpack_post_was_ever_published":false,"_jetpack_newsletter_access":"","_jetpack_dont_email_post_to_subs":false,"_jetpack_newsletter_tier_id":0,"_jetpack_memberships_contains_paywalled_content":false,"_jetpack_memberships_contains_paid_content":false,"footnotes":"","jetpack_publicize_message":"","jetpack_publicize_feature_enabled":true,"jetpack_social_post_already_shared":true,"jetpack_social_options":{"image_generator_settings":{"template":"highway","default_image_id":0,"enabled":false},"version":2}},"categories":[1161,44,6914],"tags":[1112],"class_list":["post-64247","post","type-post","status-publish","format-standard","has-post-thumbnail","hentry","category-ciudadania","category-noticias-de-hoy","category-opinion-de-reme-sanchez","tag-lluvia"],"jetpack_publicize_connections":[],"jetpack_featured_media_url":"https:\/\/i0.wp.com\/miradordeatarfe.es\/wp-content\/uploads\/2023\/10\/621449589_212480902_1706x960.webp?fit=1706%2C960&ssl=1","jetpack_likes_enabled":true,"jetpack_sharing_enabled":true,"_links":{"self":[{"href":"https:\/\/miradordeatarfe.es\/index.php?rest_route=\/wp\/v2\/posts\/64247","targetHints":{"allow":["GET"]}}],"collection":[{"href":"https:\/\/miradordeatarfe.es\/index.php?rest_route=\/wp\/v2\/posts"}],"about":[{"href":"https:\/\/miradordeatarfe.es\/index.php?rest_route=\/wp\/v2\/types\/post"}],"author":[{"embeddable":true,"href":"https:\/\/miradordeatarfe.es\/index.php?rest_route=\/wp\/v2\/users\/1"}],"replies":[{"embeddable":true,"href":"https:\/\/miradordeatarfe.es\/index.php?rest_route=%2Fwp%2Fv2%2Fcomments&post=64247"}],"version-history":[{"count":1,"href":"https:\/\/miradordeatarfe.es\/index.php?rest_route=\/wp\/v2\/posts\/64247\/revisions"}],"predecessor-version":[{"id":64249,"href":"https:\/\/miradordeatarfe.es\/index.php?rest_route=\/wp\/v2\/posts\/64247\/revisions\/64249"}],"wp:featuredmedia":[{"embeddable":true,"href":"https:\/\/miradordeatarfe.es\/index.php?rest_route=\/wp\/v2\/media\/64248"}],"wp:attachment":[{"href":"https:\/\/miradordeatarfe.es\/index.php?rest_route=%2Fwp%2Fv2%2Fmedia&parent=64247"}],"wp:term":[{"taxonomy":"category","embeddable":true,"href":"https:\/\/miradordeatarfe.es\/index.php?rest_route=%2Fwp%2Fv2%2Fcategories&post=64247"},{"taxonomy":"post_tag","embeddable":true,"href":"https:\/\/miradordeatarfe.es\/index.php?rest_route=%2Fwp%2Fv2%2Ftags&post=64247"}],"curies":[{"name":"wp","href":"https:\/\/api.w.org\/{rel}","templated":true}]}}