{"id":6426,"date":"2016-02-12T06:33:00","date_gmt":"2016-02-12T06:33:00","guid":{"rendered":"http:\/\/miradordeatarfe.es\/?p=6426"},"modified":"2016-02-04T09:36:32","modified_gmt":"2016-02-04T09:36:32","slug":"maltrato-animal-la-eurocamara-aprueba-por-mayoria-absoluta-que-la-ue-deje-de-financiar-la-tauromaquia","status":"publish","type":"post","link":"https:\/\/miradordeatarfe.es\/?p=6426","title":{"rendered":"MALTRATO ANIMAL. La Euroc\u00e1mara aprueba por mayor\u00eda absoluta que la UE deje de financiar la tauromaquia"},"content":{"rendered":"<ul>\n<li style=\"text-align: justify;\">La Euroc\u00e1mara aprueba una enmienda de Los Verdes que recuerda que se vulnera el Convenio de protecci\u00f3n de animales al subvencionar los toros con fondos de la PAC.\u00a0Hasta ahora se conced\u00edan 130 millones al a\u00f1o a trav\u00e9s de la PAC, seg\u00fan las organizaciones animalistas, porque el dinero se entrega \u00aben funci\u00f3n de la superficie de la tierra\u00bb sin tener en cuenta el uso que se hace de ella<\/li>\n<\/ul>\n<p><!--more--><\/p>\n<div class=\"col4-f1 flo-r marg-t-f4\">\n<div id=\"txt\" class=\"tam4\" style=\"text-align: justify;\">Con 438 votos a favor, 199 en contra y 50 abstenciones, mayor\u00eda absoluta, el Europarlamento aprob\u00f3 este mi\u00e9rcoles una enmienda que <strong>pide el fin de las subvenciones de la UE a las actividades relacionadas con la tauromaquia<\/strong>.\u00a0\u00abHoy es un gran d\u00eda para la defensa del bienestar animal y de los derechos de los animales. La enmienda aprobada deja claro que el Parlamento Europeo, en nombre de la ciudadan\u00eda europea, no apoya la tauromaquia ni moral, ni pol\u00edticamente\u00bb, expres\u00f3 el portavoz de Equo en Bruselas, Florent Marcellesi.<\/p>\n<p>La enmienda, presentada por el grupo de Los Verdes\/ALE ante un informe sobre los presupuestos de la UE, recuerda que estos no pueden \u00abfinanciar actividades taurinas que impliquen la muerte del toro\u00bb, de lo contrario, se\u00f1ala, se estar\u00eda violando el Convenio Europeo sobre protecci\u00f3n de animales en las ganader\u00edas. Este Convenio establece que <strong>los animales \u00abno deben sufrir dolor, lesiones, miedo o ansiedad\u00bb<\/strong> cuando est\u00e9n en las explotaciones ganaderas.<\/p>\n<p>Las organizaciones animalistas que durante los \u00faltimos d\u00edas hicieron camapa\u00f1a para que los eurodiputados votaran a favor de la enmienda, estimaron que <strong>los fondos aportados para este fin suman 130 millones de euros al a\u00f1o<\/strong>. Un dinero que procede de la Pol\u00edtica Agraria Com\u00fan (PAC) y que se entrega \u00aben funci\u00f3n de la superficie de tierra\u00bb sin tener en cuenta a qu\u00e9 se dedica esta, informaron a eldiario.es fuentes parlamentarias. La enmienda precisa que estas actividades no podr\u00e1n financiarse <strong>ni con los presupuestos de la PAC ni con ning\u00fan otro<\/strong>.<\/p>\n<div id=\"sc_videointext\">\n<div id=\"SC_InPage.Layer.0.5916585933882743.sc_videointext\" class=\"\"><\/div>\n<\/div>\n<p>\u00abEsta mayor\u00eda holgada, mucho mayor que la del a\u00f1o pasado, prueba que la tauromaquia es cosa del pasado. Los representantes del pueblo europeo tienen claro que en pleno siglo XXI <strong>torturar animales por el disfrute y espect\u00e1culo no es en ning\u00fan caso cultura<\/strong>, ni mucho menos digno de ser financiando con dinero p\u00fablico\u00bb, a\u00f1adi\u00f3 Marcellesi. \u00abAhora tendremos que defender este gran logro en lo que queda de proceso presupuestario con el Consejo Europeo\u00bb.<\/p>\n<p>Por su parte, el eurodiputado de ICV, Ernest Urtasun, se felicit\u00f3 por el resultado de esta votaci\u00f3n:\u00a0\u00abEs un paso important\u00edsimo\u00bb. Urtasun y Marcellesi, junto a Jordi Sebasti\u00e1 (Comprom\u00eds), hab\u00edan lanzado recientemente una recogida de firmas que ha conseguido m\u00e1s de 30.000 apoyos.<\/p><\/div>\n<\/div>\n<div class=\"tam4\" style=\"text-align: justify;\"><\/div>\n<div class=\"tam4\" style=\"text-align: justify;\"><a href=\"http:\/\/www.infolibre.es\/noticias\/politica\/2015\/10\/28\/bruselas_aprueba_por_mayoria_absoluta_que_deje_financiar_tauromaquia_39942_1012.html\">http:\/\/www.infolibre.es\/noticias\/politica\/2015\/10\/28\/bruselas_aprueba_por_mayoria_absoluta_que_deje_financiar_tauromaquia_39942_1012.html<\/a><\/div>\n<p>&nbsp;<\/p>\n","protected":false},"excerpt":{"rendered":"<p>La Euroc\u00e1mara aprueba una enmienda de Los Verdes que recuerda que se vulnera el Convenio&#8230;<\/p>\n","protected":false},"author":1,"featured_media":6427,"comment_status":"closed","ping_status":"closed","sticky":false,"template":"","format":"standard","meta":{"_coblocks_attr":"","_coblocks_dimensions":"","_coblocks_responsive_height":"","_coblocks_accordion_ie_support":"","jetpack_post_was_ever_published":false,"_jetpack_newsletter_access":"","_jetpack_dont_email_post_to_subs":false,"_jetpack_newsletter_tier_id":0,"_jetpack_memberships_contains_paywalled_content":false,"_jetpack_memberships_contains_paid_content":false,"footnotes":"","jetpack_publicize_message":"","jetpack_publicize_feature_enabled":true,"jetpack_social_post_already_shared":false,"jetpack_social_options":{"image_generator_settings":{"template":"highway","default_image_id":0,"enabled":false},"version":2}},"categories":[186,9,44,15],"tags":[1356,1053,1115],"class_list":["post-6426","post","type-post","status-publish","format-standard","has-post-thumbnail","hentry","category-instituciones","category-medio-ambiente","category-noticias-de-hoy","category-ultimas-noticias","tag-animales","tag-europa","tag-toros"],"jetpack_publicize_connections":[],"jetpack_featured_media_url":"https:\/\/i0.wp.com\/miradordeatarfe.es\/wp-content\/uploads\/2016\/02\/635759622336019161w_363b7a68.jpg?fit=467%2C269&ssl=1","jetpack_likes_enabled":true,"jetpack_sharing_enabled":true,"_links":{"self":[{"href":"https:\/\/miradordeatarfe.es\/index.php?rest_route=\/wp\/v2\/posts\/6426","targetHints":{"allow":["GET"]}}],"collection":[{"href":"https:\/\/miradordeatarfe.es\/index.php?rest_route=\/wp\/v2\/posts"}],"about":[{"href":"https:\/\/miradordeatarfe.es\/index.php?rest_route=\/wp\/v2\/types\/post"}],"author":[{"embeddable":true,"href":"https:\/\/miradordeatarfe.es\/index.php?rest_route=\/wp\/v2\/users\/1"}],"replies":[{"embeddable":true,"href":"https:\/\/miradordeatarfe.es\/index.php?rest_route=%2Fwp%2Fv2%2Fcomments&post=6426"}],"version-history":[{"count":1,"href":"https:\/\/miradordeatarfe.es\/index.php?rest_route=\/wp\/v2\/posts\/6426\/revisions"}],"predecessor-version":[{"id":6428,"href":"https:\/\/miradordeatarfe.es\/index.php?rest_route=\/wp\/v2\/posts\/6426\/revisions\/6428"}],"wp:featuredmedia":[{"embeddable":true,"href":"https:\/\/miradordeatarfe.es\/index.php?rest_route=\/wp\/v2\/media\/6427"}],"wp:attachment":[{"href":"https:\/\/miradordeatarfe.es\/index.php?rest_route=%2Fwp%2Fv2%2Fmedia&parent=6426"}],"wp:term":[{"taxonomy":"category","embeddable":true,"href":"https:\/\/miradordeatarfe.es\/index.php?rest_route=%2Fwp%2Fv2%2Fcategories&post=6426"},{"taxonomy":"post_tag","embeddable":true,"href":"https:\/\/miradordeatarfe.es\/index.php?rest_route=%2Fwp%2Fv2%2Ftags&post=6426"}],"curies":[{"name":"wp","href":"https:\/\/api.w.org\/{rel}","templated":true}]}}