{"id":6429,"date":"2016-02-12T07:36:57","date_gmt":"2016-02-12T07:36:57","guid":{"rendered":"http:\/\/miradordeatarfe.es\/?p=6429"},"modified":"2016-02-06T15:22:14","modified_gmt":"2016-02-06T15:22:14","slug":"derecho-a-agua-los-cortes-de-agua-por-impago-son-ilegales","status":"publish","type":"post","link":"https:\/\/miradordeatarfe.es\/?p=6429","title":{"rendered":"DERECHO A AGUA. Los cortes de agua por impago son ilegales"},"content":{"rendered":"<p class=\"td-post-sub-title\">Los problemas de impago de alquiler o de propiedad no deben ser problema del operador de agua, sino de los juzgados\u201d.<\/p>\n<div class=\"td-module-meta-info\"><\/div>\n<p><!--more--><\/p>\n<div class=\"panels-flexible-row panels-flexible-row-art_foto_dcha-main-row panels-flexible-row-first clearfix\">\n<div class=\"inside panels-flexible-row-inside panels-flexible-row-art_foto_dcha-main-row-inside panels-flexible-row-inside-first clearfix\">\n<div class=\"panels-flexible-region panels-flexible-region-art_foto_dcha-center panels-flexible-region-first panels-flexible-region-last \">\n<div class=\"inside panels-flexible-region-inside panels-flexible-region-art_foto_dcha-center-inside panels-flexible-region-inside-first panels-flexible-region-inside-last\">\n<div class=\"panel-pane pane-custom pane-1 cabecera\">\n<div class=\"pane-content\">\n<ul>\n<li class=\"art_antetitulo\"><strong>Una sentencia del Tribunal Supremo de noviembre de 2015 confirma que el servicio de agua es una tasa, no una tarifa, por lo que el corte del servicio es ilegal. Desde la Red Agua P\u00fablica denuncian que las empresas adjudicatarias no est\u00e1n aplicando el mandato judicial y reclaman que \u00e9stas financien un fondo de acci\u00f3n social.<\/strong><\/li>\n<\/ul>\n<p class=\"art_antetitulo\">El pasado 27 de enero, operarios del Canal de Isabel II, adjudicataria del servicio de suministro de agua en C\u00e1ceres, <strong>cortaron el agua a m\u00e1s de 400 familias<\/strong> por impago, a bloques enteros de viviendas. Entre los afectados, personas como Pilar Petrovic, de 70 a\u00f1os, que, con su pensi\u00f3n de 360 euros, vive ella y su hija, parada y sin prestaci\u00f3n, seg\u00fan retrata el diario Hoy.es. El d\u00eda siguiente, la empresa p\u00fablica madrile\u00f1a rectificaba, restaurando el servicio y anunciando la firma de un convenio con el Ayuntamiento cacere\u00f1o. El acuerdo supone que antes de proceder a cualquier corte de agua en viviendas, se notifique al \u00e1rea de Servicios Sociales del Ayuntamiento para que \u00e9ste compruebe que los afectados no se encuentren en situaci\u00f3n de vulnerabilidad, en cuyo caso se aplicar\u00edan los <strong>fondos municipales. Ning\u00fan regalo<\/strong>.<\/p>\n<\/div>\n<\/div>\n<\/div>\n<\/div>\n<\/div>\n<\/div>\n<div class=\"panels-flexible-row panels-flexible-row-art_foto_dcha-1 panels-flexible-row-last clearfix \">\n<div class=\"inside panels-flexible-row-inside panels-flexible-row-art_foto_dcha-1-inside panels-flexible-row-inside-last clearfix\">\n<div class=\"panels-flexible-column panels-flexible-column-art_foto_dcha-3 panels-flexible-column-first \">\n<div class=\"inside panels-flexible-column-inside panels-flexible-column-art_foto_dcha-3-inside panels-flexible-column-inside-first\">\n<div class=\"panels-flexible-region panels-flexible-region-art_foto_dcha-cuerpo_art panels-flexible-region-first panels-flexible-region-last \">\n<div class=\"inside panels-flexible-region-inside panels-flexible-region-art_foto_dcha-cuerpo_art-inside panels-flexible-region-inside-first panels-flexible-region-inside-last\">\n<div class=\"panel-pane pane-node-body art-cuerpo\">\n<div class=\"pane-content\">\n<div class=\"field field--name-body field--type-text-with-summary field--label-hidden\">\n<div class=\"field__items\">\n<div class=\"field__item even\">\n<p style=\"text-align: justify;\">Desde la Red Agua P\u00fablica subrayan que varias sentencias judiciales que ya han creado jurisprudencia confirman que el servicio de suministro de agua, ya sea con empresa privada o p\u00fablica, y al ser un bien b\u00e1sico gestionado por un monopolio, <strong>es una \u201ctasa\u201d, no un precio privado<\/strong>, seg\u00fan confirma la resoluci\u00f3n ante el recurso de casaci\u00f3n 4091\/2013. \u00bfLa diferencia? En el caso de las tasas, <strong>no se puede cortar el servicio aunque haya impago<\/strong>.<\/p>\n<p style=\"text-align: justify;\">\u201cEl lobby del agua no est\u00e1 aplicando este mandato jur\u00eddico y, de nuevo, est\u00e1 intentando confundir a los municipios\u201d, explica una nota de prensa de la Red Agua P\u00fablica en referencia a la I Jornada de Medidas de Acci\u00f3n Social en el Sector del Agua, organizadas por la Asociaci\u00f3n de Abastecimientos de Agua y Saneamientos de Andaluc\u00eda (ASA), entre cuyos principales socios figura Fomento Construcciones y Contratas (FCC), empresa actualmente <strong>investigada por el caso Acuamed<\/strong>, sobre comisiones y sobrecostes millonarios \u2013hasta 227 millones de euros seg\u00fan las \u00faltimas informaciones\u2013 en los contratos de la empresa p\u00fablica dirigidos a la gesti\u00f3n del agua en la Comunidad Valenciana. Durante el encuentro, la Federaci\u00f3n Andaluza de Municipios y Provincias (FAMP) ha firmado un protocolo con ASA para \u201cpromover mecanismos sociales que garanticen el agua a las familias\u201d, seg\u00fan anunciaron desde la instituci\u00f3n. Entre los mecanismos a estudiar: el fraccionamiento del pago, bonificaciones tarifarias o fondos de acci\u00f3n social a fondo perdido a cargo de los Ayuntamientos y empresas p\u00fablicas.\u00a0<strong>Coste cero para las empresas privadas<\/strong>concesionarias del servicio de suministro de agua.<\/p>\n<p style=\"text-align: justify;\">\u201cSorprende que justo ahora est\u00e9n \u2018dispuestos\u2019 a hablar de esto cuando hasta ahora han defendido los cortes y los costes de enganche frente a la FEMP [Federaci\u00f3n Espa\u00f1ola de Municipios y Provincias]\u201d, apunta Paco L\u00f3pez, portavoz de Red Agua P\u00fablica. Para Paco, el cambio de actitud \u201cs\u00f3lo tiene la finalidad de seguir confundiendo a nuestros municipios justo en el momento en que los tribunales han aclarado la situaci\u00f3n y justo cuando Ayuntamientos como el de <strong>C\u00f3rdoba o Puerto Real ya han reglamentado el corte 0<\/strong>\u201d.<\/p>\n<p style=\"text-align: justify;\">Desde la red anuncian que en muchos municipios ya se est\u00e1 llevan a Pleno el Pacto Social por el Agua, que contempla la prohibici\u00f3n de los cortes de suministro aunque haya impagos. El pasado 22 de octubre, el Parlamento de Andaluc\u00eda tambi\u00e9n aprob\u00f3 una propuesta de ley por la que <strong>se proh\u00edben los cortes de agua y se garantiza el suministro<\/strong> de entre 60 y 100 litros al d\u00eda por persona en caso de impago justificado \u2013cumpliendo lo establecido por Unesco en cuanto al derecho a agua\u2013, aunque, seg\u00fan apuntan desde la red, desde entonces a\u00fan no se ha desarrollado la nueva normativa. En Asturias, Murcia y Galicia se han creado plataformas de la Red de Agua P\u00fablica para trabajar en esta direcci\u00f3n. Tambi\u00e9n el Ayuntamiento de Gij\u00f3n est\u00e1 tramitando un acuerdo por el que la empresa p\u00fablica de agua garantizar\u00e1 el suministro a\u00fan en caso de impago con m\u00ednimos de 100 litros al d\u00eda por persona.<\/p>\n<h3 style=\"text-align: justify;\">Modelo p\u00fablico, modelo privado y derecho al agua<\/h3>\n<p style=\"text-align: justify;\">\u201cLas empresas p\u00fablicas se est\u00e1n poniendo las pilas gracias al Pacto del Agua, mientras\u00a0<strong>las privadas siguen haciendo cortes de suministro<\/strong>, por eso el lobby tiene miedo a evidenciar que existen muchas diferencias entre el modelo p\u00fablico y privado\u201d, se\u00f1alan desde la Red Agua P\u00fablica, y a\u00f1aden que \u201clo de FCC evidencia la convivencia entre los poderes y el oligopolio de la privatizaci\u00f3n de agua\u201d.<\/p>\n<p style=\"text-align: justify;\">Desde la Red Agua P\u00fablica apuestan por un modelo de gesti\u00f3n en el que el corte de agua por impago no se produzca en los casos en los que la Concejal\u00eda de Servicios Sociales justifique la incapacidad de pago del abonado. En esos casos, seg\u00fan el modelo de la red, el coste del suministro ser\u00e1 sufragado por un Fondo de Acci\u00f3n Social, pero que vaya\u00a0<strong>con cargo a los beneficios de la empresa adjudicataria<\/strong>.<\/p>\n<p>Otro de los puntos que defienden es que, para la contrataci\u00f3n del servicio, sea\u00a0<strong>suficiente con el empadronamiento o censo<\/strong>. \u201cLos problemas de impago de alquiler o de propiedad no deben ser problema del operador de agua, sino de los juzgados\u201d, apuntan desde la red.<\/p>\n<p><a href=\"https:\/\/www.diagonalperiodico.net\/taxonomy\/term\/23869\">Ter Garc\u00eda<\/a>\u00a0| Diagonal |<\/p>\n<\/div>\n<\/div>\n<\/div>\n<\/div>\n<\/div>\n<\/div>\n<\/div>\n<\/div>\n<\/div>\n<\/div>\n<\/div>\n","protected":false},"excerpt":{"rendered":"<p>Los problemas de impago de alquiler o de propiedad no deben ser problema del operador&#8230;<\/p>\n","protected":false},"author":1,"featured_media":6430,"comment_status":"closed","ping_status":"closed","sticky":false,"template":"","format":"standard","meta":{"_coblocks_attr":"","_coblocks_dimensions":"","_coblocks_responsive_height":"","_coblocks_accordion_ie_support":"","jetpack_post_was_ever_published":false,"_jetpack_newsletter_access":"","_jetpack_dont_email_post_to_subs":false,"_jetpack_newsletter_tier_id":0,"_jetpack_memberships_contains_paywalled_content":false,"_jetpack_memberships_contains_paid_content":false,"footnotes":"","jetpack_publicize_message":"","jetpack_publicize_feature_enabled":true,"jetpack_social_post_already_shared":false,"jetpack_social_options":{"image_generator_settings":{"template":"highway","default_image_id":0,"enabled":false},"version":2}},"categories":[186,9,44,15],"tags":[249,2141,2031,2140],"class_list":["post-6429","post","type-post","status-publish","format-standard","has-post-thumbnail","hentry","category-instituciones","category-medio-ambiente","category-noticias-de-hoy","category-ultimas-noticias","tag-agua","tag-juzgados","tag-sentencia","tag-suministro"],"jetpack_publicize_connections":[],"jetpack_featured_media_url":"https:\/\/i0.wp.com\/miradordeatarfe.es\/wp-content\/uploads\/2016\/02\/Agua-cc.jpg?fit=680%2C365&ssl=1","jetpack_likes_enabled":true,"jetpack_sharing_enabled":true,"_links":{"self":[{"href":"https:\/\/miradordeatarfe.es\/index.php?rest_route=\/wp\/v2\/posts\/6429","targetHints":{"allow":["GET"]}}],"collection":[{"href":"https:\/\/miradordeatarfe.es\/index.php?rest_route=\/wp\/v2\/posts"}],"about":[{"href":"https:\/\/miradordeatarfe.es\/index.php?rest_route=\/wp\/v2\/types\/post"}],"author":[{"embeddable":true,"href":"https:\/\/miradordeatarfe.es\/index.php?rest_route=\/wp\/v2\/users\/1"}],"replies":[{"embeddable":true,"href":"https:\/\/miradordeatarfe.es\/index.php?rest_route=%2Fwp%2Fv2%2Fcomments&post=6429"}],"version-history":[{"count":1,"href":"https:\/\/miradordeatarfe.es\/index.php?rest_route=\/wp\/v2\/posts\/6429\/revisions"}],"predecessor-version":[{"id":6431,"href":"https:\/\/miradordeatarfe.es\/index.php?rest_route=\/wp\/v2\/posts\/6429\/revisions\/6431"}],"wp:featuredmedia":[{"embeddable":true,"href":"https:\/\/miradordeatarfe.es\/index.php?rest_route=\/wp\/v2\/media\/6430"}],"wp:attachment":[{"href":"https:\/\/miradordeatarfe.es\/index.php?rest_route=%2Fwp%2Fv2%2Fmedia&parent=6429"}],"wp:term":[{"taxonomy":"category","embeddable":true,"href":"https:\/\/miradordeatarfe.es\/index.php?rest_route=%2Fwp%2Fv2%2Fcategories&post=6429"},{"taxonomy":"post_tag","embeddable":true,"href":"https:\/\/miradordeatarfe.es\/index.php?rest_route=%2Fwp%2Fv2%2Ftags&post=6429"}],"curies":[{"name":"wp","href":"https:\/\/api.w.org\/{rel}","templated":true}]}}