{"id":64293,"date":"2023-10-24T10:00:34","date_gmt":"2023-10-24T08:00:34","guid":{"rendered":"https:\/\/miradordeatarfe.es\/?p=64293"},"modified":"2023-10-23T14:11:35","modified_gmt":"2023-10-23T12:11:35","slug":"el-descuento-condena-al-atarfe-en-huercal-1-0","status":"publish","type":"post","link":"https:\/\/miradordeatarfe.es\/?p=64293","title":{"rendered":"El descuento condena al Atarfe en Hu\u00e9rcal, 1-0"},"content":{"rendered":"<h3 style=\"text-align: justify;\">Los blanquiverdes recibieron un gol en el a\u00f1adido del partido que los manda a la zona de descenso<\/h3>\n<p style=\"text-align: justify;\">El Atarfe Industrial sigue sin poder frenar su mala racha tras caer derrotado en su visita al Hu\u00e9rcal de Almer\u00eda. Los atarfe\u00f1os tuvieron opciones de victoria pero no las aprovecharon y cayeron derrotados con un gol en el tiempo extra. El Atarfe Industrial, que lleva sin vencer desde la primera jornada, han ca\u00eddo a zona de descenso.\u00a0<\/p>\n<p style=\"text-align: justify;\">El partido fue muy disputado e igualado. El Atarfe no pudo hacer ninguna de las ocasiones que tuvo y vio como en el minuto 90 un gol de Javi dej\u00f3 al equipo dirigido por Johny Prieto sin opciones de puntuar ante el conjunto almeriense.\u00a0<\/p>\n<p style=\"text-align: justify;\">La pr\u00f3xima semana el conjunto atarfe\u00f1o recibir\u00e1 en su Municipal al Cantoria 2017, que marcha en la parte alta de la tabla clasificatoria.\u00a0<\/p>\n<p style=\"text-align: justify;\"><strong>C.D. HU\u00c9RCAL: <\/strong>Taro, Antonini, Prospa, Pedro (Javi 58&#8242;), Amador (Iv\u00e1n 58&#8242;), Jes\u00fas (Lucas Joaquin 46&#8242;), Toto, Ambrona (\u00c1lex Uroz 89&#8242;), Ivi (Aimen 70&#8242;), Miguel y Dani Ibarra.<\/p>\n<p style=\"text-align: justify;\"><strong>ATARFE INDUSTRIAL: <\/strong>V\u00edctor Jim\u00e9nez, Marfil, Sierra, Chavo, \u00d3scar, Zarcos (Adri Vegas 59&#8242;), Casares, Sanna, Toni (Juanma 62&#8242;), Cristian y Desting (Lucho 46&#8242;)<\/p>\n<p style=\"text-align: justify;\"><strong>GOLES<\/strong>: 1-0, Javi (90&#8242;);<\/p>\n<p style=\"text-align: justify;\"><strong>\u00c1RBITRO<\/strong>: Cabrera F\u00e1brega, Antonio (\u00dabeda). Amonest\u00f3 por los locales a Fran Benavente, Antonini, Iv\u00e1n y por los visitantes a \u00d3scar, Sierra, Juanma.<\/p>\n<p><strong>INCIDENCIAS<\/strong>: Encuentro disputado en el Municipal de Hu\u00e9rcal ante unos 200 espectadores\u00a0<\/p>\n<p><strong>REDACCI\u00d3N DE GRANADA EN JUEGO<\/strong><\/p>\n<p>FOTO: <i>El Atarfe Industrial no termina de arrancar (CRISTIAN FERN\u00c1NDEZ \/ARCHIVO) <\/i><\/p>\n<p>https:\/\/www.granadaenjuego.com\/atarfe-industrial-\/el-descuento-condena-al-atarfe-en-huercal&#8211;1-0-<\/p>\n<p>&nbsp;<\/p>\n<p><img data-recalc-dims=\"1\" decoding=\"async\" src=\"https:\/\/i0.wp.com\/i.ibb.co\/zFbGTgn\/image-5.jpg?w=640&#038;ssl=1\" alt=\"\" \/><\/p>\n<div class=\"limpia\">\u00a0<\/div>\n","protected":false},"excerpt":{"rendered":"<p>Los blanquiverdes recibieron un gol en el a\u00f1adido del partido que los manda a la&#8230;<\/p>\n","protected":false},"author":1,"featured_media":64294,"comment_status":"closed","ping_status":"closed","sticky":false,"template":"","format":"standard","meta":{"_coblocks_attr":"","_coblocks_dimensions":"","_coblocks_responsive_height":"","_coblocks_accordion_ie_support":"","jetpack_post_was_ever_published":false,"_jetpack_newsletter_access":"","_jetpack_dont_email_post_to_subs":false,"_jetpack_newsletter_tier_id":0,"_jetpack_memberships_contains_paywalled_content":false,"_jetpack_memberships_contains_paid_content":false,"footnotes":"","jetpack_publicize_message":"","jetpack_publicize_feature_enabled":true,"jetpack_social_post_already_shared":true,"jetpack_social_options":{"image_generator_settings":{"template":"highway","default_image_id":0,"enabled":false},"version":2}},"categories":[182,44],"tags":[4389],"class_list":["post-64293","post","type-post","status-publish","format-standard","has-post-thumbnail","hentry","category-deportes","category-noticias-de-hoy","tag-atarfe-industrial-c-f"],"jetpack_publicize_connections":[],"jetpack_featured_media_url":"https:\/\/i0.wp.com\/miradordeatarfe.es\/wp-content\/uploads\/2023\/10\/imagen53941_0_original.jpg?fit=665%2C443&ssl=1","jetpack_likes_enabled":true,"jetpack_sharing_enabled":true,"_links":{"self":[{"href":"https:\/\/miradordeatarfe.es\/index.php?rest_route=\/wp\/v2\/posts\/64293","targetHints":{"allow":["GET"]}}],"collection":[{"href":"https:\/\/miradordeatarfe.es\/index.php?rest_route=\/wp\/v2\/posts"}],"about":[{"href":"https:\/\/miradordeatarfe.es\/index.php?rest_route=\/wp\/v2\/types\/post"}],"author":[{"embeddable":true,"href":"https:\/\/miradordeatarfe.es\/index.php?rest_route=\/wp\/v2\/users\/1"}],"replies":[{"embeddable":true,"href":"https:\/\/miradordeatarfe.es\/index.php?rest_route=%2Fwp%2Fv2%2Fcomments&post=64293"}],"version-history":[{"count":1,"href":"https:\/\/miradordeatarfe.es\/index.php?rest_route=\/wp\/v2\/posts\/64293\/revisions"}],"predecessor-version":[{"id":64295,"href":"https:\/\/miradordeatarfe.es\/index.php?rest_route=\/wp\/v2\/posts\/64293\/revisions\/64295"}],"wp:featuredmedia":[{"embeddable":true,"href":"https:\/\/miradordeatarfe.es\/index.php?rest_route=\/wp\/v2\/media\/64294"}],"wp:attachment":[{"href":"https:\/\/miradordeatarfe.es\/index.php?rest_route=%2Fwp%2Fv2%2Fmedia&parent=64293"}],"wp:term":[{"taxonomy":"category","embeddable":true,"href":"https:\/\/miradordeatarfe.es\/index.php?rest_route=%2Fwp%2Fv2%2Fcategories&post=64293"},{"taxonomy":"post_tag","embeddable":true,"href":"https:\/\/miradordeatarfe.es\/index.php?rest_route=%2Fwp%2Fv2%2Ftags&post=64293"}],"curies":[{"name":"wp","href":"https:\/\/api.w.org\/{rel}","templated":true}]}}