{"id":64296,"date":"2023-10-24T11:00:56","date_gmt":"2023-10-24T09:00:56","guid":{"rendered":"https:\/\/miradordeatarfe.es\/?p=64296"},"modified":"2023-10-23T14:11:10","modified_gmt":"2023-10-23T12:11:10","slug":"atarfe-informacion-municipal-obras-y-cambio-de-circulacion","status":"publish","type":"post","link":"https:\/\/miradordeatarfe.es\/?p=64296","title":{"rendered":"ATARFE: INFORMACI\u00d3N MUNICIPAL OBRAS Y CAMBIO DE CIRCULACI\u00d3N"},"content":{"rendered":"<div class=\"xdj266r x11i5rnm xat24cr x1mh8g0r x1vvkbs x126k92a\">\u00a0<\/div>\n<div dir=\"auto\">\n<div class=\"xdj266r x11i5rnm xat24cr x1mh8g0r x1vvkbs x126k92a\">\n<h3 dir=\"auto\">OBRAS DE MEJORA EN ATARFE<\/h3>\n<div dir=\"auto\">Estamos llevando a cabo una serie de obras destinadas a mejorar la calidad de vida de todos los Atarfe\u00f1os y Atarfe\u00f1as.<\/div>\n<\/div>\n<div class=\"x11i5rnm xat24cr x1mh8g0r x1vvkbs xtlvy1s x126k92a\">\n<div dir=\"auto\">Estas actuaciones est\u00e1n dise\u00f1adas para abordar diversos problemas que han surgido con el paso del tiempo, incluyendo los da\u00f1os causados por las inclemencias del tiempo. Tambi\u00e9n buscamos la mejora de nuestros espacios p\u00fablicos y garantizar la seguridad vial en nuestro municipio.<\/div>\n<\/div>\n<div class=\"x11i5rnm xat24cr x1mh8g0r x1vvkbs xtlvy1s x126k92a\">\n<div dir=\"auto\">Durante el transcurso de esta legislatura, estas obras se extender\u00e1n por todo el municipio.<\/div>\n<\/div>\n<div class=\"x11i5rnm xat24cr x1mh8g0r x1vvkbs xtlvy1s x126k92a\">\n<div dir=\"auto\">Entendemos que las obras pueden resultar inc\u00f3modas, y queremos expresar nuestro agradecimiento por vuestra comprensi\u00f3n.\u00a0<\/div>\n<\/div>\n<div class=\"x11i5rnm xat24cr x1mh8g0r x1vvkbs xtlvy1s x126k92a\">\n<div dir=\"auto\">Nuestro compromiso es embellecer Atarfe y mejorar sus infraestructuras, y seguiremos trabajando incansablemente para lograrlo. \u00a1Gracias por ser parte de este proyecto!<\/div>\n<\/div>\n<\/div>\n<div dir=\"auto\">\u00a0<\/div>\n<div dir=\"auto\">\u00a0<\/div>\n<div dir=\"auto\"><iframe loading=\"lazy\" src=\"\/\/www.youtube.com\/embed\/UXjoQLhpHKM?feature=shared\" width=\"560\" height=\"314\" allowfullscreen=\"allowfullscreen\"><\/iframe><\/div>\n<div dir=\"auto\">\u00a0<\/div>\n<div dir=\"auto\">\n<div class=\"xdj266r x11i5rnm xat24cr x1mh8g0r x1vvkbs x126k92a\">\n<h3 dir=\"auto\">Cambios en la circulaci\u00f3n de veh\u00edculos alrededor de Mercadona<\/h3>\n<div dir=\"auto\">Atenci\u00f3n vecinos y vecinas! Cambios en la circulaci\u00f3n de veh\u00edculos alrededor de Mercadona\u00a0<\/div>\n<\/div>\n<div class=\"x11i5rnm xat24cr x1mh8g0r x1vvkbs xtlvy1s x126k92a\">\n<div dir=\"auto\">En respuesta a vuestras solicitudes, ponemos en marcha una reorganizaci\u00f3n del tr\u00e1fico en las calles cercanas a Mercadona: Calle Fuente Vaqueros, Calle Chauchina, Calle V\u00edznar, &#8230;<\/div>\n<\/div>\n<div dir=\"auto\"><span class=\"x3nfvp2 x1j61x8r x1fcty0u xdj266r xhhsvwb xat24cr xgzva0m xxymvpz xlup9mm x1kky2od\">\u00a0<\/span><\/div>\n<div class=\"x11i5rnm xat24cr x1mh8g0r x1vvkbs xtlvy1s x126k92a\">\n<div dir=\"auto\">Es importante que todos estemos atentos a las nuevas se\u00f1ales para garantizar un flujo seguro y eficiente del tr\u00e1fico en esta \u00e1rea. Nuestro objetivo es mejorar la movilidad y la seguridad en nuestras calles, \u00a1y tu ayuda es fundamental!\u00a0<\/div>\n<div dir=\"auto\">\u00a0<\/div>\n<\/div>\n<div class=\"x11i5rnm xat24cr x1mh8g0r x1vvkbs xtlvy1s x126k92a\">\n<div dir=\"auto\">Gracias por tu colaboraci\u00f3n para hacer de Atarfe un lugar a\u00fan mejor.<\/div>\n<div dir=\"auto\">\u00a0<\/div>\n<div dir=\"auto\"><a href=\"https:\/\/i0.wp.com\/miradordeatarfe.es\/wp-content\/uploads\/2023\/10\/395271856_705293598314825_4370416664628444435_n.jpg?ssl=1\"><img data-recalc-dims=\"1\" loading=\"lazy\" decoding=\"async\" class=\"alignnone wp-image-64297 size-full\" src=\"https:\/\/i0.wp.com\/miradordeatarfe.es\/wp-content\/uploads\/2023\/10\/395271856_705293598314825_4370416664628444435_n.jpg?resize=640%2C380&#038;ssl=1\" alt=\"\" width=\"640\" height=\"380\" srcset=\"https:\/\/i0.wp.com\/miradordeatarfe.es\/wp-content\/uploads\/2023\/10\/395271856_705293598314825_4370416664628444435_n.jpg?w=843&amp;ssl=1 843w, https:\/\/i0.wp.com\/miradordeatarfe.es\/wp-content\/uploads\/2023\/10\/395271856_705293598314825_4370416664628444435_n.jpg?resize=300%2C178&amp;ssl=1 300w, https:\/\/i0.wp.com\/miradordeatarfe.es\/wp-content\/uploads\/2023\/10\/395271856_705293598314825_4370416664628444435_n.jpg?resize=768%2C456&amp;ssl=1 768w\" sizes=\"auto, (max-width: 640px) 100vw, 640px\" \/><\/a><\/div>\n<\/div>\n<div dir=\"auto\">\u00a0<\/div>\n<\/div>\n<div dir=\"auto\">\u00a0<\/div>\n","protected":false},"excerpt":{"rendered":"<p>\u00a0 OBRAS DE MEJORA EN ATARFE Estamos llevando a cabo una serie de obras destinadas&#8230;<\/p>\n","protected":false},"author":1,"featured_media":64298,"comment_status":"closed","ping_status":"closed","sticky":false,"template":"","format":"standard","meta":{"_coblocks_attr":"","_coblocks_dimensions":"","_coblocks_responsive_height":"","_coblocks_accordion_ie_support":"","jetpack_post_was_ever_published":false,"_jetpack_newsletter_access":"","_jetpack_dont_email_post_to_subs":false,"_jetpack_newsletter_tier_id":0,"_jetpack_memberships_contains_paywalled_content":false,"_jetpack_memberships_contains_paid_content":false,"footnotes":"","jetpack_publicize_message":"","jetpack_publicize_feature_enabled":true,"jetpack_social_post_already_shared":true,"jetpack_social_options":{"image_generator_settings":{"template":"highway","default_image_id":0,"enabled":false},"version":2}},"categories":[2,6916,44],"tags":[4293],"class_list":["post-64296","post","type-post","status-publish","format-standard","has-post-thumbnail","hentry","category-atarfe","category-ayuntamiento-de-atarfe","category-noticias-de-hoy","tag-ayuntamiento-de-atarfe"],"jetpack_publicize_connections":[],"jetpack_featured_media_url":"https:\/\/i0.wp.com\/miradordeatarfe.es\/wp-content\/uploads\/2023\/10\/ayuntamiento-atarfe.jpg?fit=222%2C108&ssl=1","jetpack_likes_enabled":true,"jetpack_sharing_enabled":true,"_links":{"self":[{"href":"https:\/\/miradordeatarfe.es\/index.php?rest_route=\/wp\/v2\/posts\/64296","targetHints":{"allow":["GET"]}}],"collection":[{"href":"https:\/\/miradordeatarfe.es\/index.php?rest_route=\/wp\/v2\/posts"}],"about":[{"href":"https:\/\/miradordeatarfe.es\/index.php?rest_route=\/wp\/v2\/types\/post"}],"author":[{"embeddable":true,"href":"https:\/\/miradordeatarfe.es\/index.php?rest_route=\/wp\/v2\/users\/1"}],"replies":[{"embeddable":true,"href":"https:\/\/miradordeatarfe.es\/index.php?rest_route=%2Fwp%2Fv2%2Fcomments&post=64296"}],"version-history":[{"count":2,"href":"https:\/\/miradordeatarfe.es\/index.php?rest_route=\/wp\/v2\/posts\/64296\/revisions"}],"predecessor-version":[{"id":64300,"href":"https:\/\/miradordeatarfe.es\/index.php?rest_route=\/wp\/v2\/posts\/64296\/revisions\/64300"}],"wp:featuredmedia":[{"embeddable":true,"href":"https:\/\/miradordeatarfe.es\/index.php?rest_route=\/wp\/v2\/media\/64298"}],"wp:attachment":[{"href":"https:\/\/miradordeatarfe.es\/index.php?rest_route=%2Fwp%2Fv2%2Fmedia&parent=64296"}],"wp:term":[{"taxonomy":"category","embeddable":true,"href":"https:\/\/miradordeatarfe.es\/index.php?rest_route=%2Fwp%2Fv2%2Fcategories&post=64296"},{"taxonomy":"post_tag","embeddable":true,"href":"https:\/\/miradordeatarfe.es\/index.php?rest_route=%2Fwp%2Fv2%2Ftags&post=64296"}],"curies":[{"name":"wp","href":"https:\/\/api.w.org\/{rel}","templated":true}]}}