{"id":64327,"date":"2023-10-24T09:04:59","date_gmt":"2023-10-24T07:04:59","guid":{"rendered":"https:\/\/miradordeatarfe.es\/?p=64327"},"modified":"2023-10-23T14:09:46","modified_gmt":"2023-10-23T12:09:46","slug":"hallan-el-foso-del-campamento-de-los-reyes-catolicos-en-santa-fe","status":"publish","type":"post","link":"https:\/\/miradordeatarfe.es\/?p=64327","title":{"rendered":"Hallan el foso del campamento de los Reyes Cat\u00f3licos en Santa Fe"},"content":{"rendered":"<h3 class=\"v-a-sub-t\">Las excavaciones realizadas por la UGR descubren una secci\u00f3n de esta cava que rodeaba todo el campamento de los Reyes Cat\u00f3licos y ladrillos de la primigenia Puerta de Ja\u00e9n<\/h3>\n<p class=\"v-p\">Pedro M\u00e1rtir de Angleria, cronista de los Reyes Cat\u00f3licos, describi\u00f3 hace quinientos a\u00f1os el campamento situado en Santa Fe desde el que los ej\u00e9rcitos de Castilla y Arag\u00f3n abordaron el asedio de Granada. Isabel y Fernando ordenaron \u00abque se fundase una ciudad torreada y murada, con su cava y foso, con cuatro puertas y en medio la plaza de armas\u00bb. Es decir, desde hace quinientos a\u00f1os se sabe, porque lo describi\u00f3 Angleria, que Santa Fe estuvo rodeada en su origen por un foso, pero jam\u00e1s se hab\u00edan encontrado evidencias f\u00edsicas de ello. Hasta ahora. Hasta principios de este a\u00f1o, para ser m\u00e1s exactos. Cuando un equipo del Laboratorio MemoLab de la Universidad de Granada, dirigido por el profesor Jos\u00e9 Mar\u00eda Mart\u00edn Civantos, encontr\u00f3 restos de esa cava en el transcurso de unas excavaciones realizadas junto a la Puerta de Ja\u00e9n y financiadas con dinero de la Diputaci\u00f3n. Estamos, sin lugar a dudas, ante uno de los descubrimientos arqueol\u00f3gicos m\u00e1s importantes de los \u00faltimos a\u00f1os.<\/p>\n<p class=\"v-p\">Pero la &#8216;cosa&#8217; no queda ah\u00ed. En una parcela aleda\u00f1a se ha localizado aparejo de ladrillo y tapial de tierra perteneciente a la Puerta de Ja\u00e9n original \u2013la actual es una reconstrucci\u00f3n del siglo XVII\u2013. La Puerta de Ja\u00e9n fue el principal punto de entrada y salida al recinto en tiempo de los Reyes Cat\u00f3licos por su cercan\u00eda con la ribera del Genil y varias poblaciones.<\/p>\n<div class=\"v-c-cmp \">\n<div class=\"v-d-cmp-m\">\n<article class=\"v-a v-a--cmp-m \">\n<div class=\"v-a-img-c v-a-img-c--fw-xs\">\n<figure class=\"v-a-fig\"><img data-recalc-dims=\"1\" loading=\"lazy\" decoding=\"async\" class=\"v-a-img lzld\" src=\"https:\/\/i0.wp.com\/s2.ppllstatics.com\/ideal\/www\/multimedia\/2023\/10\/21\/foso%20%286%29.jpg?resize=640%2C448&#038;ssl=1\" alt=\"La propiedad del solar donde se ha excavado muestra los restos de los ladrillos de la Puerta de Ja\u00e9n original.\" width=\"640\" height=\"448\" data-voc-vtm-id=\"in-text-traffic\" \/><figcaption class=\"v-fc\"><span class=\"v-fc__text\"> La propiedad del solar donde se ha excavado muestra los restos de los ladrillos de la Puerta de Ja\u00e9n original. <\/span> <span class=\"v-fc__ath\"> RAM\u00d3N L. P\u00c9REZ <\/span><\/figcaption><\/figure>\n<\/div>\n<\/article>\n<\/div>\n<\/div>\n<p class=\"v-p\">Tambi\u00e9n han aparecido bloques de grandes dimensiones, derrumbados, que \u00abmuy posiblemente\u00bb perteneciesen a la muralla de la ciudad.Otra hip\u00f3tesis veros\u00edmil, que habr\u00eda que corroborar si en alg\u00fan momento contin\u00faan los trabajos arqueol\u00f3gicos en la zona, es que estas &#8216;piedras&#8217; se podr\u00edan corresponder con la torre de Santiago que, seg\u00fan algunas fuentes, estar\u00eda situada frente a la Puerta de Ja\u00e9n. Este podr\u00eda ser el baluarte representado en el coro de la Catedral de Toledo.<\/p>\n<div class=\"v-c-cmp v-c-cmp--t1 v-bdr-b-m v-ovr-h\">\n<div class=\"v-d-cmp-nws\">\n<header class=\"v-cnt-m v-cnt-m--m\">\n<div class=\"v-cnt-m__h\">\u00a0<\/div>\n<\/header>\n<div class=\"v-d-cmp-nws__c\">\n<div class=\"v-g__c v-sld__s\">\n<div data-template=\"redesign2023\" data-voc-freezone=\"\" data-newsletter=\"patrimonio_granada_0688\" data-horizontal=\"true\">\n<div class=\"v-a-nws-w\" data-voc-al-type=\"al-widget\" data-voc-al-action=\"wid-alnw-show\" data-voc-multinl=\"alnw-wid-patrimonio_granada_0688\">\n<article class=\"v-a v-a--nws v-a--p-l v-a--p-t-xs \">\n<div class=\"v-a-info-c\">\n<h2 class=\"v-a-t \"><a>Granada, piedra sobre piedra<\/a><\/h2>\n<\/div>\n<\/article>\n<\/div>\n<\/div>\n<\/div>\n<\/div>\n<\/div>\n<\/div>\n<p class=\"v-p\">\u00abAs\u00ed pues \u2013concluye el informe de MemoLab al que ha tenido acceso este peri\u00f3dico\u2013 podemos corroborar que la muralla de Santa Fe fue algo m\u00e1s que una empalizada, aplic\u00e1ndose una tipolog\u00eda constructiva r\u00e1pida de efectuar, pero m\u00e1s resistente\u00bb.<\/p>\n<div class=\"v-c-cmp \">\n<div class=\"v-d-cmp-m\">\n<article class=\"v-a v-a--cmp-m \">\n<div class=\"v-a-img-c v-a-img-c--fw-xs\">\n<figure class=\"v-a-fig\"><img data-recalc-dims=\"1\" loading=\"lazy\" decoding=\"async\" class=\"v-a-img lzld\" src=\"https:\/\/i0.wp.com\/s1.ppllstatics.com\/ideal\/www\/multimedia\/2023\/10\/21\/foso%20%281%29.jpg?resize=640%2C448&#038;ssl=1\" alt=\"Puerta de Ja\u00e9n y solar donde se han hallado los restos.\" width=\"640\" height=\"448\" data-voc-vtm-id=\"in-text-traffic\" \/><figcaption class=\"v-fc\"><span class=\"v-fc__text\"> Puerta de Ja\u00e9n y solar donde se han hallado los restos. <\/span> <span class=\"v-fc__ath\"> RAM\u00d3N L. P\u00c9REZ <\/span><\/figcaption><\/figure>\n<\/div>\n<\/article>\n<\/div>\n<\/div>\n<p class=\"v-p\">Jos\u00e9 Mar\u00eda Mart\u00edn Civantos ha destacado que estamos ante unos hallazgos de singular importancia porque es la primera vez que se documenta, m\u00e1s all\u00e1 de los legajos, c\u00f3mo era aquella Santa Fe donde se produjeron algunos de los hechos m\u00e1s relevantes de la edad moderna de Espa\u00f1a.Por una parte, la conquista de Granada por parte de los Reyes Cat\u00f3licos el 2 de enero de 1492. Y, por otra, la firma de las capitulaciones, el 17 de abril de 1492, que recogen los acuerdos entre el navegante genov\u00e9s Crist\u00f3bal Col\u00f3n y los Reyes Cat\u00f3licos para el desarrollo de la primera expedici\u00f3n a las Indias (Am\u00e9rica).<\/p>\n<div class=\"v-c-cmp \"><iframe id=\"datawrapper-chart-yGHI9\" title=\"El lugar de los hallazgos\" src=\"https:\/\/datawrapper.dwcdn.net\/yGHI9\/\" height=\"753\" frameborder=\"0\" scrolling=\"no\" aria-label=\"Mapas de ubicaci\u00f3n\" data-external=\"1\" data-mce-fragment=\"1\"><\/iframe><\/div>\n<div class=\"v-c-cmp v-n-mrg\">\n<h3 class=\"v-d-cmp-sub-hl\">Oportunidad<\/h3>\n<\/div>\n<p class=\"v-p\">\u00abDesdeMemoLab consideramos que estamos ante una magn\u00edfica oportunidad para que, mediante un proceso de investigaci\u00f3n y puesta en valor, los ciudadanos y los visitantes puedan conocer c\u00f3mo era Santa Fe\u00bb, comenta Mart\u00edn Civantos. Una propuesta que coincide en gran medida con las pretensiones de la anterior corporaci\u00f3n y tambi\u00e9n de la actual. As\u00ed lo entiende el alcalde Juan Cobo, quien ha mostrado la predisposici\u00f3n del Ayuntamiento a que se contin\u00fae la labor emprendida y que estos vestigios sirvan para que se pueda explicar c\u00f3mo era aquella Santa Fe tan importante en la historia de Espa\u00f1a. Por lo pronto, todos los astros est\u00e1n alineados en la misma direcci\u00f3n.Junta, Diputaci\u00f3n y Ayuntamiento est\u00e1n gobernados por el PP.<\/p>\n<div class=\"v-c-cmp v-c-cmp--t1 v-c-cmp--ab-xs\">\n<div class=\"v-cmp-smy\">\n<article class=\"v-a v-a--cmp-smy \">\n<div class=\"v-a-info-c\">\n<h3 class=\"v-a-t\">Aparecen tambi\u00e9n unos bloques de grandes dimensiones que podr\u00edan pertenecer a la torre de Santiago<\/h3>\n<div class=\"v-a-pst\">\u00a0<\/div>\n<\/div>\n<\/article>\n<\/div>\n<\/div>\n<p class=\"v-p\">En este punto conviene recordar que tambi\u00e9n hay movimientos ciudadanos que reivindican que este espacio aleda\u00f1o a la Puerta de Ja\u00e9n se convierta en un futuro en un centro de interpretaci\u00f3n. Entre las \u00faltimas iniciativas, la emprendida por el historiador Jes\u00fas Buend\u00eda, la arque\u00f3loga Marisa Roger y el arquitecto Javier Salas.<\/p>\n<div class=\"v-c-cmp \">\n<div class=\"v-d-cmp-m\">\n<article class=\"v-a v-a--cmp-m \">\n<div class=\"v-a-img-c v-a-img-c--fw-xs\">\n<figure class=\"v-a-fig\"><img data-recalc-dims=\"1\" loading=\"lazy\" decoding=\"async\" class=\"v-a-img lzld\" src=\"https:\/\/i0.wp.com\/s1.ppllstatics.com\/ideal\/www\/multimedia\/2023\/10\/21\/foso%20%283%29.jpg?resize=640%2C896&#038;ssl=1\" alt=\"Puerta de Ja\u00e9n y sondeo arqueol\u00f3gico.\" width=\"640\" height=\"896\" data-voc-vtm-id=\"in-text-traffic\" \/><figcaption class=\"v-fc\"><span class=\"v-fc__text\"> Puerta de Ja\u00e9n y sondeo arqueol\u00f3gico. <\/span> <span class=\"v-fc__ath\"> RAM\u00d3N L. P\u00c9REZ <\/span><\/figcaption><\/figure>\n<\/div>\n<\/article>\n<\/div>\n<\/div>\n<p class=\"v-p\">Pero volvamos a esa ventana al pasado que se acaba de abrir en Santa Fe. \u00bfC\u00f3mo era el foso? Llama la atenci\u00f3n por sus dimensiones. Tiene una anchura de trece metros, mucho m\u00e1s grande de lo esperado. Por razones de tiempo, no se puede definir cu\u00e1l es su profundidad. MemoLab excav\u00f3 hasta los 2,2 metros aunque, en funci\u00f3n de otras estructuras parecidas, es probable que como m\u00ednimo tenga tres metros de hondo. En este tramo que ha aflorado se observa una especie de abertura por la que se abastec\u00eda la cava desde las acequias cercanas. Adem\u00e1s de funciones defensivas, este agua se utilizar\u00eda, posiblemente, para higiene y para apagar incendios en el campamento, que se levant\u00f3 en la primavera de 1491.<\/p>\n<p class=\"v-p\">El campamento ten\u00eda forma rectangular distribuida en forma de cuadr\u00edcula. Dentro se concentraban miles de soldados y cientos de nobles que se sumaron a la causa de la reconquista. En el centro, pabellones de campa\u00f1a donde se alojaban los Reyes Cat\u00f3licos y tiendas se\u00f1oriales.<\/p>\n<p class=\"v-p\">La Espa\u00f1a de hoy es la Espa\u00f1a que se empez\u00f3 a gestar hace quinientos a\u00f1os. En Santa Fe.<\/p>\n<p><a href=\"https:\/\/www.ideal.es\/autor\/jorge-pastor-400.html\"><strong>Jorge Pastor<\/strong><\/a><\/p>\n<article class=\"v-a v-a--d v-a--d-rpg v-a--p-b\">\n<div class=\"v-a-img-c v-a-img-c--fw-xs\">\n<figure class=\"v-a-fig\"><figcaption class=\"v-fc\"><span class=\"v-fc__text\">FOTO: El foso del campamento real en Santa Fe ten\u00eda una anchura de trece metros y una profundidad de tres.<\/span> <span class=\"v-fc__ath\">RAM\u00d3N L. P\u00c9REZ<\/span><\/figcaption><\/figure>\n<\/div>\n<div class=\"v-a-info-c \">\u00a0<\/div>\n<\/article>\n<div class=\"v-d v-d--abc v-d--rpg\">\n<div class=\"v-mdl-ath\" data-voc-component=\"viewport-not-visible\">\n<div class=\"v-mdl-ath__c v-mdl-ath__c--1\">\n<figure class=\"v-mdl-ath__fig\">https:\/\/www.ideal.es\/culturas\/hallan-foso-campamento-reyes-catolicos-santa-20231022173817-nt.html<\/figure>\n<div class=\"v-mdl-ath__info\">\n<p class=\"v-mdl-ath__p v-mdl-ath__p--name\">\u00a0<\/p>\n<\/div>\n<\/div>\n<\/div>\n<\/div>\n","protected":false},"excerpt":{"rendered":"<p>Las excavaciones realizadas por la UGR descubren una secci\u00f3n de esta cava que rodeaba todo&#8230;<\/p>\n","protected":false},"author":1,"featured_media":64328,"comment_status":"closed","ping_status":"closed","sticky":false,"template":"","format":"standard","meta":{"_coblocks_attr":"","_coblocks_dimensions":"","_coblocks_responsive_height":"","_coblocks_accordion_ie_support":"","jetpack_post_was_ever_published":false,"_jetpack_newsletter_access":"","_jetpack_dont_email_post_to_subs":false,"_jetpack_newsletter_tier_id":0,"_jetpack_memberships_contains_paywalled_content":false,"_jetpack_memberships_contains_paid_content":false,"footnotes":"","jetpack_publicize_message":"","jetpack_publicize_feature_enabled":true,"jetpack_social_post_already_shared":true,"jetpack_social_options":{"image_generator_settings":{"template":"highway","default_image_id":0,"enabled":false},"version":2}},"categories":[10781,44],"tags":[4559],"class_list":["post-64327","post","type-post","status-publish","format-standard","has-post-thumbnail","hentry","category-granada","category-noticias-de-hoy","tag-santa-fe"],"jetpack_publicize_connections":[],"jetpack_featured_media_url":"https:\/\/i0.wp.com\/miradordeatarfe.es\/wp-content\/uploads\/2023\/10\/foso-12.jpg?fit=1374%2C916&ssl=1","jetpack_likes_enabled":true,"jetpack_sharing_enabled":true,"_links":{"self":[{"href":"https:\/\/miradordeatarfe.es\/index.php?rest_route=\/wp\/v2\/posts\/64327","targetHints":{"allow":["GET"]}}],"collection":[{"href":"https:\/\/miradordeatarfe.es\/index.php?rest_route=\/wp\/v2\/posts"}],"about":[{"href":"https:\/\/miradordeatarfe.es\/index.php?rest_route=\/wp\/v2\/types\/post"}],"author":[{"embeddable":true,"href":"https:\/\/miradordeatarfe.es\/index.php?rest_route=\/wp\/v2\/users\/1"}],"replies":[{"embeddable":true,"href":"https:\/\/miradordeatarfe.es\/index.php?rest_route=%2Fwp%2Fv2%2Fcomments&post=64327"}],"version-history":[{"count":1,"href":"https:\/\/miradordeatarfe.es\/index.php?rest_route=\/wp\/v2\/posts\/64327\/revisions"}],"predecessor-version":[{"id":64329,"href":"https:\/\/miradordeatarfe.es\/index.php?rest_route=\/wp\/v2\/posts\/64327\/revisions\/64329"}],"wp:featuredmedia":[{"embeddable":true,"href":"https:\/\/miradordeatarfe.es\/index.php?rest_route=\/wp\/v2\/media\/64328"}],"wp:attachment":[{"href":"https:\/\/miradordeatarfe.es\/index.php?rest_route=%2Fwp%2Fv2%2Fmedia&parent=64327"}],"wp:term":[{"taxonomy":"category","embeddable":true,"href":"https:\/\/miradordeatarfe.es\/index.php?rest_route=%2Fwp%2Fv2%2Fcategories&post=64327"},{"taxonomy":"post_tag","embeddable":true,"href":"https:\/\/miradordeatarfe.es\/index.php?rest_route=%2Fwp%2Fv2%2Ftags&post=64327"}],"curies":[{"name":"wp","href":"https:\/\/api.w.org\/{rel}","templated":true}]}}