{"id":64333,"date":"2023-10-25T11:36:28","date_gmt":"2023-10-25T09:36:28","guid":{"rendered":"https:\/\/miradordeatarfe.es\/?p=64333"},"modified":"2023-10-25T13:40:18","modified_gmt":"2023-10-25T11:40:18","slug":"atarfe-formacion-al-alumnado-de-bachillerato-sobre-bienestar-emocional","status":"publish","type":"post","link":"https:\/\/miradordeatarfe.es\/?p=64333","title":{"rendered":"ATARFE: FORMACI\u00d3N AL ALUMNADO DE BACHILLERATO SOBRE BIENESTAR EMOCIONAL"},"content":{"rendered":"<h3 dir=\"auto\" style=\"text-align: justify;\"><span class=\"ILfuVd\" lang=\"es\"><span class=\"hgKElc\">El bienestar emocional es una de las bases para lograr una vida sana, feliz y plena.<\/span><\/span><\/h3>\n<div dir=\"auto\" style=\"text-align: justify;\">La Concejal\u00eda de Bienestar Social, en el marco de las I Jornadas de Salud Mental en Atarfe, desarrollar\u00e1 una formaci\u00f3n destinada a ayudar a los\/as alumnos\/as de 2\u00ba de Bachillerato del municipio a mejorar sus herramientas emocionales, d\u00e1ndoles una oportunidad a aquellos\/as adolescentes que necesiten recursos en materia de salud mental y que, por una raz\u00f3n u otra, no dispongan de los medios adecuados para adquirir dicha ayuda.\u00a0<\/div>\n<div dir=\"auto\" style=\"text-align: justify;\">\u00a0<\/div>\n<div dir=\"auto\" style=\"text-align: justify;\">El Concejal del \u00c1rea, Javier Arenas, ha se\u00f1alado que \u201cla intenci\u00f3n principal de este programa es fomentar una mejora exponencial de la salud mental de los\/as j\u00f3venes y, por tanto, tambi\u00e9n de su calidad de vida. Adem\u00e1s, queremos ayudarles a afrontar de forma m\u00e1s eficaz el reto que supone para ellos\/as superar la EvAU\u201d.\u00a0<\/div>\n<div dir=\"auto\" style=\"text-align: justify;\">\u00a0<\/div>\n<div dir=\"auto\" style=\"text-align: justify;\">Esta formaci\u00f3n estar\u00e1 impartida por Eva Jim\u00e9nez Mantas, gerente y trabajadora del Centro \u201cEva Jim\u00e9nez Psic\u00f3loga\u201d sito en Camino de la Vi\u00f1uela, 3, Puerta 2, de Atarfe, con m\u00e1s de 13 a\u00f1os de experiencia en el campo de la salud mental especializada, sobre todo, en gesti\u00f3n emocional, gesti\u00f3n de la ansiedad, estr\u00e9s, autoestima y problemas de la conducta, y la recibir\u00e1n un total de 118 alumnos\/as que contar\u00e1n con un total de 32 sesiones hasta final de curso.\u00a0<\/div>\n<div dir=\"auto\" style=\"text-align: justify;\">\n<div dir=\"auto\">tal de 32 sesiones hasta final de curso.\u00a0<\/div>\n<\/div>\n<div dir=\"auto\">\n<div dir=\"auto\" style=\"text-align: justify;\">\n<div dir=\"auto\">.\u00a0<\/div>\n<div dir=\"auto\"><span class=\"ILfuVd\" lang=\"es\"><span class=\"hgKElc\">El bienestar emocional es una de las bases para lograr una vida sana, feliz y plena. Cuando hablamos de bienestar emocional nos referimos al <b>estado de \u00e1nimo en el cual nos sentimos bien, tranquilos, percibimos que dominamos nuestras emociones y somos capaces de hacer frente a las presiones del d\u00eda a d\u00eda<\/b>.<\/span><\/span><\/div>\n<div dir=\"auto\">\u00a0<\/div>\n<\/div>\n<div dir=\"auto\" style=\"text-align: justify;\"><span class=\"JCzEY ZwRhJd\"><span class=\"CSkcDe\">\u00bfQu\u00e9 es la salud mental y el bienestar emocional?<\/span><\/span><\/div>\n<div dir=\"auto\" style=\"text-align: justify;\"><span class=\"ILfuVd\" lang=\"es\"><span class=\"hgKElc\"><b>La salud mental incluye nuestro bienestar emocional, psicol\u00f3gico y social<\/b>. Afecta la forma en que pensamos, sentimos y actuamos cuando enfrentamos la vida. Tambi\u00e9n ayuda a determinar c\u00f3mo manejamos el estr\u00e9s, nos relacionamos con los dem\u00e1s y tomamos decisiones.<\/span><\/span><\/div>\n<\/div>\n<div dir=\"auto\">\u00a0<\/div>\n<div dir=\"auto\"><iframe loading=\"lazy\" src=\"\/\/www.youtube.com\/embed\/P32GY5257hA?feature=shared\" width=\"560\" height=\"314\" allowfullscreen=\"allowfullscreen\"><\/iframe><\/div>\n<div dir=\"auto\">\u00a0<\/div>\n<div dir=\"auto\">FOTO: https:\/\/www.coaching-onfocus.com\/la-importancia-educar-la-gestion-emocional\/<\/div>\n","protected":false},"excerpt":{"rendered":"<p>El bienestar emocional es una de las bases para lograr una vida sana, feliz y&#8230;<\/p>\n","protected":false},"author":1,"featured_media":64334,"comment_status":"closed","ping_status":"closed","sticky":false,"template":"","format":"standard","meta":{"_coblocks_attr":"","_coblocks_dimensions":"","_coblocks_responsive_height":"","_coblocks_accordion_ie_support":"","jetpack_post_was_ever_published":false,"_jetpack_newsletter_access":"","_jetpack_dont_email_post_to_subs":false,"_jetpack_newsletter_tier_id":0,"_jetpack_memberships_contains_paywalled_content":false,"_jetpack_memberships_contains_paid_content":false,"footnotes":"","jetpack_publicize_message":"","jetpack_publicize_feature_enabled":true,"jetpack_social_post_already_shared":true,"jetpack_social_options":{"image_generator_settings":{"template":"highway","default_image_id":0,"enabled":false},"version":2}},"categories":[6916,187,10783,44],"tags":[],"class_list":["post-64333","post","type-post","status-publish","format-standard","has-post-thumbnail","hentry","category-ayuntamiento-de-atarfe","category-centros-educativos","category-la-opinion-de","category-noticias-de-hoy"],"jetpack_publicize_connections":[],"jetpack_featured_media_url":"https:\/\/i0.wp.com\/miradordeatarfe.es\/wp-content\/uploads\/2023\/10\/Sin-titulo-2.jpeg?fit=272%2C185&ssl=1","jetpack_likes_enabled":true,"jetpack_sharing_enabled":true,"_links":{"self":[{"href":"https:\/\/miradordeatarfe.es\/index.php?rest_route=\/wp\/v2\/posts\/64333","targetHints":{"allow":["GET"]}}],"collection":[{"href":"https:\/\/miradordeatarfe.es\/index.php?rest_route=\/wp\/v2\/posts"}],"about":[{"href":"https:\/\/miradordeatarfe.es\/index.php?rest_route=\/wp\/v2\/types\/post"}],"author":[{"embeddable":true,"href":"https:\/\/miradordeatarfe.es\/index.php?rest_route=\/wp\/v2\/users\/1"}],"replies":[{"embeddable":true,"href":"https:\/\/miradordeatarfe.es\/index.php?rest_route=%2Fwp%2Fv2%2Fcomments&post=64333"}],"version-history":[{"count":1,"href":"https:\/\/miradordeatarfe.es\/index.php?rest_route=\/wp\/v2\/posts\/64333\/revisions"}],"predecessor-version":[{"id":64335,"href":"https:\/\/miradordeatarfe.es\/index.php?rest_route=\/wp\/v2\/posts\/64333\/revisions\/64335"}],"wp:featuredmedia":[{"embeddable":true,"href":"https:\/\/miradordeatarfe.es\/index.php?rest_route=\/wp\/v2\/media\/64334"}],"wp:attachment":[{"href":"https:\/\/miradordeatarfe.es\/index.php?rest_route=%2Fwp%2Fv2%2Fmedia&parent=64333"}],"wp:term":[{"taxonomy":"category","embeddable":true,"href":"https:\/\/miradordeatarfe.es\/index.php?rest_route=%2Fwp%2Fv2%2Fcategories&post=64333"},{"taxonomy":"post_tag","embeddable":true,"href":"https:\/\/miradordeatarfe.es\/index.php?rest_route=%2Fwp%2Fv2%2Ftags&post=64333"}],"curies":[{"name":"wp","href":"https:\/\/api.w.org\/{rel}","templated":true}]}}