{"id":64345,"date":"2023-10-25T09:38:25","date_gmt":"2023-10-25T07:38:25","guid":{"rendered":"https:\/\/miradordeatarfe.es\/?p=64345"},"modified":"2023-10-24T17:14:17","modified_gmt":"2023-10-24T15:14:17","slug":"educacion-refuerza-la-vigilancia-ante-los-casos-de-violencia-de-genero-y-el-ciberacoso","status":"publish","type":"post","link":"https:\/\/miradordeatarfe.es\/?p=64345","title":{"rendered":"Educaci\u00f3n refuerza la vigilancia ante los casos de violencia de g\u00e9nero y el ciberacoso"},"content":{"rendered":"<article class=\"v-a v-a--d v-a--d-bs v-a--p-b\">\n<div class=\"v-a-info-c \">\n<h3 class=\"v-a-sub-t\" style=\"text-align: justify;\">La Junta forma a los profesores para que hagan seguimiento y lanza una campa\u00f1a de prevenci\u00f3n entre los adolescentes y su familias<\/h3>\n<\/div>\n<\/article>\n<div class=\"v-d v-d--ab-c v-d--bs\" style=\"text-align: justify;\">\n<div class=\"v-mdl-ath\" data-voc-component=\"viewport-not-visible\">\n<div class=\"v-mdl-ath__c v-mdl-ath__c--1\">\u00a0<\/div>\n<\/div>\n<\/div>\n<p class=\"v-p\" style=\"text-align: justify;\">Uniendo piezas para la igualdad. Ese es el lema del IV Congreso Andaluz de Coeducaci\u00f3n, que se celebra en Granada desde ayer hasta este martes. Sin encajar todas las piezas ser\u00e1 imposible acabar con la violencia contra las mujeres. Y esos trozos del puzle, que en este caso es la sociedad, deben unirse bien desde el principio, desde chiquititos. As\u00ed se puso de manifiesto en la primera jornada que suscit\u00f3 un gran inter\u00e9s. Hay casi 1.400 participantes llegados de todas las provincias andaluzas al Palacio de Congresos granadino.<\/p>\n<p class=\"v-p\" style=\"text-align: justify;\">Con la premisa de que la educaci\u00f3n es cosa de todos. El mensaje fue repetido en todos los discursos. Las familias y los centros educativos deben ir de la mano y no se puede demorar m\u00e1s. El llamamiento fue claro: \u00abUnir a la comunidad educativa, junto a las familias, para fomentar una educaci\u00f3n en igualdad, tolerancia, respeto, diversidad y no violencia\u00bb.<\/p>\n<p class=\"v-p\" style=\"text-align: justify;\">La consejera de Inclusi\u00f3n Social, Juventud, Familias e Igualdad, Loles L\u00f3pez, y la de Desarrollo Educativo y Formaci\u00f3n Profesional, Patricia del Pozo, junto a la directora del Instituto Andaluz de la Mujer (IAM), Olga Carri\u00f3n, fueron las encargadas de la inauguraci\u00f3n. En el acto tambi\u00e9n estuvo el presidente del Parlamento andaluz, Jes\u00fas Aguirre.<\/p>\n<p class=\"v-p\" style=\"text-align: justify;\">Patricia del Pozo aport\u00f3 algunos datos sobre el compromiso de la comunidad educativa. 46.000 docentes participan en el programa de prevenci\u00f3n de la violencia de g\u00e9nero, un programa que llega a 800.000 estudiantes en la comunidad aut\u00f3noma, que se imparte dentro de los centros educativos. El a\u00f1o pasado, por ejemplo, m\u00e1s de 6.000 docentes se formaron en igualdad de g\u00e9nero.<\/p>\n<p class=\"v-p\" style=\"text-align: justify;\">Desde el pasado curso, las familias est\u00e1n adquiriendo un papel \u00abmuy importante\u00bb dentro de los centros educativos. Ya no es solo con la l\u00ednea de subvenciones que tiene la administraci\u00f3n con las asociaciones de padres y madres (Ampas) para los proyectos en igualdad. \u00abTenemos un nuevo programa, ConRed, para cortocircuitar, adelantarnos, prevenir el ciberacoso, el mal uso de las redes sociales, y en eso necesitamos la implicaci\u00f3n de las familias. Todo para luchar contra cualquier conducta contraria a la igualdad\u00bb, explic\u00f3 la responsable pol\u00edtica. Este curso lo han solicitado 117 centros m\u00e1s hasta alcanzar los 367 en Andaluc\u00eda.<\/p>\n<p class=\"v-p\" style=\"text-align: justify;\">\u00abTenemos un protocolo contra la violencia de g\u00e9nero en el \u00e1mbito educativo, que vamos perfeccionando a medida que van pasando los cursos escolares. Estos congresos nos sirven tambi\u00e9n para mejorarlo\u00bb, dijo Del Pozo. \u00a0<\/p>\n<p class=\"v-p\" style=\"text-align: justify;\">\u00abEstamos terminando una herramienta nueva dentro de ese protocolo, que es un m\u00f3dulo de recogida de informaci\u00f3n. Esto es muy importante porque se va a activar a trav\u00e9s de S\u00e9neca (aplicaci\u00f3n con la que el profesorado desarrolla la gesti\u00f3n administrativa) y nos va a permitir obtener datos m\u00e1s precisos y actualizados de cada caso que se produzca para que podamos hacer un seguimiento much\u00edsimo m\u00e1s preciso de los casos de violencia de g\u00e9nero en el \u00e1mbito educativo\u00bb.<\/p>\n<p class=\"v-p\" style=\"text-align: justify;\">Por otra parte, Del Pozo habl\u00f3 de que 260 centros han pedido el programa ADA (Alumnado Ayudante Digital de Andaluc\u00eda), 63 m\u00e1s que en el curso anterior, lo que supone un crecimiento del 32%. Est\u00e1 destinado a primaria y secundaria e implica al estudiantado contra el acoso en redes.<\/p>\n<p class=\"v-p\" style=\"text-align: justify;\"><strong>Recursos para el aula<\/strong><\/p>\n<p class=\"v-p\" style=\"text-align: justify;\">En el marco del congreso, el Gobierno andaluz present\u00f3, adem\u00e1s, diferentes recursos coeducativos. La Consejer\u00eda de Igualdad va a poner a disposici\u00f3n de los centros educativos y las familias durante este curso escolar: una campa\u00f1a de prevenci\u00f3n de la violencia de g\u00e9nero en la juventud, una gu\u00eda y una serie de cuentos.<\/p>\n<p class=\"v-p\" style=\"text-align: justify;\">La campa\u00f1a de prevenci\u00f3n de la violencia de g\u00e9nero, que est\u00e1 dirigida a j\u00f3venes de 14 a 17 a\u00f1os, tiene como lema &#8216;Y t\u00fa\u2026 \u00bfqu\u00e9 har\u00edas?&#8217;. Son una serie de v\u00eddeos cortos, que se lanzar\u00e1n en redes sociales, para que los j\u00f3venes se impliquen e identifiquen situaciones y manifestaciones de la violencia de g\u00e9nero m\u00e1s habituales, como son la violencia sexual, el control a trav\u00e9s de redes sociales y el sexting. En uno de los v\u00eddeos, un grupo de j\u00f3venes, por ejemplo, recrea una situaci\u00f3n de acoso sexual en un botell\u00f3n.<\/p>\n<p class=\"v-p\" style=\"text-align: justify;\">Por otra parte, la gu\u00eda &#8216;Coeducaci\u00f3n y familia&#8217; hace reflexionar sobre conductas que hacen que ciertos estereotipos perduren. Y, por \u00faltimo, para la etapa de infantil, desde el Instituto Andaluz de la Mujer han elaborado la serie de videocuentos &#8216;Creciendo en igualdad con Pompa y Pompo&#8217;. Las familias, las capacidades y los buenos tratos son los protagonistas.<\/p>\n<p class=\"v-p\" style=\"text-align: justify;\">En el congreso de coeducaci\u00f3n el a\u00f1o pasado el 10% de los participantes eran hombres. Este a\u00f1o son el 30%. Solo con la unidad de todos y todas se podr\u00e1n derribar estereotipos de g\u00e9nero.<\/p>\n<p><a class=\"v-mdl-ath__fig-link\" title=\"Andrea G. Parra\" href=\"https:\/\/www.ideal.es\/autor\/andrea-g-parra-2731.html\"><strong>\u00a0<\/strong><\/a><strong><a href=\"https:\/\/www.ideal.es\/autor\/andrea-g-parra-2731.html\">Andrea G. Parra<\/a><\/strong><\/p>\n<p style=\"text-align: justify;\"><span class=\"v-fc__text\">FOTO: Las consejeras de Inclusi\u00f3n Social y Desarrollo Educativo muestran uno de los v\u00eddeos que la Junta ofrece como recurso a los centros educativos.<\/span> <span class=\"v-fc__ath\">Alfredo Aguilar<\/span><\/p>\n<div class=\"v-d v-d--ab-c v-d--bs\">\n<div class=\"v-mdl-ath\" data-voc-component=\"viewport-not-visible\">\n<div class=\"v-mdl-ath__c v-mdl-ath__c--1\">\n<p>https:\/\/www.ideal.es\/granada\/educacion-refuerza-vigilancia-ante-casos-violencia-genero-20231024235654-nt.html<\/p>\n<div class=\"v-mdl-ath__info\">\n<p class=\"v-mdl-ath__p v-mdl-ath__p--pst\">\u00a0<\/p>\n<\/div>\n<div class=\"v-mdl-ath__btn-c\">\u00a0<\/div>\n<\/div>\n<\/div>\n<\/div>\n<div class=\"v-mdl-ath__c v-mdl-ath__c--1\">\n<p class=\"v-mdl-ath__p v-mdl-ath__p--date\">\u00a0<\/p>\n<\/div>\n","protected":false},"excerpt":{"rendered":"<p>La Junta forma a los profesores para que hagan seguimiento y lanza una campa\u00f1a de&#8230;<\/p>\n","protected":false},"author":1,"featured_media":64346,"comment_status":"closed","ping_status":"closed","sticky":false,"template":"","format":"standard","meta":{"_coblocks_attr":"","_coblocks_dimensions":"","_coblocks_responsive_height":"","_coblocks_accordion_ie_support":"","jetpack_post_was_ever_published":false,"_jetpack_newsletter_access":"","_jetpack_dont_email_post_to_subs":false,"_jetpack_newsletter_tier_id":0,"_jetpack_memberships_contains_paywalled_content":false,"_jetpack_memberships_contains_paid_content":false,"footnotes":"","jetpack_publicize_message":"","jetpack_publicize_feature_enabled":true,"jetpack_social_post_already_shared":true,"jetpack_social_options":{"image_generator_settings":{"template":"highway","default_image_id":0,"enabled":false},"version":2}},"categories":[187,14,44],"tags":[27],"class_list":["post-64345","post","type-post","status-publish","format-standard","has-post-thumbnail","hentry","category-centros-educativos","category-feminismo","category-noticias-de-hoy","tag-educacion"],"jetpack_publicize_connections":[],"jetpack_featured_media_url":"https:\/\/i0.wp.com\/miradordeatarfe.es\/wp-content\/uploads\/2023\/10\/congreso-educacion-kHOC-U2105087005274cH-758x531%40Ideal.webp?fit=758%2C531&ssl=1","jetpack_likes_enabled":true,"jetpack_sharing_enabled":true,"_links":{"self":[{"href":"https:\/\/miradordeatarfe.es\/index.php?rest_route=\/wp\/v2\/posts\/64345","targetHints":{"allow":["GET"]}}],"collection":[{"href":"https:\/\/miradordeatarfe.es\/index.php?rest_route=\/wp\/v2\/posts"}],"about":[{"href":"https:\/\/miradordeatarfe.es\/index.php?rest_route=\/wp\/v2\/types\/post"}],"author":[{"embeddable":true,"href":"https:\/\/miradordeatarfe.es\/index.php?rest_route=\/wp\/v2\/users\/1"}],"replies":[{"embeddable":true,"href":"https:\/\/miradordeatarfe.es\/index.php?rest_route=%2Fwp%2Fv2%2Fcomments&post=64345"}],"version-history":[{"count":1,"href":"https:\/\/miradordeatarfe.es\/index.php?rest_route=\/wp\/v2\/posts\/64345\/revisions"}],"predecessor-version":[{"id":64347,"href":"https:\/\/miradordeatarfe.es\/index.php?rest_route=\/wp\/v2\/posts\/64345\/revisions\/64347"}],"wp:featuredmedia":[{"embeddable":true,"href":"https:\/\/miradordeatarfe.es\/index.php?rest_route=\/wp\/v2\/media\/64346"}],"wp:attachment":[{"href":"https:\/\/miradordeatarfe.es\/index.php?rest_route=%2Fwp%2Fv2%2Fmedia&parent=64345"}],"wp:term":[{"taxonomy":"category","embeddable":true,"href":"https:\/\/miradordeatarfe.es\/index.php?rest_route=%2Fwp%2Fv2%2Fcategories&post=64345"},{"taxonomy":"post_tag","embeddable":true,"href":"https:\/\/miradordeatarfe.es\/index.php?rest_route=%2Fwp%2Fv2%2Ftags&post=64345"}],"curies":[{"name":"wp","href":"https:\/\/api.w.org\/{rel}","templated":true}]}}