{"id":64349,"date":"2023-10-25T09:48:46","date_gmt":"2023-10-25T07:48:46","guid":{"rendered":"https:\/\/miradordeatarfe.es\/?p=64349"},"modified":"2023-10-25T09:48:46","modified_gmt":"2023-10-25T07:48:46","slug":"hoy-hace-142-anos-del-nacimiento-de-pablo-ruiz-picasso","status":"publish","type":"post","link":"https:\/\/miradordeatarfe.es\/?p=64349","title":{"rendered":"HOY HACE 142 A\u00d1OS DEL NACIMIENTO DE PABLO RUIZ PICASSO"},"content":{"rendered":"<h3 dir=\"auto\" style=\"text-align: justify;\">El 25 de Octubre de 1881, en M\u00e1laga, Espa\u00f1a, nac\u00eda uno de los mas grandes artistas del siglo XX y fundador del movimiento Cubista, ese d\u00eda llegaba al mundo Pablo Picasso.<\/h3>\n<div dir=\"auto\" style=\"text-align: justify;\">\u00a0<\/div>\n<div dir=\"auto\" style=\"text-align: justify;\">Bautizado con el incre\u00edble nombre de <strong>Pablo Diego Jos\u00e9 Francisco de Paula Juan Nepomuceno Cipriano de la Sant\u00edsima Trinidad Ruiz Picasso,<\/strong> es criado en el seno de una familia burguesa y con inclinaciones art\u00edsticas. Ya a los 8 a\u00f1os pintaba al \u00f3leo con un realismo feroz, era tan brillante que en un solo d\u00eda dio todos los ex\u00e1menes de ingreso a la &#8216;Escuela de bellas artes de Barcelona&#8217;.<\/div>\n<div dir=\"auto\" style=\"text-align: justify;\">\u00a0<\/div>\n<div dir=\"auto\" style=\"text-align: justify;\">Durante esos a\u00f1os, a\u00fan sin un estilo definido pintaba retratos de personajes humildes y populares o algunas corridas de toros, siempre enmarcado en el modernismo Catal\u00e1n. Tuvo una breve estad\u00eda en Madrid, donde fue a estudiar la obra de los grandes de la pintura espa\u00f1ola. En 1900 fue a la exposici\u00f3n mundial de Par\u00eds donde se exhib\u00eda su cuadro &#8216;\u00daltimos momentos&#8217;, actualmente desaparecido. Luego del suicidio de su mejor amigo, Picasso, bajo un gran dolor pint\u00f3 &#8216;El entierro de Casagemas&#8217; y durante cuatro a\u00f1os solo pintaba cuadros en tonos de azules.<\/div>\n<div dir=\"auto\" style=\"text-align: justify;\">\u00a0<\/div>\n<div dir=\"auto\" style=\"text-align: justify;\">En esos a\u00f1os pinto &#8216;La Vida&#8217; uno de sus cuadros mas recordados, fue una \u00e9poca muy prol\u00edfica que culmin\u00f3 cuando se muda a Par\u00eds. All\u00ed comenz\u00f3 su per\u00edodo Rosa, donde se destacaba mas el dibujo que el color, de estos a\u00f1os son &#8216;La familia de saltimbanquis&#8217; y &#8216;El loco&#8217;. En 1906 comenz\u00f3 a inspirarse en mascaras madrile\u00f1as y sus pinturas parec\u00edan reflejar esculturas no personas, se estaba gestando el Cubismo, entre estas obras se encuentra &#8216;Las se\u00f1oritas de Avi\u00f1on&#8217;, considerado el punto de inflexi\u00f3n.<\/div>\n<div dir=\"auto\" style=\"text-align: justify;\">\u00a0<\/div>\n<div dir=\"auto\" style=\"text-align: justify;\">En 1908 junto con Braqu\u00e9 formularon el Cubismo puro, origen de casi todos los movimientos vanguardistas de Europa de principios del siglo XX. En 1911 fue detenido acusado de formar una banda que hab\u00eda robado &#8216;La Gioconda&#8217;, pero fue liberado. Para 1914 ya exist\u00edan mas de 20 variantes del Cubismo que regaban los museos de Europa, aunque Picasso nunca se apart\u00f3 a su estilo, sigui\u00f3 haciendo obras realistas y surrealistas, incursion\u00f3 en la escultura, el modelado del hierro, se calcula que mas de 2000 obras suyas est\u00e1n diseminadas por los museos del mundo. En 1937 le es encargado un mural para la segunda exposici\u00f3n mundial de Par\u00eds, donde Picasso, en respuesta al avance belicista en su pa\u00eds, realiza &#8216;El Guernica&#8217;. Denostada por la cr\u00edtica fascista de la \u00e9poca, es una bell\u00edsima y pacifista obra que a\u00fan deslumbra.<\/div>\n<div dir=\"auto\" style=\"text-align: justify;\">\u00a0<\/div>\n<div dir=\"auto\" style=\"text-align: justify;\">A pesar que su obra continu\u00f3 muchos a\u00f1os m\u00e1s, fue este el pin\u00e1culo de su carrera como artista y como hombre. Consultado sobre la eficacia de &#8216;El Guernica&#8217; como instrumento de propaganda, Picasso dijo &#8216;-La pintura no est\u00e1 hecha para decorar las habitaciones. Es un instrumento de guerra ofensivo y defensivo contra el enemigo&#8217;. La muerte le encontr\u00f3 el\u00a0 8 de abril de 1973, en Mougins, Francia.<\/div>\n<div dir=\"auto\">\u00a0<\/div>\n<div dir=\"auto\" style=\"text-align: justify;\"><a href=\"https:\/\/i0.wp.com\/miradordeatarfe.es\/wp-content\/uploads\/2023\/10\/FB_IMG_1681136157423.jpg?ssl=1\"><img data-recalc-dims=\"1\" loading=\"lazy\" decoding=\"async\" class=\"alignnone wp-image-64351 size-full\" src=\"https:\/\/i0.wp.com\/miradordeatarfe.es\/wp-content\/uploads\/2023\/10\/FB_IMG_1681136157423.jpg?resize=640%2C517&#038;ssl=1\" alt=\"\" width=\"640\" height=\"517\" srcset=\"https:\/\/i0.wp.com\/miradordeatarfe.es\/wp-content\/uploads\/2023\/10\/FB_IMG_1681136157423.jpg?w=960&amp;ssl=1 960w, https:\/\/i0.wp.com\/miradordeatarfe.es\/wp-content\/uploads\/2023\/10\/FB_IMG_1681136157423.jpg?resize=300%2C242&amp;ssl=1 300w, https:\/\/i0.wp.com\/miradordeatarfe.es\/wp-content\/uploads\/2023\/10\/FB_IMG_1681136157423.jpg?resize=768%2C620&amp;ssl=1 768w\" sizes=\"auto, (max-width: 640px) 100vw, 640px\" \/><\/a><\/div>\n<div dir=\"auto\" style=\"text-align: justify;\"><a href=\"https:\/\/www.wikiart.org\/es\/pablo-picasso\" target=\"_blank\" rel=\"noopener noreferrer\" data-saferedirecturl=\"https:\/\/www.google.com\/url?q=https:\/\/www.wikiart.org\/es\/pablo-picasso&amp;source=gmail&amp;ust=1698305748533000&amp;usg=AOvVaw0ojRKKJE_D7SNIGGDhRPJZ\">https:\/\/www.wikiart.org\/es\/<wbr \/>pablo-picasso<\/a><\/div>\n<div dir=\"auto\">\u00a0<\/div>\n<div dir=\"auto\"><a href=\"https:\/\/es.wikipedia.org\/wiki\/Pablo_Picasso\" target=\"_blank\" rel=\"noopener noreferrer\" data-saferedirecturl=\"https:\/\/www.google.com\/url?q=https:\/\/es.wikipedia.org\/wiki\/Pablo_Picasso&amp;source=gmail&amp;ust=1698305748533000&amp;usg=AOvVaw29sGbzWVWCVVMKxveEZyzK\">https:\/\/es.wikipedia.org\/wiki\/<wbr \/>Pablo_Picasso<\/a><\/div>\n<div dir=\"auto\">\u00a0<\/div>\n<div dir=\"auto\">FOTO ; https:\/\/histoiredelart-xiaoyu.blogspot.com\/2016\/02\/serie-des-guitares-pablo-ruiz-picasso.html<\/div>\n","protected":false},"excerpt":{"rendered":"<p>El 25 de Octubre de 1881, en M\u00e1laga, Espa\u00f1a, nac\u00eda uno de los mas grandes&#8230;<\/p>\n","protected":false},"author":1,"featured_media":64350,"comment_status":"closed","ping_status":"closed","sticky":false,"template":"","format":"standard","meta":{"_coblocks_attr":"","_coblocks_dimensions":"","_coblocks_responsive_height":"","_coblocks_accordion_ie_support":"","jetpack_post_was_ever_published":false,"_jetpack_newsletter_access":"","_jetpack_dont_email_post_to_subs":false,"_jetpack_newsletter_tier_id":0,"_jetpack_memberships_contains_paywalled_content":false,"_jetpack_memberships_contains_paid_content":false,"footnotes":"","jetpack_publicize_message":"","jetpack_publicize_feature_enabled":true,"jetpack_social_post_already_shared":true,"jetpack_social_options":{"image_generator_settings":{"template":"highway","default_image_id":0,"enabled":false},"version":2}},"categories":[44,6937],"tags":[],"class_list":["post-64349","post","type-post","status-publish","format-standard","has-post-thumbnail","hentry","category-noticias-de-hoy","category-sociedad"],"jetpack_publicize_connections":[],"jetpack_featured_media_url":"https:\/\/i0.wp.com\/miradordeatarfe.es\/wp-content\/uploads\/2023\/10\/884576.png?fit=400%2C300&ssl=1","jetpack_likes_enabled":true,"jetpack_sharing_enabled":true,"_links":{"self":[{"href":"https:\/\/miradordeatarfe.es\/index.php?rest_route=\/wp\/v2\/posts\/64349","targetHints":{"allow":["GET"]}}],"collection":[{"href":"https:\/\/miradordeatarfe.es\/index.php?rest_route=\/wp\/v2\/posts"}],"about":[{"href":"https:\/\/miradordeatarfe.es\/index.php?rest_route=\/wp\/v2\/types\/post"}],"author":[{"embeddable":true,"href":"https:\/\/miradordeatarfe.es\/index.php?rest_route=\/wp\/v2\/users\/1"}],"replies":[{"embeddable":true,"href":"https:\/\/miradordeatarfe.es\/index.php?rest_route=%2Fwp%2Fv2%2Fcomments&post=64349"}],"version-history":[{"count":1,"href":"https:\/\/miradordeatarfe.es\/index.php?rest_route=\/wp\/v2\/posts\/64349\/revisions"}],"predecessor-version":[{"id":64352,"href":"https:\/\/miradordeatarfe.es\/index.php?rest_route=\/wp\/v2\/posts\/64349\/revisions\/64352"}],"wp:featuredmedia":[{"embeddable":true,"href":"https:\/\/miradordeatarfe.es\/index.php?rest_route=\/wp\/v2\/media\/64350"}],"wp:attachment":[{"href":"https:\/\/miradordeatarfe.es\/index.php?rest_route=%2Fwp%2Fv2%2Fmedia&parent=64349"}],"wp:term":[{"taxonomy":"category","embeddable":true,"href":"https:\/\/miradordeatarfe.es\/index.php?rest_route=%2Fwp%2Fv2%2Fcategories&post=64349"},{"taxonomy":"post_tag","embeddable":true,"href":"https:\/\/miradordeatarfe.es\/index.php?rest_route=%2Fwp%2Fv2%2Ftags&post=64349"}],"curies":[{"name":"wp","href":"https:\/\/api.w.org\/{rel}","templated":true}]}}