{"id":64421,"date":"2023-10-26T08:28:17","date_gmt":"2023-10-26T06:28:17","guid":{"rendered":"https:\/\/miradordeatarfe.es\/?p=64421"},"modified":"2023-10-26T12:30:03","modified_gmt":"2023-10-26T10:30:03","slug":"a-la-caza-de-una-plaza-imserso-claves-para-tener-prioridad-a-la-hora-de-reservar-viaje","status":"publish","type":"post","link":"https:\/\/miradordeatarfe.es\/?p=64421","title":{"rendered":"A la caza de una plaza Imserso: claves para tener prioridad a la hora de reservar viaje"},"content":{"rendered":"<h3 style=\"text-align: justify;\">Se valora la edad, situaci\u00f3n de discapacidad, estado econ\u00f3mico, participaci\u00f3n en el programa en a\u00f1os anteriores, o si se es o no familia numerosa. En anteriores ocasiones, muchos de los solicitantes se quejaban de que se hab\u00edan quedado sin plaza en los viajes.<\/h3>\n<div class=\"post\" style=\"text-align: justify;\">\n<p>El\u00a0 jueves 26 de octubre arranca las venta de los viajes del Imserso, y con ello lo hace tambi\u00e9n la batalla de los pensionistas para hacerse con una plaza. En anteriores ocasiones, muchos de los solicitantes se quejaban de que se hab\u00edan quedado sin sitio, por lo que es importante conocer cu\u00e1les son los criterios del Instituto para realizar el reparto<a href=\"https:\/\/www.preferente.com\/noticias-de-agencias-de-viajes\/imserso-arranca-el-periodo-para-inscribirse-en-la-proxima-temporada-328151.html\" rel=\"bookmark\"> (<\/a><a href=\"https:\/\/www.preferente.com\/noticias-de-agencias-de-viajes\/imserso-lista-de-los-destinos-que-saldran-a-la-venta-el-26-de-octubre-330675.html\" rel=\"bookmark\">Imserso: lista de los destinos que saldr\u00e1n a la venta el 26 de octubre<\/a>).<\/p>\n<p>Seg\u00fan se recoge en el Bolet\u00edn Oficial del Estado (BOE), las bases establecen varios criterios que, en funci\u00f3n de la situaci\u00f3n personal, otorgan unos puntos determinados, que var\u00edan respecto a otras ediciones. Estos son la edad, situaci\u00f3n de discapacidad, estado econ\u00f3mico, participaci\u00f3n en el programa en a\u00f1os anteriores, o si se es o no familia numerosa.<\/p>\n<p>En el primero de los apartados, la referencia para esta valoraci\u00f3n ser\u00e1 la edad del solicitante a d\u00eda 31 de diciembre del a\u00f1o en que finalice el plazo de presentaci\u00f3n. Los menores de 60 a\u00f1os, recibir\u00e1n 1 punto; los de 60 a\u00f1os, 2 puntos, e ir\u00e1n sumando uno m\u00e1s por cada a\u00f1o cumplido hasta alcanzar los 20 con 78 a\u00f1os cumplidos. Aquellos que superen los 78 a\u00f1os se les asignar\u00e1 el m\u00e1ximo de 20.<\/p>\n<p>En cuanto a la situaci\u00f3n econ\u00f3mica, se tendr\u00e1 en cuenta el importe de la pensi\u00f3n no contributiva de jubilaci\u00f3n o invalidez. Entre 484,61 y 900 euros: 45 puntos; 900-1.050 euros: 40 puntos; 1.050-1.200 euros: 35 puntos; 1.200-1.350 euros: 30 puntos; 1.350-1.500 euros: 25 puntos; 1.500-1.650 euros: 20 puntos; 1.650-1.800 euros: 15 puntos; 1.800-1950 euros: 10 puntos; 1.950-2.100 euros: 5 puntos; y m\u00e1s de 2.100 euros: 0 puntos.<\/p>\n<p>El cuarto punto favorece que accedan al programa personas que no han disfrutado de su plaza en a\u00f1os anteriores. Tomar\u00e1 en consideraci\u00f3n las 2 \u00faltimas temporadas, y el reparto de puntos ser\u00e1 de la siguiente manera:<\/p>\n<p>&#8211; Personas usuarias con acreditaci\u00f3n en fase de lista de espera en la temporada 2022\/2023: 175 puntos.<\/p>\n<p>&#8211; Personas usuarias que no hayan viajado en las 2 \u00faltimas temporadas: 50 puntos.<\/p>\n<p>&#8211; Personas usuarias que no hayan viajado en la temporada 2022\/2023 y s\u00ed en la 2021\/2022: 40 puntos.<\/p>\n<p>&#8211; Personas usuarias que s\u00ed hayan viajado en la temporada 2022\/2023 y no en la 2021\/2022: 20 puntos.<\/p>\n<p>&#8211; Personas usuarias que s\u00ed hayan viajado en las 2 \u00faltimas temporadas, la puntuaci\u00f3n m\u00e1xima ser\u00e1 de 10 puntos, aunque si se han realizado 2 o m\u00e1s viajes en cualquiera de los a\u00f1os, ser\u00e1n 0 puntos.<\/p>\n<p>Finalmente, otro de los aspectos importantes es la dimensi\u00f3n de la unidad familiar. Si el titular de la solicitud es miembro de una familia numerosa de categor\u00eda general tendr\u00e1 5 puntos, mientras que si pertenece a la categor\u00eda especial ser\u00e1n 10 puntos.<\/p>\n<p>&nbsp;<\/p>\n<\/div>\n<p style=\"text-align: justify;\">\u00a0<\/p>\n<div>\n<div class=\"lineaseparador\" style=\"text-align: justify;\">\u00a0<\/div>\n\n<div id=\"beacon_ec661185d4\" style=\"text-align: justify;\"><img loading=\"lazy\" decoding=\"async\" src=\"https:\/\/adv6.grupopreferente.com\/www\/delivery\/lg.php?bannerid=1392&amp;campaignid=630&amp;zoneid=65&amp;loc=https%3A%2F%2Fwww.preferente.com%2Fnoticias-de-agencias-de-viajes%2Fimserso-claves-para-tener-prioridad-a-la-hora-de-reservar-viajes-328232.html&amp;referer=https%3A%2F%2Fwww.preferente.com%2Fnoticias-de-agencias-de-viajes%2Fimserso-claves-para-tener-prioridad-a-la-hora-de-reservar-viajes-328232.html&amp;cb=ec661185d4\" alt=\"\" width=\"0\" height=\"0\" \/><\/div>\n<div class=\"lineaseparador\" style=\"text-align: justify;\">\u00a0<\/div>\n<\/div>\n","protected":false},"excerpt":{"rendered":"<p>Se valora la edad, situaci\u00f3n de discapacidad, estado econ\u00f3mico, participaci\u00f3n en el programa en a\u00f1os&#8230;<\/p>\n","protected":false},"author":1,"featured_media":64423,"comment_status":"closed","ping_status":"closed","sticky":false,"template":"","format":"standard","meta":{"_coblocks_attr":"","_coblocks_dimensions":"","_coblocks_responsive_height":"","_coblocks_accordion_ie_support":"","jetpack_post_was_ever_published":false,"_jetpack_newsletter_access":"","_jetpack_dont_email_post_to_subs":false,"_jetpack_newsletter_tier_id":0,"_jetpack_memberships_contains_paywalled_content":false,"_jetpack_memberships_contains_paid_content":false,"footnotes":"","jetpack_publicize_message":"","jetpack_publicize_feature_enabled":true,"jetpack_social_post_already_shared":true,"jetpack_social_options":{"image_generator_settings":{"template":"highway","default_image_id":0,"enabled":false},"version":2}},"categories":[44,6937],"tags":[],"class_list":["post-64421","post","type-post","status-publish","format-standard","has-post-thumbnail","hentry","category-noticias-de-hoy","category-sociedad"],"jetpack_publicize_connections":[],"jetpack_featured_media_url":"https:\/\/i0.wp.com\/miradordeatarfe.es\/wp-content\/uploads\/2023\/10\/IMSERSO.jpg?fit=600%2C337&ssl=1","jetpack_likes_enabled":true,"jetpack_sharing_enabled":true,"_links":{"self":[{"href":"https:\/\/miradordeatarfe.es\/index.php?rest_route=\/wp\/v2\/posts\/64421","targetHints":{"allow":["GET"]}}],"collection":[{"href":"https:\/\/miradordeatarfe.es\/index.php?rest_route=\/wp\/v2\/posts"}],"about":[{"href":"https:\/\/miradordeatarfe.es\/index.php?rest_route=\/wp\/v2\/types\/post"}],"author":[{"embeddable":true,"href":"https:\/\/miradordeatarfe.es\/index.php?rest_route=\/wp\/v2\/users\/1"}],"replies":[{"embeddable":true,"href":"https:\/\/miradordeatarfe.es\/index.php?rest_route=%2Fwp%2Fv2%2Fcomments&post=64421"}],"version-history":[{"count":1,"href":"https:\/\/miradordeatarfe.es\/index.php?rest_route=\/wp\/v2\/posts\/64421\/revisions"}],"predecessor-version":[{"id":64422,"href":"https:\/\/miradordeatarfe.es\/index.php?rest_route=\/wp\/v2\/posts\/64421\/revisions\/64422"}],"wp:featuredmedia":[{"embeddable":true,"href":"https:\/\/miradordeatarfe.es\/index.php?rest_route=\/wp\/v2\/media\/64423"}],"wp:attachment":[{"href":"https:\/\/miradordeatarfe.es\/index.php?rest_route=%2Fwp%2Fv2%2Fmedia&parent=64421"}],"wp:term":[{"taxonomy":"category","embeddable":true,"href":"https:\/\/miradordeatarfe.es\/index.php?rest_route=%2Fwp%2Fv2%2Fcategories&post=64421"},{"taxonomy":"post_tag","embeddable":true,"href":"https:\/\/miradordeatarfe.es\/index.php?rest_route=%2Fwp%2Fv2%2Ftags&post=64421"}],"curies":[{"name":"wp","href":"https:\/\/api.w.org\/{rel}","templated":true}]}}