{"id":64428,"date":"2023-10-27T10:00:17","date_gmt":"2023-10-27T08:00:17","guid":{"rendered":"https:\/\/miradordeatarfe.es\/?p=64428"},"modified":"2023-10-26T14:27:01","modified_gmt":"2023-10-26T12:27:01","slug":"circe-maia-recibe-el-premio-lorca-muy-emocionada-y-recuerda-su-vinculo-con-la-poesia-lorquiana-desde-nina","status":"publish","type":"post","link":"https:\/\/miradordeatarfe.es\/?p=64428","title":{"rendered":"Circe Maia recibe el Premio Lorca \u00abmuy emocionada\u00bb y recuerda su v\u00ednculo con la poes\u00eda lorquiana desde ni\u00f1a"},"content":{"rendered":"<div class=\"cuerpo\">\n<h3 style=\"text-align: justify;\">La poeta uruguaya Circe Maia, de 91 a\u00f1os, ha recibido la noticia de la concesi\u00f3n del XX Premio Internacional de Poes\u00eda Federico Garc\u00eda Lorca \u00abmuy emocionada\u00bb en tanto con apenas once a\u00f1os empez\u00f3 a leer los poemas del escritor de Fuente Vaqueros y trataba de escribir como escrib\u00eda \u00e9l.<\/h3>\n<p style=\"text-align: justify;\">As\u00ed queda de manifiesto en un audio remitido a los medios por el Ayuntamiento de Granada en el que la alcaldesa, Marifr\u00e1n Carazo, comunica el fallo del Premio Lorca a Circe Maia, en una llamada que ha atendido la hija de la poeta, Alicia Ferreira.<\/p>\n<p style=\"text-align: justify;\">Esta familiar ha detallado a Carazo, que le ha trasladado la felicitaci\u00f3n de la ciudad de Granada, que se han despertado en Uruguay con la noticia, ya recogida por la prensa local, de esta distinci\u00f3n, y con las felicitaciones derivadas de la misma.<\/p>\n<p class=\"sumari\" style=\"text-align: justify;\">La hija de la poeta, que no se encuentra bien de salud, ha trasladado el \u00abenorme orgullo\u00bb por recibir este \u00absorpresivo\u00bb premio<\/p>\n<p style=\"text-align: justify;\">Pese a no estar bien de salud y haber pasado una mala noche, al tener conocimiento de la noticia, Maia ha trasladado a sus familiares el \u00abenorme orgullo\u00bb con el que tambi\u00e9n ha recibido este \u00absorpresivo\u00bb premio \u00aby desde Granada, qu\u00e9 hermosura\u00bb, ha detallado su hija.<\/p>\n<p style=\"text-align: justify;\">\u00abMi madre adora\u00bb Granada, ciudad que conoce, ha agregado, agradeciendo la concesi\u00f3n del premio que lleva el nombre de Federico, poeta del que \u00abdevoraba\u00bb sus libros, hasta el punto de que los primeros poemas de la ni\u00f1a que fue Circe Maia, que se publicaron en un peque\u00f1o libro cuando ella ten\u00eda 12 o 13 a\u00f1os, \u00abtiene todas las semblanzas de la poes\u00eda de Lorca\u00bb. Ferreira ha mencionado tambi\u00e9n el \u00aborgullo\u00bb de la familia por este reconocimiento a su progenitora.<\/p>\n<p style=\"text-align: justify;\">\u00abEsperemos que se recupere muy pronto\u00bb, ha indicado Carazo en respuesta, traslad\u00e1ndole que el Premio Lorca se entregar\u00eda en principio en primavera, en un acto cuya fecha quieren cuadrar con la galardonada al objeto de que pudiera estar en Granada. Todo ello en la 20 edici\u00f3n del galard\u00f3n, \u00abun n\u00famero redondo\u00bb para el que el Ayuntamiento prepara un \u00abgran acto\u00bb al que tambi\u00e9n estar\u00e1n invitados otros premiados.<\/p>\n<p style=\"text-align: justify;\">El acta del jurado, consultada por Europa Press, ha dejado constancia de que Maia \u00abse ha mantenido al margen de tendencias po\u00e9ticas dominantes\u00bb, como autora \u00abde una obra personal y de influencia en espa\u00f1ol\u00bb, habiendo \u00abconvertido la poes\u00eda en un m\u00e9todo de conocimiento de la realidad, que se basa en la experiencia diaria con un lenguaje transparente y exacto\u00bb.<\/p>\n<p style=\"text-align: justify;\">Dotado con 20.000 euros, al XX Premio Lorca se han presentado un total de 35 candidaturas, de las que nueve correspond\u00edan a mujeres, a petici\u00f3n de 75 entidades e instituciones nacionales e internacionales que hab\u00edan remitido sus propuestas.<\/p>\n<div style=\"text-align: justify;\"><span class=\"autor\"> Europa Press<\/span><\/div>\n<div>\u00a0<\/div>\n<div>FOTO: https:\/\/alchetron.com\/Circe-Maia<\/div>\n<div>\u00a0<\/div>\n<div>https:\/\/www.elindependientedegranada.es\/cultura\/circe-maia-recibe-premio-lorca-muy-emocionada-recuerda-vinculo-con-poesia-lorquiana-nina<\/div>\n<div>\u00a0<\/div>\n<\/div>\n<div>\n<div id=\"disqus_thread\">\u00a0<\/div>\n<\/div>\n","protected":false},"excerpt":{"rendered":"<p>La poeta uruguaya Circe Maia, de 91 a\u00f1os, ha recibido la noticia de la concesi\u00f3n&#8230;<\/p>\n","protected":false},"author":1,"featured_media":64429,"comment_status":"closed","ping_status":"closed","sticky":false,"template":"","format":"standard","meta":{"_coblocks_attr":"","_coblocks_dimensions":"","_coblocks_responsive_height":"","_coblocks_accordion_ie_support":"","jetpack_post_was_ever_published":false,"_jetpack_newsletter_access":"","_jetpack_dont_email_post_to_subs":false,"_jetpack_newsletter_tier_id":0,"_jetpack_memberships_contains_paywalled_content":false,"_jetpack_memberships_contains_paid_content":false,"footnotes":"","jetpack_publicize_message":"","jetpack_publicize_feature_enabled":true,"jetpack_social_post_already_shared":true,"jetpack_social_options":{"image_generator_settings":{"template":"highway","default_image_id":0,"enabled":false},"version":2}},"categories":[10781,44,6937],"tags":[],"class_list":["post-64428","post","type-post","status-publish","format-standard","has-post-thumbnail","hentry","category-granada","category-noticias-de-hoy","category-sociedad"],"jetpack_publicize_connections":[],"jetpack_featured_media_url":"https:\/\/i0.wp.com\/miradordeatarfe.es\/wp-content\/uploads\/2023\/10\/circe-maia-40f7ac1d-c9f1-436b-a99d-1b13f6df27e-resize-750.jpeg?fit=728%2C450&ssl=1","jetpack_likes_enabled":true,"jetpack_sharing_enabled":true,"_links":{"self":[{"href":"https:\/\/miradordeatarfe.es\/index.php?rest_route=\/wp\/v2\/posts\/64428","targetHints":{"allow":["GET"]}}],"collection":[{"href":"https:\/\/miradordeatarfe.es\/index.php?rest_route=\/wp\/v2\/posts"}],"about":[{"href":"https:\/\/miradordeatarfe.es\/index.php?rest_route=\/wp\/v2\/types\/post"}],"author":[{"embeddable":true,"href":"https:\/\/miradordeatarfe.es\/index.php?rest_route=\/wp\/v2\/users\/1"}],"replies":[{"embeddable":true,"href":"https:\/\/miradordeatarfe.es\/index.php?rest_route=%2Fwp%2Fv2%2Fcomments&post=64428"}],"version-history":[{"count":2,"href":"https:\/\/miradordeatarfe.es\/index.php?rest_route=\/wp\/v2\/posts\/64428\/revisions"}],"predecessor-version":[{"id":64431,"href":"https:\/\/miradordeatarfe.es\/index.php?rest_route=\/wp\/v2\/posts\/64428\/revisions\/64431"}],"wp:featuredmedia":[{"embeddable":true,"href":"https:\/\/miradordeatarfe.es\/index.php?rest_route=\/wp\/v2\/media\/64429"}],"wp:attachment":[{"href":"https:\/\/miradordeatarfe.es\/index.php?rest_route=%2Fwp%2Fv2%2Fmedia&parent=64428"}],"wp:term":[{"taxonomy":"category","embeddable":true,"href":"https:\/\/miradordeatarfe.es\/index.php?rest_route=%2Fwp%2Fv2%2Fcategories&post=64428"},{"taxonomy":"post_tag","embeddable":true,"href":"https:\/\/miradordeatarfe.es\/index.php?rest_route=%2Fwp%2Fv2%2Ftags&post=64428"}],"curies":[{"name":"wp","href":"https:\/\/api.w.org\/{rel}","templated":true}]}}