{"id":64432,"date":"2023-10-27T11:00:29","date_gmt":"2023-10-27T09:00:29","guid":{"rendered":"https:\/\/miradordeatarfe.es\/?p=64432"},"modified":"2023-10-27T11:07:27","modified_gmt":"2023-10-27T09:07:27","slug":"atarfe-protagonizara-una-de-las-etapas-del-ix-rallye-ciudad-de-granada","status":"publish","type":"post","link":"https:\/\/miradordeatarfe.es\/?p=64432","title":{"rendered":"Atarfe protagonizar\u00e1 una de las etapas del IX Rallye Ciudad de Granada"},"content":{"rendered":"<div class=\"x11i5rnm xat24cr x1mh8g0r x1vvkbs xtlvy1s x126k92a\">\n<h3 dir=\"auto\">Nuestra Alcaldesa Yolanda Fern\u00e1ndez\u00a0 ha firmado el convenio de colaboraci\u00f3n\u00a0 con la organizaci\u00f3n del Rallye Ciudad de Granada , que ha elegido a Atarfe para la celebraci\u00f3n de uno de sus tramos m\u00e1s cruciales . En el anejo atarfe\u00f1o de Caparacena arrancar\u00e1 la prueba este s\u00e1bado 28 de octubre<\/h3>\n<\/div>\n<div class=\"x11i5rnm xat24cr x1mh8g0r x1vvkbs xtlvy1s x126k92a\">\n<div dir=\"auto\">El viernes al mediod\u00eda , en Caparacena, viviremos la etapa de calificaci\u00f3n . Este ser\u00e1 un momento en el que los pilotos demostrar\u00e1n su destreza\u00a0 y velocidad en la pista .<\/div>\n<\/div>\n<div class=\"x11i5rnm xat24cr x1mh8g0r x1vvkbs xtlvy1s x126k92a\">\n<div dir=\"auto\">Tanto Yolanda Fern\u00e1ndez\u00a0 como el Concejal de Deportes V\u00edctor Almohano , han expresado su firme apoyo\u00a0 a este tipo de competiciones de alto nivel , y el orgullo de Atarfe de ser anfitri\u00f3n de esta emocionante etapa del Rallye Ciudad de Granada .<\/div>\n<div dir=\"auto\">\n<p class=\"has-medium-font-size\">Atarfe, en concreto en Caparacena, se dar\u00e1 la salida al IX Rally Ciudad de Granada. En ese tramo de 3,7 kil\u00f3metros ser\u00e1 el shakedown, donde los pilotos prueban y chequean sus veh\u00edculos y a su vez el tramo de calificaci\u00f3n en el que se elige la posici\u00f3n de salida para la jornada del s\u00e1bado. El sorteo se realizar\u00e1 en Pinos Puente.<\/p>\n<p class=\"has-medium-font-size\">Para el mismo se han inscrito 17 pilotos, entre los que se encuentran los que est\u00e1n peleando por la Copa de Espa\u00f1a de Rallys de Tierra, a falta de la prueba de Pozoblanco. Entre ellos se encuentran Xabier Vidales, Juan Carlos Quintana o Joan Vinyes, primero, cuarto y quinto en la clasificaci\u00f3n provisional del CERT. Tambi\u00e9n tomar\u00e1n la salida pilotos de renombre como Nani Roma, Oriol G\u00f3mez, Mikko Heikkila o Juan Pablo Castro.<\/p>\n<p class=\"has-medium-font-size\">La alcaldesa de Atarfe, Yolanda Fern\u00e1ndez se\u00f1al\u00f3 que \u00abestamos muy ilusionados en esta prueba porque pone en valor nuestro municipio y nuestros anejos y en este caso Caparacena. Utilizaremos <a href=\"https:\/\/i0.wp.com\/miradordeatarfe.es\/wp-content\/uploads\/2023\/10\/OriolGomez_ProgramaCERT_23-1024x683-1.jpg?ssl=1\"><img data-recalc-dims=\"1\" loading=\"lazy\" decoding=\"async\" class=\"size-medium wp-image-64433 alignleft\" src=\"https:\/\/i0.wp.com\/miradordeatarfe.es\/wp-content\/uploads\/2023\/10\/OriolGomez_ProgramaCERT_23-1024x683-1.jpg?resize=300%2C200&#038;ssl=1\" alt=\"\" width=\"300\" height=\"200\" srcset=\"https:\/\/i0.wp.com\/miradordeatarfe.es\/wp-content\/uploads\/2023\/10\/OriolGomez_ProgramaCERT_23-1024x683-1.jpg?resize=300%2C200&amp;ssl=1 300w, https:\/\/i0.wp.com\/miradordeatarfe.es\/wp-content\/uploads\/2023\/10\/OriolGomez_ProgramaCERT_23-1024x683-1.jpg?resize=768%2C512&amp;ssl=1 768w, https:\/\/i0.wp.com\/miradordeatarfe.es\/wp-content\/uploads\/2023\/10\/OriolGomez_ProgramaCERT_23-1024x683-1.jpg?w=1024&amp;ssl=1 1024w\" sizes=\"auto, (max-width: 300px) 100vw, 300px\" \/><\/a>nuestras redes para que los vecinos participen de esta propuesta\u00bb. En el acto de la firma estuvo presente la alcaldesa, el concejal de deportes, V\u00edctor Almohano, y Arturo Pleguezuelos y Juan de Dios G\u00f3mez, por parte de la organizaci\u00f3n<\/p>\n<p>Oriol G\u00f3mez ha confirmado su participaci\u00f3n en el IX Rally Ciudad de Granada. Oriol G\u00f3mez gan\u00f3 el Desaf\u00edo Peugeot en 1992, teniendo como copiloto a Marc Mart\u00ed. G\u00f3mez logr\u00f3 en 1994 el Campeonato de Espa\u00f1a de rallys sobre asfalto con un Renault Clio Williams, tras lograr 7 victorias parciales y con 23 tramos ganados. Un a\u00f1o m\u00e1s tarde fue segundo tras Jes\u00fas Puras. Posteriormente compiti\u00f3 en el Mundial de Rallys.<\/p>\n<p>ambi\u00e9n ha confirmado su presencia en el rally el considerado ni\u00f1o prodigio del automovilismo espa\u00f1ol, el barcelon\u00e9s Gil Membrado que justo antes de la prueba, el d\u00eda 25, cumplir\u00e1 los 16 a\u00f1os. Con 13 a\u00f1os debut\u00f3 en el Campeonato de Europa de Rallies en Letonia, convirti\u00e9ndose en el piloto m\u00e1s joven en disputar un rally. Gil Membrado ya llevaba cinco a\u00f1os pilotando un coche de rallies. Su padre logr\u00f3 diez t\u00edtulos en el Campeonato de Catalu\u00f1a. Este a\u00f1o han dado el salto al Supercampeonato de Espa\u00f1a de Rallies, donde ya ha saboreado las mieles del triunfo.<\/p>\n<\/div>\n<\/div>\n<div class=\"x11i5rnm xat24cr x1mh8g0r x1vvkbs xtlvy1s x126k92a\">\n<div dir=\"auto\">Si eres aficionado al motor , no pierdas la oportunidad\u00a0 de disfrutar esta emocionante competici\u00f3n . \u00a1Te esperamos<\/div>\n<\/div>\n<div dir=\"auto\">\u00a0<\/div>\n<div dir=\"auto\"><a href=\"https:\/\/www.youtube.com\/shorts\/UrdhRkFC5zE\">https:\/\/www.youtube.com\/shorts\/UrdhRkFC5zE<\/a><\/div>\n","protected":false},"excerpt":{"rendered":"<p>Nuestra Alcaldesa Yolanda Fern\u00e1ndez\u00a0 ha firmado el convenio de colaboraci\u00f3n\u00a0 con la organizaci\u00f3n del Rallye&#8230;<\/p>\n","protected":false},"author":1,"featured_media":64436,"comment_status":"closed","ping_status":"closed","sticky":false,"template":"","format":"standard","meta":{"_coblocks_attr":"","_coblocks_dimensions":"","_coblocks_responsive_height":"","_coblocks_accordion_ie_support":"","jetpack_post_was_ever_published":false,"_jetpack_newsletter_access":"","_jetpack_dont_email_post_to_subs":false,"_jetpack_newsletter_tier_id":0,"_jetpack_memberships_contains_paywalled_content":false,"_jetpack_memberships_contains_paid_content":false,"footnotes":"","jetpack_publicize_message":"","jetpack_publicize_feature_enabled":true,"jetpack_social_post_already_shared":false,"jetpack_social_options":{"image_generator_settings":{"template":"highway","default_image_id":0,"enabled":false},"version":2}},"categories":[6916,10781,44],"tags":[],"class_list":["post-64432","post","type-post","status-publish","format-standard","has-post-thumbnail","hentry","category-ayuntamiento-de-atarfe","category-granada","category-noticias-de-hoy"],"jetpack_publicize_connections":[],"jetpack_featured_media_url":"https:\/\/i0.wp.com\/miradordeatarfe.es\/wp-content\/uploads\/2023\/10\/Screenshot-2023-10-26-at-13-42-29-Atarfe-se-estrenara-este-ano-en-el-Rally-Ciudad-de-Granada-donde-estaran-Oriol-Gomez-y-el-%E2%80%98nino-prodigio-Gil-Membrado.png?fit=909%2C454&ssl=1","jetpack_likes_enabled":true,"jetpack_sharing_enabled":true,"_links":{"self":[{"href":"https:\/\/miradordeatarfe.es\/index.php?rest_route=\/wp\/v2\/posts\/64432","targetHints":{"allow":["GET"]}}],"collection":[{"href":"https:\/\/miradordeatarfe.es\/index.php?rest_route=\/wp\/v2\/posts"}],"about":[{"href":"https:\/\/miradordeatarfe.es\/index.php?rest_route=\/wp\/v2\/types\/post"}],"author":[{"embeddable":true,"href":"https:\/\/miradordeatarfe.es\/index.php?rest_route=\/wp\/v2\/users\/1"}],"replies":[{"embeddable":true,"href":"https:\/\/miradordeatarfe.es\/index.php?rest_route=%2Fwp%2Fv2%2Fcomments&post=64432"}],"version-history":[{"count":1,"href":"https:\/\/miradordeatarfe.es\/index.php?rest_route=\/wp\/v2\/posts\/64432\/revisions"}],"predecessor-version":[{"id":64435,"href":"https:\/\/miradordeatarfe.es\/index.php?rest_route=\/wp\/v2\/posts\/64432\/revisions\/64435"}],"wp:featuredmedia":[{"embeddable":true,"href":"https:\/\/miradordeatarfe.es\/index.php?rest_route=\/wp\/v2\/media\/64436"}],"wp:attachment":[{"href":"https:\/\/miradordeatarfe.es\/index.php?rest_route=%2Fwp%2Fv2%2Fmedia&parent=64432"}],"wp:term":[{"taxonomy":"category","embeddable":true,"href":"https:\/\/miradordeatarfe.es\/index.php?rest_route=%2Fwp%2Fv2%2Fcategories&post=64432"},{"taxonomy":"post_tag","embeddable":true,"href":"https:\/\/miradordeatarfe.es\/index.php?rest_route=%2Fwp%2Fv2%2Ftags&post=64432"}],"curies":[{"name":"wp","href":"https:\/\/api.w.org\/{rel}","templated":true}]}}