{"id":64437,"date":"2023-10-27T08:24:28","date_gmt":"2023-10-27T06:24:28","guid":{"rendered":"https:\/\/miradordeatarfe.es\/?p=64437"},"modified":"2023-10-26T14:26:23","modified_gmt":"2023-10-26T12:26:23","slug":"comunicado-del-ayuntamiento-de-atarfe","status":"publish","type":"post","link":"https:\/\/miradordeatarfe.es\/?p=64437","title":{"rendered":"COMUNICADO DEL AYUNTAMIENTO DE ATARFE"},"content":{"rendered":"<div class=\"\" dir=\"auto\">\n<div id=\":rct:\" class=\"x1iorvi4 x1pi30zi x1l90r2v x1swvt13\" data-ad-comet-preview=\"message\" data-ad-preview=\"message\">\n<div class=\"x78zum5 xdt5ytf xz62fqu x16ldp7u\">\n<div class=\"xu06os2 x1ok221b\">\n<div class=\"xdj266r x11i5rnm xat24cr x1mh8g0r x1vvkbs x126k92a\">\n<h3 dir=\"auto\">COMUNICADO IMPORTANTE<\/h3>\n<\/div>\n<div class=\"x11i5rnm xat24cr x1mh8g0r x1vvkbs xtlvy1s x126k92a\">\n<div dir=\"auto\">\u00a0<\/div>\n<div dir=\"auto\">Nos dirigimos a vosotros para tratar un asunto relevante que ha afectado en las \u00faltimas horas, a vecinos y vecinas de Atarfe, y a personas llegadas desde fuera. Ayer, en el Centro Cultural Medina Elvira, con motivo de la actuaci\u00f3n que hab\u00eda programada, se produjo una situaci\u00f3n desafortunada y lamentable debido a la venta de un n\u00famero de entradas que exced\u00eda el aforo del auditorio.<\/div>\n<div dir=\"auto\">\u00a0<\/div>\n<div dir=\"auto\">En este sentido, deseamos aclarar los siguientes puntos:<\/div>\n<\/div>\n<div class=\"x11i5rnm xat24cr x1mh8g0r x1vvkbs xtlvy1s x126k92a\">\n<div dir=\"auto\">1.- Este evento no estaba organizado por el Ayuntamiento de Atarfe. El auditorio del Centro Cultural Medina Elvira fue alquilado a un promotor particular que gestion\u00f3 la actuaci\u00f3n.<\/div>\n<\/div>\n<div class=\"x11i5rnm xat24cr x1mh8g0r x1vvkbs xtlvy1s x126k92a\">\n<div dir=\"auto\">2.- La venta de entradas estuvo bajo la responsabilidad exclusiva del promotor del espect\u00e1culo. El Ayuntamiento no intervino en el proceso de venta.<\/div>\n<\/div>\n<div class=\"x11i5rnm xat24cr x1mh8g0r x1vvkbs xtlvy1s x126k92a\">\n<div dir=\"auto\">3.- El promotor vendi\u00f3 m\u00e1s entradas de las que permit\u00eda el aforo del auditorio.<\/div>\n<\/div>\n<div class=\"x11i5rnm xat24cr x1mh8g0r x1vvkbs xtlvy1s x126k92a\">\n<div dir=\"auto\">4.- Ante la situaci\u00f3n generada, los responsables municipales intentaron comunicarse con el promotor, no recibiendo respuesta del mismo.<\/div>\n<\/div>\n<div class=\"x11i5rnm xat24cr x1mh8g0r x1vvkbs xtlvy1s x126k92a\">\n<div dir=\"auto\">5.- El Ayuntamiento de Atarfe emprender\u00e1 acciones legales contra el promotor del evento por su conducta irresponsable y los hechos acaecidos.<\/div>\n<\/div>\n<div class=\"x11i5rnm xat24cr x1mh8g0r x1vvkbs xtlvy1s x126k92a\">\n<div dir=\"auto\">\u00a0<\/div>\n<div dir=\"auto\">A pesar de que la responsabilidad de este incidente no recae en el Ayuntamiento de Atarfe, queremos ofrecer nuestras m\u00e1s sinceras disculpas a todos los afectados por las molestias ocasionadas y por la situaci\u00f3n vivida en nuestro auditorio. Estamos comprometidos con la seguridad y la satisfacci\u00f3n de nuestros ciudadanos y ciudadanas, y trabajaremos para evitar que situaciones similares ocurran en el futuro.<\/div>\n<\/div>\n<div class=\"x11i5rnm xat24cr x1mh8g0r x1vvkbs xtlvy1s x126k92a\">\n<div dir=\"auto\">\u00a0<\/div>\n<div dir=\"auto\">Gracias por vuestra comprensi\u00f3n y apoyo.<\/div>\n<\/div>\n<\/div>\n<\/div>\n<\/div>\n<\/div>\n","protected":false},"excerpt":{"rendered":"<p>COMUNICADO IMPORTANTE \u00a0 Nos dirigimos a vosotros para tratar un asunto relevante que ha afectado&#8230;<\/p>\n","protected":false},"author":1,"featured_media":64438,"comment_status":"closed","ping_status":"closed","sticky":false,"template":"","format":"standard","meta":{"_coblocks_attr":"","_coblocks_dimensions":"","_coblocks_responsive_height":"","_coblocks_accordion_ie_support":"","jetpack_post_was_ever_published":false,"_jetpack_newsletter_access":"","_jetpack_dont_email_post_to_subs":false,"_jetpack_newsletter_tier_id":0,"_jetpack_memberships_contains_paywalled_content":false,"_jetpack_memberships_contains_paid_content":false,"footnotes":"","jetpack_publicize_message":"","jetpack_publicize_feature_enabled":true,"jetpack_social_post_already_shared":true,"jetpack_social_options":{"image_generator_settings":{"template":"highway","default_image_id":0,"enabled":false},"version":2}},"categories":[6916,44],"tags":[],"class_list":["post-64437","post","type-post","status-publish","format-standard","has-post-thumbnail","hentry","category-ayuntamiento-de-atarfe","category-noticias-de-hoy"],"jetpack_publicize_connections":[],"jetpack_featured_media_url":"https:\/\/i0.wp.com\/miradordeatarfe.es\/wp-content\/uploads\/2023\/10\/392926118_704705145040337_2485992065011701039_n.jpg?fit=526%2C526&ssl=1","jetpack_likes_enabled":true,"jetpack_sharing_enabled":true,"_links":{"self":[{"href":"https:\/\/miradordeatarfe.es\/index.php?rest_route=\/wp\/v2\/posts\/64437","targetHints":{"allow":["GET"]}}],"collection":[{"href":"https:\/\/miradordeatarfe.es\/index.php?rest_route=\/wp\/v2\/posts"}],"about":[{"href":"https:\/\/miradordeatarfe.es\/index.php?rest_route=\/wp\/v2\/types\/post"}],"author":[{"embeddable":true,"href":"https:\/\/miradordeatarfe.es\/index.php?rest_route=\/wp\/v2\/users\/1"}],"replies":[{"embeddable":true,"href":"https:\/\/miradordeatarfe.es\/index.php?rest_route=%2Fwp%2Fv2%2Fcomments&post=64437"}],"version-history":[{"count":1,"href":"https:\/\/miradordeatarfe.es\/index.php?rest_route=\/wp\/v2\/posts\/64437\/revisions"}],"predecessor-version":[{"id":64439,"href":"https:\/\/miradordeatarfe.es\/index.php?rest_route=\/wp\/v2\/posts\/64437\/revisions\/64439"}],"wp:featuredmedia":[{"embeddable":true,"href":"https:\/\/miradordeatarfe.es\/index.php?rest_route=\/wp\/v2\/media\/64438"}],"wp:attachment":[{"href":"https:\/\/miradordeatarfe.es\/index.php?rest_route=%2Fwp%2Fv2%2Fmedia&parent=64437"}],"wp:term":[{"taxonomy":"category","embeddable":true,"href":"https:\/\/miradordeatarfe.es\/index.php?rest_route=%2Fwp%2Fv2%2Fcategories&post=64437"},{"taxonomy":"post_tag","embeddable":true,"href":"https:\/\/miradordeatarfe.es\/index.php?rest_route=%2Fwp%2Fv2%2Ftags&post=64437"}],"curies":[{"name":"wp","href":"https:\/\/api.w.org\/{rel}","templated":true}]}}