{"id":6444,"date":"2016-02-05T09:43:13","date_gmt":"2016-02-05T09:43:13","guid":{"rendered":"http:\/\/miradordeatarfe.es\/?p=6444"},"modified":"2018-02-15T21:17:25","modified_gmt":"2018-02-15T20:17:25","slug":"atarfe-llega-el-fin-de-semana-y-celebramos-el-carnaval","status":"publish","type":"post","link":"https:\/\/miradordeatarfe.es\/?p=6444","title":{"rendered":"Atarfe: Llega el fin de semana y celebramos el carnaval."},"content":{"rendered":"<p>Este viernes es el pasacalles infantil. Participan los colegios SAFA, CEIP\u00a0 Jim\u00e9nez Rueda, CEIP Atalaya, CEIP Fernando de los R\u00edos y distintas guarder\u00edas.<\/p>\n<p><!--more--> Est\u00e1 previsto que al mediod\u00eda coincidan todos los alumnos en la calle y se den cita en la plaza del Ayuntamiento. El s\u00e1bado el carnaval se traslada al Centro Cultural Medina Elvira donde habr\u00e1 dos funciones con la participaci\u00f3n de sendas agrupaciones. Nos comentan que todav\u00eda hay entradas para las dos funciones (18:30 y 20:30) Precio:3 euros. Y el domingo, a partir de las 12:30 horas, se pone el broche al carnaval con el tradicional pasacalles para todo el p\u00fablico que saldr\u00e1 a las 12:30 horas del Centro Cultural Medina Elvira para recorrer las principales avenidas del municipio. Os invitamos a participar.<\/p>\n<p>Adem\u00e1s de las actividades que organiza el Ayuntamiento y los colegios con motivo del carnaval, el s\u00e1bado, tras las funciones de las agrupaciones en el Centro Cultural Medina Elvira, habr\u00e1 un <strong>concurso de disfraces en el antiguo cine<\/strong> que organiza Asematarfe Asociaci\u00f3n de Empresarios.<\/p>\n<p><a href=\"https:\/\/i0.wp.com\/miradordeatarfe.es\/wp-content\/uploads\/2016\/02\/12669565_1024272884303248_380334770590787590_n.jpg?ssl=1\" rel=\"attachment wp-att-6445\"><img data-recalc-dims=\"1\" loading=\"lazy\" decoding=\"async\" class=\"alignnone size-full wp-image-6445\" src=\"https:\/\/i0.wp.com\/miradordeatarfe.es\/wp-content\/uploads\/2016\/02\/12669565_1024272884303248_380334770590787590_n.jpg?resize=640%2C853&#038;ssl=1\" alt=\"12669565_1024272884303248_380334770590787590_n\" width=\"640\" height=\"853\" srcset=\"https:\/\/i0.wp.com\/miradordeatarfe.es\/wp-content\/uploads\/2016\/02\/12669565_1024272884303248_380334770590787590_n.jpg?w=720&amp;ssl=1 720w, https:\/\/i0.wp.com\/miradordeatarfe.es\/wp-content\/uploads\/2016\/02\/12669565_1024272884303248_380334770590787590_n.jpg?resize=225%2C300&amp;ssl=1 225w, https:\/\/i0.wp.com\/miradordeatarfe.es\/wp-content\/uploads\/2016\/02\/12669565_1024272884303248_380334770590787590_n.jpg?resize=600%2C800&amp;ssl=1 600w\" sizes=\"auto, (max-width: 640px) 100vw, 640px\" \/><\/a><\/p>\n","protected":false},"excerpt":{"rendered":"<p>Este viernes es el pasacalles infantil. Participan los colegios SAFA, CEIP\u00a0 Jim\u00e9nez Rueda, CEIP Atalaya,&#8230;<\/p>\n","protected":false},"author":1,"featured_media":6412,"comment_status":"closed","ping_status":"closed","sticky":false,"template":"","format":"standard","meta":{"_coblocks_attr":"","_coblocks_dimensions":"","_coblocks_responsive_height":"","_coblocks_accordion_ie_support":"","jetpack_post_was_ever_published":false,"_jetpack_newsletter_access":"","_jetpack_dont_email_post_to_subs":false,"_jetpack_newsletter_tier_id":0,"_jetpack_memberships_contains_paywalled_content":false,"_jetpack_memberships_contains_paid_content":false,"footnotes":"","jetpack_publicize_message":"","jetpack_publicize_feature_enabled":true,"jetpack_social_post_already_shared":false,"jetpack_social_options":{"image_generator_settings":{"template":"highway","default_image_id":0,"enabled":false},"version":2}},"categories":[2,187,1161,186,44,15],"tags":[81,2135],"class_list":["post-6444","post","type-post","status-publish","format-standard","has-post-thumbnail","hentry","category-atarfe","category-centros-educativos","category-ciudadania","category-instituciones","category-noticias-de-hoy","category-ultimas-noticias","tag-atarfe","tag-carnaval"],"jetpack_publicize_connections":[],"jetpack_featured_media_url":"https:\/\/i0.wp.com\/miradordeatarfe.es\/wp-content\/uploads\/2016\/02\/12642572_1018670758196794_2326688290291838093_n.jpg?fit=497%2C720&ssl=1","jetpack_likes_enabled":true,"jetpack_sharing_enabled":true,"_links":{"self":[{"href":"https:\/\/miradordeatarfe.es\/index.php?rest_route=\/wp\/v2\/posts\/6444","targetHints":{"allow":["GET"]}}],"collection":[{"href":"https:\/\/miradordeatarfe.es\/index.php?rest_route=\/wp\/v2\/posts"}],"about":[{"href":"https:\/\/miradordeatarfe.es\/index.php?rest_route=\/wp\/v2\/types\/post"}],"author":[{"embeddable":true,"href":"https:\/\/miradordeatarfe.es\/index.php?rest_route=\/wp\/v2\/users\/1"}],"replies":[{"embeddable":true,"href":"https:\/\/miradordeatarfe.es\/index.php?rest_route=%2Fwp%2Fv2%2Fcomments&post=6444"}],"version-history":[{"count":1,"href":"https:\/\/miradordeatarfe.es\/index.php?rest_route=\/wp\/v2\/posts\/6444\/revisions"}],"predecessor-version":[{"id":6446,"href":"https:\/\/miradordeatarfe.es\/index.php?rest_route=\/wp\/v2\/posts\/6444\/revisions\/6446"}],"wp:featuredmedia":[{"embeddable":true,"href":"https:\/\/miradordeatarfe.es\/index.php?rest_route=\/wp\/v2\/media\/6412"}],"wp:attachment":[{"href":"https:\/\/miradordeatarfe.es\/index.php?rest_route=%2Fwp%2Fv2%2Fmedia&parent=6444"}],"wp:term":[{"taxonomy":"category","embeddable":true,"href":"https:\/\/miradordeatarfe.es\/index.php?rest_route=%2Fwp%2Fv2%2Fcategories&post=6444"},{"taxonomy":"post_tag","embeddable":true,"href":"https:\/\/miradordeatarfe.es\/index.php?rest_route=%2Fwp%2Fv2%2Ftags&post=6444"}],"curies":[{"name":"wp","href":"https:\/\/api.w.org\/{rel}","templated":true}]}}