{"id":64441,"date":"2023-10-27T11:20:46","date_gmt":"2023-10-27T09:20:46","guid":{"rendered":"https:\/\/miradordeatarfe.es\/?p=64441"},"modified":"2023-10-27T12:21:05","modified_gmt":"2023-10-27T10:21:05","slug":"64441","status":"publish","type":"post","link":"https:\/\/miradordeatarfe.es\/?p=64441","title":{"rendered":"ATARFE: HOY SE CELEBRA LA XX CARRERA NOCTURNA"},"content":{"rendered":"<h3 style=\"text-align: justify;\"><span style=\"font-size: 12pt;\">El Club<span style=\"font-family: arial, helvetica, sans-serif;\"> de Atletismo y Monta\u00f1a de Atarfe organiza hoy d\u00eda 27 de Octubre de 2023 la \u201cXX Carrera Popular Nocturna de Atarfe\u201d, pudiendo participar toda aquella persona que tenga cumplidos 15 a\u00f1os en la <span style=\"color: #333333;\">fecha, sin distinci\u00f3n de condici\u00f3n, sexo o nacionalidad.<\/span>\u00a0<\/span><\/span><\/h3>\n<p style=\"text-align: justify;\"><span style=\"font-size: 12pt; font-family: arial, helvetica, sans-serif;\">La prueba tendr\u00e1 como lugar de salida y llegada el Coliseo Ciudad Atarfe y transcurrir\u00e1 por un circuito urbano aproximado de<b> 9.000 metros<\/b>, pretendiendo que sea una carrera abierta y participativa. El circuito estar\u00e1 completamente cerrado al tr\u00e1fico y los \u00fanicos veh\u00edculos que podr\u00e1n seguir la prueba ser\u00e1n los designados por la Organizaci\u00f3n<\/span><\/p>\n<p style=\"text-align: justify;\"><span style=\"font-size: 12pt; font-family: arial, helvetica, sans-serif;\">Dicha prueba se celebrar\u00e1 hoy <b>Viernes 27 de Octubre de 2023 a partir de las 22:00 hora<\/b>s. El tiempo m\u00e1ximo para la realizaci\u00f3n de la misma ser\u00e1 de 1 hora y 30 minutos, cerr\u00e1ndose la meta a las 23:30 horas. <\/span><\/p>\n<p style=\"text-align: justify;\"><span style=\"font-size: 12pt; font-family: arial, helvetica, sans-serif;\">Las inscripciones se realizaron hasta el viernes 20 de Octubre de 2023 a las 23:00h.Hay 600 participantes apuntados en la carrera seg\u00fan la Concejal\u00eda de Deportes de Atarfe. La cuota de la inscripci\u00f3n de cada participante ha sido de 10 Euros. <\/span><\/p>\n<p style=\"text-align: justify;\"><span style=\"font-size: 12pt; font-family: arial, helvetica, sans-serif;\">Los dorsales y bolsa de los correderas y corredores se han podido recoger en el Centro Cultural Medina Elvira los d\u00edas 25 y 26 de Octubre en horario de 16.30 horas a 20.30 horas y el mismo d\u00eda 27 desde las 18:00 horas hasta las 21.00 horas en el Coliseo Ciudad de Atarfe. <\/span><\/p>\n<p style=\"text-align: justify;\"><span style=\"font-size: 12pt; font-family: arial, helvetica, sans-serif;\">Todos los participantes inscritos est\u00e1n cubiertos por una P\u00f3liza de Seguros de responsabilidad civil y accidentes que cubrir\u00e1 los accidentes que se produzcan como consecuencia directa del desarrollo y nunca como causa de un padecimiento, tara latente, imprudencia, negligencia, inobservancia de las leyes; ni los producidos en los desplazamientos al y desde el lugar en que se desarrolle la prueba. La Organizaci\u00f3n no se hace responsable de los da\u00f1os que pudieran causar o causarse los atletas participantes por imprudencias o negligencias de estos. <\/span><\/p>\n<p><a href=\"https:\/\/i0.wp.com\/miradordeatarfe.es\/wp-content\/uploads\/2023\/10\/Ij54yGu.jpg?ssl=1\"><img data-recalc-dims=\"1\" loading=\"lazy\" decoding=\"async\" class=\"alignnone wp-image-64443 size-full\" src=\"https:\/\/i0.wp.com\/miradordeatarfe.es\/wp-content\/uploads\/2023\/10\/Ij54yGu.jpg?resize=640%2C905&#038;ssl=1\" alt=\"\" width=\"640\" height=\"905\" srcset=\"https:\/\/i0.wp.com\/miradordeatarfe.es\/wp-content\/uploads\/2023\/10\/Ij54yGu.jpg?w=750&amp;ssl=1 750w, https:\/\/i0.wp.com\/miradordeatarfe.es\/wp-content\/uploads\/2023\/10\/Ij54yGu.jpg?resize=212%2C300&amp;ssl=1 212w, https:\/\/i0.wp.com\/miradordeatarfe.es\/wp-content\/uploads\/2023\/10\/Ij54yGu.jpg?resize=724%2C1024&amp;ssl=1 724w\" sizes=\"auto, (max-width: 640px) 100vw, 640px\" \/><\/a><\/p>\n","protected":false},"excerpt":{"rendered":"<p>El Club de Atletismo y Monta\u00f1a de Atarfe organiza hoy d\u00eda 27 de Octubre de&#8230;<\/p>\n","protected":false},"author":1,"featured_media":64446,"comment_status":"closed","ping_status":"closed","sticky":false,"template":"","format":"standard","meta":{"_coblocks_attr":"","_coblocks_dimensions":"","_coblocks_responsive_height":"","_coblocks_accordion_ie_support":"","jetpack_post_was_ever_published":false,"_jetpack_newsletter_access":"","_jetpack_dont_email_post_to_subs":false,"_jetpack_newsletter_tier_id":0,"_jetpack_memberships_contains_paywalled_content":false,"_jetpack_memberships_contains_paid_content":false,"footnotes":"","jetpack_publicize_message":"","jetpack_publicize_feature_enabled":true,"jetpack_social_post_already_shared":true,"jetpack_social_options":{"image_generator_settings":{"template":"highway","default_image_id":0,"enabled":false},"version":2}},"categories":[182,186,44],"tags":[],"class_list":["post-64441","post","type-post","status-publish","format-standard","has-post-thumbnail","hentry","category-deportes","category-instituciones","category-noticias-de-hoy"],"jetpack_publicize_connections":[],"jetpack_featured_media_url":"https:\/\/i0.wp.com\/miradordeatarfe.es\/wp-content\/uploads\/2023\/10\/Ij54yGu-2.jpg?fit=745%2C567&ssl=1","jetpack_likes_enabled":true,"jetpack_sharing_enabled":true,"_links":{"self":[{"href":"https:\/\/miradordeatarfe.es\/index.php?rest_route=\/wp\/v2\/posts\/64441","targetHints":{"allow":["GET"]}}],"collection":[{"href":"https:\/\/miradordeatarfe.es\/index.php?rest_route=\/wp\/v2\/posts"}],"about":[{"href":"https:\/\/miradordeatarfe.es\/index.php?rest_route=\/wp\/v2\/types\/post"}],"author":[{"embeddable":true,"href":"https:\/\/miradordeatarfe.es\/index.php?rest_route=\/wp\/v2\/users\/1"}],"replies":[{"embeddable":true,"href":"https:\/\/miradordeatarfe.es\/index.php?rest_route=%2Fwp%2Fv2%2Fcomments&post=64441"}],"version-history":[{"count":4,"href":"https:\/\/miradordeatarfe.es\/index.php?rest_route=\/wp\/v2\/posts\/64441\/revisions"}],"predecessor-version":[{"id":64453,"href":"https:\/\/miradordeatarfe.es\/index.php?rest_route=\/wp\/v2\/posts\/64441\/revisions\/64453"}],"wp:featuredmedia":[{"embeddable":true,"href":"https:\/\/miradordeatarfe.es\/index.php?rest_route=\/wp\/v2\/media\/64446"}],"wp:attachment":[{"href":"https:\/\/miradordeatarfe.es\/index.php?rest_route=%2Fwp%2Fv2%2Fmedia&parent=64441"}],"wp:term":[{"taxonomy":"category","embeddable":true,"href":"https:\/\/miradordeatarfe.es\/index.php?rest_route=%2Fwp%2Fv2%2Fcategories&post=64441"},{"taxonomy":"post_tag","embeddable":true,"href":"https:\/\/miradordeatarfe.es\/index.php?rest_route=%2Fwp%2Fv2%2Ftags&post=64441"}],"curies":[{"name":"wp","href":"https:\/\/api.w.org\/{rel}","templated":true}]}}