{"id":64447,"date":"2023-10-30T11:30:25","date_gmt":"2023-10-30T10:30:25","guid":{"rendered":"https:\/\/miradordeatarfe.es\/?p=64447"},"modified":"2023-10-27T11:31:53","modified_gmt":"2023-10-27T09:31:53","slug":"preparate-para-el-apocalipsis-zombie-en-atarfe","status":"publish","type":"post","link":"https:\/\/miradordeatarfe.es\/?p=64447","title":{"rendered":"\u00a1Prep\u00e1rate para el Apocalipsis Zombie en Atarfe!"},"content":{"rendered":"<div class=\"xdj266r x11i5rnm xat24cr x1mh8g0r x1vvkbs x126k92a\">\n<h3 dir=\"auto\" style=\"text-align: justify;\">\u00a0\u00bfEres capaz de sobrevivir a un Apocalipsis Zombie?\u00a0<\/h3>\n<\/div>\n<div class=\"x11i5rnm xat24cr x1mh8g0r x1vvkbs xtlvy1s x126k92a\" style=\"text-align: justify;\">\n<div dir=\"auto\">La concejal\u00eda de Juventud organiza la \u00abI Supervivencia Zombie Atarfe 2023\u00bb con motivo de la celebraci\u00f3n de Halloween. Esta actividad est\u00e1 dirigida prioritariamente a la poblaci\u00f3n joven de Atarfe con edades comprendidas entre los 14 y 35 a\u00f1os.\u00a0<\/div>\n<\/div>\n<div class=\"x11i5rnm xat24cr x1mh8g0r x1vvkbs xtlvy1s x126k92a\" style=\"text-align: justify;\">\n<h3 dir=\"auto\">Viviremos al Apocalipsis Zombie el d\u00eda 4 de Noviembre, desde las 23:00 hasta las 5:00 de la madrugada. Ser\u00e1 una experiencia \u00fanica. \u00a1Las primeras 300 inscripciones son GRATUITAS!\u00a0<\/h3>\n<p>Un <b>apocalipsis zombi<\/b> es un escenario particular de la ficci\u00f3n apocal\u00edptica, que habitualmente se produce dentro de un entorno de ciencia ficci\u00f3n o terror. En un apocalipsis zombi, se produce una invasi\u00f3n masiva de zombis, es decir, de cad\u00e1veres reanimados tambi\u00e9n conocidos como <i>muertos vivientes<\/i>. Este levantamiento, para poder recibir el tratamiento de apocalipsis, debe de ser global. El trasfondo literario de un apocalipsis zombi es usualmente que la civilizaci\u00f3n es inherentemente fr\u00e1gil al toparse con amenazas realmente sin precedentes y que la mayor\u00eda de las personas dejan de lado el \u00abbien com\u00fan\u00bb cuando lo que est\u00e1 en juego es su propia supervivencia.\u200b La narraci\u00f3n de un apocalipsis zombi contiene fuertes conexiones con el turbulento panorama social de Estados Unidos en los a\u00f1os 60 cuando la pel\u00edcula precursora del g\u00e9nero, el largometraje <i>La noche de los muertos vivientes<\/i>, fue estrenada.\u200b Muchas personas creen que el g\u00e9nero de zombis permite a la gente enfrentarse a su propia ansiedad sobre el fin del mundo.\u200b De hecho el colapso de la sociedad como resultado de una infestaci\u00f3n de zombis ha sido presentado en un sinn\u00famero de productos relacionados con los zombis (pel\u00edculas, videojuegos) desde <i>La noche de los muertos vivientes<\/i>. <sup id=\"cite_ref-Paffenroth_9-0\" class=\"reference separada\"><\/sup> Kim Paffrenroth sostiene que \u00abm\u00e1s que cualquier otro monstruo, los zombis son total y completamente apocal\u00edpticos&#8230; son la se\u00f1al del fin del mundo tal y como lo conocemos<\/p>\n<\/div>\n<div class=\"x11i5rnm xat24cr x1mh8g0r x1vvkbs xtlvy1s x126k92a\" style=\"text-align: justify;\">\n<div dir=\"auto\">La participaci\u00f3n puede ser individual o grupal. Inscr\u00edbete, llevando tu DNI, en el Centro Cultural Medina Elvira hasta el d\u00eda 2 de Noviembre o hasta completar plazas. Prep\u00e1rate para una noche llena de emoci\u00f3n y acci\u00f3n. \u00a1Te necesitamos para salvarnos de los zombies!\u00a0<\/div>\n<\/div>\n<div class=\"x11i5rnm xat24cr x1mh8g0r x1vvkbs xtlvy1s x126k92a\" style=\"text-align: justify;\">\n<div dir=\"auto\">\n<p>En caso de no cumplir requisitos, te apuntaremos en un listado de reserva por s\u00ed quedan plazas o bien puedes comprar tu entrada en <a class=\"x1i10hfl xjbqb8w x6umtig x1b1mbwd xaqea5y xav7gou x9f619 x1ypdohk xt0psk2 xe8uvvx xdj266r x11i5rnm xat24cr x1mh8g0r xexx8yu x4uap5 x18d9i69 xkhd6sd x16tdsg8 x1hl2dhg xggy1nq x1a2a7pz xt0b8zv x1fey0fg\" tabindex=\"0\" role=\"link\" href=\"http:\/\/wwww.apocalisis2012.com\/?fbclid=IwAR38a_yY8W3t2e8AJ6EdKTaMS01kubnSBLnhfUpT7nUuAviCk10XrV0NYwI\" target=\"_blank\" rel=\"nofollow noopener noreferrer\">wwww.apocalisis2012.com\u00a0<\/a>\u00a0 o directamente el mismo d\u00eda del evento desde las 18.30 horas en el Espacio Joven de Atarfe, siempre que queden plazas.<\/p>\n<\/div>\n<\/div>\n<div class=\"x11i5rnm xat24cr x1mh8g0r x1vvkbs xtlvy1s x126k92a\">\n<div dir=\"auto\" style=\"text-align: justify;\">\u00a1No te lo puedes perder!\u00a0<\/div>\n<h1 dir=\"auto\" style=\"text-align: justify;\"><a href=\"https:\/\/youtube.com\/shorts\/Bf31c5sf_To?feature=shared\">https:\/\/youtube.com\/shorts\/Bf31c5sf_To?feature=shared<\/a><\/h1>\n<\/div>\n","protected":false},"excerpt":{"rendered":"<p>\u00a0\u00bfEres capaz de sobrevivir a un Apocalipsis Zombie?\u00a0 La concejal\u00eda de Juventud organiza la \u00abI&#8230;<\/p>\n","protected":false},"author":1,"featured_media":64448,"comment_status":"closed","ping_status":"closed","sticky":false,"template":"","format":"standard","meta":{"_coblocks_attr":"","_coblocks_dimensions":"","_coblocks_responsive_height":"","_coblocks_accordion_ie_support":"","jetpack_post_was_ever_published":false,"_jetpack_newsletter_access":"","_jetpack_dont_email_post_to_subs":false,"_jetpack_newsletter_tier_id":0,"_jetpack_memberships_contains_paywalled_content":false,"_jetpack_memberships_contains_paid_content":false,"footnotes":"","jetpack_publicize_message":"","jetpack_publicize_feature_enabled":true,"jetpack_social_post_already_shared":true,"jetpack_social_options":{"image_generator_settings":{"template":"highway","default_image_id":0,"enabled":false},"version":2}},"categories":[6916,44],"tags":[10785],"class_list":["post-64447","post","type-post","status-publish","format-standard","has-post-thumbnail","hentry","category-ayuntamiento-de-atarfe","category-noticias-de-hoy","tag-apocalipsis-zombie"],"jetpack_publicize_connections":[],"jetpack_featured_media_url":"https:\/\/i0.wp.com\/miradordeatarfe.es\/wp-content\/uploads\/2023\/10\/Screenshot-2023-10-27-at-10-47-32-20-Facebook.png?fit=499%2C338&ssl=1","jetpack_likes_enabled":true,"jetpack_sharing_enabled":true,"_links":{"self":[{"href":"https:\/\/miradordeatarfe.es\/index.php?rest_route=\/wp\/v2\/posts\/64447","targetHints":{"allow":["GET"]}}],"collection":[{"href":"https:\/\/miradordeatarfe.es\/index.php?rest_route=\/wp\/v2\/posts"}],"about":[{"href":"https:\/\/miradordeatarfe.es\/index.php?rest_route=\/wp\/v2\/types\/post"}],"author":[{"embeddable":true,"href":"https:\/\/miradordeatarfe.es\/index.php?rest_route=\/wp\/v2\/users\/1"}],"replies":[{"embeddable":true,"href":"https:\/\/miradordeatarfe.es\/index.php?rest_route=%2Fwp%2Fv2%2Fcomments&post=64447"}],"version-history":[{"count":4,"href":"https:\/\/miradordeatarfe.es\/index.php?rest_route=\/wp\/v2\/posts\/64447\/revisions"}],"predecessor-version":[{"id":64452,"href":"https:\/\/miradordeatarfe.es\/index.php?rest_route=\/wp\/v2\/posts\/64447\/revisions\/64452"}],"wp:featuredmedia":[{"embeddable":true,"href":"https:\/\/miradordeatarfe.es\/index.php?rest_route=\/wp\/v2\/media\/64448"}],"wp:attachment":[{"href":"https:\/\/miradordeatarfe.es\/index.php?rest_route=%2Fwp%2Fv2%2Fmedia&parent=64447"}],"wp:term":[{"taxonomy":"category","embeddable":true,"href":"https:\/\/miradordeatarfe.es\/index.php?rest_route=%2Fwp%2Fv2%2Fcategories&post=64447"},{"taxonomy":"post_tag","embeddable":true,"href":"https:\/\/miradordeatarfe.es\/index.php?rest_route=%2Fwp%2Fv2%2Ftags&post=64447"}],"curies":[{"name":"wp","href":"https:\/\/api.w.org\/{rel}","templated":true}]}}